{"id":79039,"date":"2018-07-26T15:33:12","date_gmt":"2018-07-26T18:33:12","guid":{"rendered":"http:\/\/www.hoymercedes.com.ar\/principal\/?p=79039"},"modified":"2018-07-26T14:15:11","modified_gmt":"2018-07-26T17:15:11","slug":"grandes-artistas-en-pena-solidaria-por-la-casa-de-la-memoria-en-club-quilmes","status":"publish","type":"post","link":"https:\/\/www.hoymercedes.com.ar\/principal\/2018\/07\/26\/grandes-artistas-en-pena-solidaria-por-la-casa-de-la-memoria-en-club-quilmes\/","title":{"rendered":"Grandes artistas en pe\u00f1a solidaria por la \u201cCasa de la Memoria\u201d en Club Quilmes"},"content":{"rendered":"<p>Este s\u00e1bado se llevar\u00e1 a cabo una nueva pe\u00f1a solidaria. En esta ocasi\u00f3n ser\u00e1 una hermosa propuesta familiar y cultural junto a gran cantidad de artistas que actuar\u00e1n en apoyo a la Comisi\u00f3n Municipal por la Memoria. Ser\u00e1 desde las 20.00hs en el sal\u00f3n del Club Quilmes ubicado en calle 12 esquina 15.<\/p>\n<p>Ser\u00e1 una nueva fiesta familiar, con la generosidad que se inscribe en cada una de estas propuestas, resaltaron desde la organizaci\u00f3n. La Direcci\u00f3n de Cultura, Amigos Pe\u00f1eros y la Casa de la Memor\u00eda son parte de la convocatoria a todos los vecinos para que juntos \u201cvivamos una hermosa noche de colaboraci\u00f3n y solidaridad\u201d<\/p>\n<p>Grandes artistas, todos ellos sin cobrar, porque entienden se trata de un apoyo muy valioso a la Comisi\u00f3n que desde hace muchos a\u00f1os viene trabajando desinteresadamente por el cuidado de la historia y la memoria de nuestra ciudad.<br \/>\nLos L\u00f3pez Heredia, Amarylis D\u00edaz y el Taller Municipal, Tito Sanguinetti, Ponce de Le\u00f3n, Gonzalo Jes\u00fas, Mat\u00edas Cirio, Zocco Larralde y el Ballet Municipal ser\u00e1n parte de un<br \/>\nnutrido escenario.<\/p>\n<p>En la velada habr\u00e1 servicio de cantina y un bono contribuci\u00f3n de $50.<\/p>\n","protected":false},"excerpt":{"rendered":"<p>Este s\u00e1bado se llevar\u00e1 a cabo una nueva pe\u00f1a solidaria. En esta ocasi\u00f3n ser\u00e1 una hermosa propuesta familiar y cultural &#8230; <a title=\"Grandes artistas en pe\u00f1a solidaria por la \u201cCasa de la Memoria\u201d en Club Quilmes\" class=\"read-more\" href=\"https:\/\/www.hoymercedes.com.ar\/principal\/2018\/07\/26\/grandes-artistas-en-pena-solidaria-por-la-casa-de-la-memoria-en-club-quilmes\/\" aria-label=\"Leer m\u00e1s sobre Grandes artistas en pe\u00f1a solidaria por la \u201cCasa de la Memoria\u201d en Club Quilmes\">Leer m\u00e1s<\/a><\/p>\n","protected":false},"author":1,"featured_media":63730,"comment_status":"closed","ping_status":"open","sticky":false,"template":"","format":"standard","meta":{"_monsterinsights_skip_tracking":false,"_monsterinsights_sitenote_active":false,"_monsterinsights_sitenote_note":"","_monsterinsights_sitenote_category":0,"jetpack_post_was_ever_published":false,"_jetpack_newsletter_access":"","_jetpack_dont_email_post_to_subs":false,"_jetpack_newsletter_tier_id":0,"_jetpack_memberships_contains_paywalled_content":false,"_jetpack_memberships_contains_paid_content":false,"footnotes":"","jetpack_publicize_message":"","jetpack_publicize_feature_enabled":true,"jetpack_social_post_already_shared":true,"jetpack_social_options":{"image_generator_settings":{"template":"highway","default_image_id":0,"font":"","enabled":false},"version":2},"_wpas_customize_per_network":false},"categories":[30],"tags":[13513,10138],"class_list":["post-79039","post","type-post","status-publish","format-standard","has-post-thumbnail","hentry","category-municipio","tag-casa-de-la-memoria","tag-pena-solidaria","generate-columns","tablet-grid-50","mobile-grid-100","grid-parent","grid-50"],"jetpack_publicize_connections":[],"jetpack_featured_media_url":"https:\/\/www.hoymercedes.com.ar\/principal\/wp-content\/uploads\/2017\/06\/12-trocha-Pe\u00f1aSabado3.jpg","wps_subtitle":"Apoyo y solidaridad","jetpack_sharing_enabled":true,"jetpack-related-posts":[{"id":79139,"url":"https:\/\/www.hoymercedes.com.ar\/principal\/2018\/07\/29\/se-realizo-pena-solidaria-por-la-casa-de-la-memoria\/","url_meta":{"origin":79039,"position":0},"title":"Se realiz\u00f3 pe\u00f1a solidaria por la Casa de la Memoria","author":"hoymercedes","date":"29 julio, 2018","format":false,"excerpt":"\u00a0 La pe\u00f1a solidaria por la Casa de la Memoria se realiz\u00f3 con una gran cantidad de asistentes en el Club Quilmes. Grandes artistas sobre el escenario, cantina y la lluvia que no pudo detener la alegr\u00eda y la gran pista de baile que se arm\u00f3. \u201cFue una gran fiesta\u2026","rel":"","context":"En \u00abCultura\u00bb","block_context":{"text":"Cultura","link":"https:\/\/www.hoymercedes.com.ar\/principal\/category\/cultura\/"},"img":{"alt_text":"","src":"https:\/\/i0.wp.com\/www.hoymercedes.com.ar\/principal\/wp-content\/uploads\/2018\/07\/pa%C3%B1a-14.jpeg?resize=350%2C200&ssl=1","width":350,"height":200,"srcset":"https:\/\/i0.wp.com\/www.hoymercedes.com.ar\/principal\/wp-content\/uploads\/2018\/07\/pa%C3%B1a-14.jpeg?resize=350%2C200&ssl=1 1x, https:\/\/i0.wp.com\/www.hoymercedes.com.ar\/principal\/wp-content\/uploads\/2018\/07\/pa%C3%B1a-14.jpeg?resize=525%2C300&ssl=1 1.5x, https:\/\/i0.wp.com\/www.hoymercedes.com.ar\/principal\/wp-content\/uploads\/2018\/07\/pa%C3%B1a-14.jpeg?resize=700%2C400&ssl=1 2x, https:\/\/i0.wp.com\/www.hoymercedes.com.ar\/principal\/wp-content\/uploads\/2018\/07\/pa%C3%B1a-14.jpeg?resize=1050%2C600&ssl=1 3x"},"classes":[]},{"id":80748,"url":"https:\/\/www.hoymercedes.com.ar\/principal\/2018\/09\/06\/habra-una-pena-solidaria-a-beneficio-de-caidim-y-bomberos\/","url_meta":{"origin":79039,"position":1},"title":"Habr\u00e1 una pe\u00f1a solidaria a beneficio de CAIDIM y Bomberos","author":"hoymercedes","date":"6 septiembre, 2018","format":false,"excerpt":"El pr\u00f3ximo domingo 9 de septiembre se llevar\u00e1 adelante una nueva pe\u00f1a solidaria. En esta oportunidad, los beneficiados son el taller protegido CAIDIM y los Bomberos Voluntarios. Desde el mediod\u00eda ser\u00e1 en el predio a cielo abierto del Mart\u00edn Rodr\u00edguez. El costo de entrada es de $50. Habr\u00e1 varios artistas\u2026","rel":"","context":"En \u00abCultura\u00bb","block_context":{"text":"Cultura","link":"https:\/\/www.hoymercedes.com.ar\/principal\/category\/cultura\/"},"img":{"alt_text":"","src":"https:\/\/i0.wp.com\/www.hoymercedes.com.ar\/principal\/wp-content\/uploads\/2018\/09\/06-pe%C3%B1a-caidim-bom.jpg?resize=350%2C200&ssl=1","width":350,"height":200,"srcset":"https:\/\/i0.wp.com\/www.hoymercedes.com.ar\/principal\/wp-content\/uploads\/2018\/09\/06-pe%C3%B1a-caidim-bom.jpg?resize=350%2C200&ssl=1 1x, https:\/\/i0.wp.com\/www.hoymercedes.com.ar\/principal\/wp-content\/uploads\/2018\/09\/06-pe%C3%B1a-caidim-bom.jpg?resize=525%2C300&ssl=1 1.5x, https:\/\/i0.wp.com\/www.hoymercedes.com.ar\/principal\/wp-content\/uploads\/2018\/09\/06-pe%C3%B1a-caidim-bom.jpg?resize=700%2C400&ssl=1 2x"},"classes":[]},{"id":90001,"url":"https:\/\/www.hoymercedes.com.ar\/principal\/2019\/03\/25\/habra-una-pena-solidaria-para-los-veteranos-de-malvinas\/","url_meta":{"origin":79039,"position":2},"title":"Habr\u00e1 una pe\u00f1a solidaria para los Veteranos de Malvinas","author":"hoymercedes","date":"25 marzo, 2019","format":false,"excerpt":"La noche previa al D\u00eda del Veterano de la guerra en Islas Malvinas, se estar\u00e1 realizando una pe\u00f1a solidaria para los Veteranos. El objetivo es aportar a la mano de obra para construcci\u00f3n de la \u201cCasa del Veterano\u201d. En conjunto con los \u201cAmigos Pe\u00f1eros\u201d y la Municipalidad de Mercedes, en\u2026","rel":"","context":"En \u00abSociedad\u00bb","block_context":{"text":"Sociedad","link":"https:\/\/www.hoymercedes.com.ar\/principal\/category\/sociedad\/"},"img":{"alt_text":"","src":"https:\/\/i0.wp.com\/www.hoymercedes.com.ar\/principal\/wp-content\/uploads\/2019\/03\/23-malvinas-pe%C3%B1eros.jpg?resize=350%2C200&ssl=1","width":350,"height":200,"srcset":"https:\/\/i0.wp.com\/www.hoymercedes.com.ar\/principal\/wp-content\/uploads\/2019\/03\/23-malvinas-pe%C3%B1eros.jpg?resize=350%2C200&ssl=1 1x, https:\/\/i0.wp.com\/www.hoymercedes.com.ar\/principal\/wp-content\/uploads\/2019\/03\/23-malvinas-pe%C3%B1eros.jpg?resize=525%2C300&ssl=1 1.5x, https:\/\/i0.wp.com\/www.hoymercedes.com.ar\/principal\/wp-content\/uploads\/2019\/03\/23-malvinas-pe%C3%B1eros.jpg?resize=700%2C400&ssl=1 2x"},"classes":[]},{"id":66286,"url":"https:\/\/www.hoymercedes.com.ar\/principal\/2017\/08\/22\/se-viene-pena-solidaria-a-beneficio-de-c-a-i-d-i-m-y-c-e-f-no-40\/","url_meta":{"origin":79039,"position":3},"title":"Se viene pe\u00f1a solidaria a beneficio de C.A.I.D.I.M. Y C.E.F. N\u00ba 40","author":"hoymercedes","date":"22 agosto, 2017","format":false,"excerpt":"El evento se desarrollar\u00e1 el s\u00e1bado 26 a partir de las 20:30 hs. en el Polideportivo de Mercedes. Talentosos artistas se sumaron y ya se encuentran confirmados. El valor de la entrada es de 30 pesos. El s\u00e1bado 26 de agosto se realizar\u00e1 una gran Pe\u00f1a Solidaria en las instalaciones\u2026","rel":"","context":"En \u00abCultura\u00bb","block_context":{"text":"Cultura","link":"https:\/\/www.hoymercedes.com.ar\/principal\/category\/cultura\/"},"img":{"alt_text":"","src":"https:\/\/i0.wp.com\/www.hoymercedes.com.ar\/principal\/wp-content\/uploads\/2017\/08\/22-Pe%C3%B1a-solidaria.jpg?resize=350%2C200&ssl=1","width":350,"height":200,"srcset":"https:\/\/i0.wp.com\/www.hoymercedes.com.ar\/principal\/wp-content\/uploads\/2017\/08\/22-Pe%C3%B1a-solidaria.jpg?resize=350%2C200&ssl=1 1x, https:\/\/i0.wp.com\/www.hoymercedes.com.ar\/principal\/wp-content\/uploads\/2017\/08\/22-Pe%C3%B1a-solidaria.jpg?resize=525%2C300&ssl=1 1.5x"},"classes":[]},{"id":79657,"url":"https:\/\/www.hoymercedes.com.ar\/principal\/2018\/08\/11\/grandes-artistas-se-suman-a-la-cena-solidaria-de-todos-x-bomberos\/","url_meta":{"origin":79039,"position":4},"title":"Grandes artistas se suman a la cena solidaria de \u201cTodos X Bomberos\u201d","author":"hoymercedes","date":"11 agosto, 2018","format":false,"excerpt":"El pr\u00f3ximo 18 de agosto se realizar\u00e1 una cena solidaria para nuestros bomberos. Grandes artistas estar\u00e1n sobre el escenario. La esperanza est\u00e1 puesta en lograr que 1000 vecinos sean parte. Tras un nuevo encuentro con el jefe comunal Juan Ignacio Ustarroz y recibir apoyo a trav\u00e9s de un cheque con\u2026","rel":"","context":"En \u00abSociedad\u00bb","block_context":{"text":"Sociedad","link":"https:\/\/www.hoymercedes.com.ar\/principal\/category\/sociedad\/"},"img":{"alt_text":"","src":"https:\/\/i0.wp.com\/www.hoymercedes.com.ar\/principal\/wp-content\/uploads\/2018\/07\/TodosXBomberos-2.jpg?resize=350%2C200&ssl=1","width":350,"height":200,"srcset":"https:\/\/i0.wp.com\/www.hoymercedes.com.ar\/principal\/wp-content\/uploads\/2018\/07\/TodosXBomberos-2.jpg?resize=350%2C200&ssl=1 1x, https:\/\/i0.wp.com\/www.hoymercedes.com.ar\/principal\/wp-content\/uploads\/2018\/07\/TodosXBomberos-2.jpg?resize=525%2C300&ssl=1 1.5x, https:\/\/i0.wp.com\/www.hoymercedes.com.ar\/principal\/wp-content\/uploads\/2018\/07\/TodosXBomberos-2.jpg?resize=700%2C400&ssl=1 2x, https:\/\/i0.wp.com\/www.hoymercedes.com.ar\/principal\/wp-content\/uploads\/2018\/07\/TodosXBomberos-2.jpg?resize=1050%2C600&ssl=1 3x"},"classes":[]},{"id":75719,"url":"https:\/\/www.hoymercedes.com.ar\/principal\/2018\/05\/13\/noche-de-pena-en-el-club-quilmes\/","url_meta":{"origin":79039,"position":5},"title":"Noche de Pe\u00f1a en el Club Quilmes","author":"hoymercedes","date":"13 mayo, 2018","format":false,"excerpt":"Los Amigos Pe\u00f1eros y la Direcci\u00f3n de Cultura realiz\u00f3 la tercera pe\u00f1a del a\u00f1o el s\u00e1bado pasado. En esta oportunidad, el Club Quilmes fue el escenario elegido. Actuaron Enlazando Sue\u00f1os, Virginia Altube, Los Hermanos Krenz, Revoluci\u00f3n Folklore, y Jana Banegas. El 9 de junio, habr\u00e1 una nueva fecha. Los Amigos\u2026","rel":"","context":"En \u00abCultura\u00bb","block_context":{"text":"Cultura","link":"https:\/\/www.hoymercedes.com.ar\/principal\/category\/cultura\/"},"img":{"alt_text":"","src":"https:\/\/i0.wp.com\/www.hoymercedes.com.ar\/principal\/wp-content\/uploads\/2018\/05\/14-pe%C3%B1a-quilmes.jpg?resize=350%2C200&ssl=1","width":350,"height":200,"srcset":"https:\/\/i0.wp.com\/www.hoymercedes.com.ar\/principal\/wp-content\/uploads\/2018\/05\/14-pe%C3%B1a-quilmes.jpg?resize=350%2C200&ssl=1 1x, https:\/\/i0.wp.com\/www.hoymercedes.com.ar\/principal\/wp-content\/uploads\/2018\/05\/14-pe%C3%B1a-quilmes.jpg?resize=525%2C300&ssl=1 1.5x, https:\/\/i0.wp.com\/www.hoymercedes.com.ar\/principal\/wp-content\/uploads\/2018\/05\/14-pe%C3%B1a-quilmes.jpg?resize=700%2C400&ssl=1 2x"},"classes":[]}],"_links":{"self":[{"href":"https:\/\/www.hoymercedes.com.ar\/principal\/wp-json\/wp\/v2\/posts\/79039","targetHints":{"allow":["GET"]}}],"collection":[{"href":"https:\/\/www.hoymercedes.com.ar\/principal\/wp-json\/wp\/v2\/posts"}],"about":[{"href":"https:\/\/www.hoymercedes.com.ar\/principal\/wp-json\/wp\/v2\/types\/post"}],"author":[{"embeddable":true,"href":"https:\/\/www.hoymercedes.com.ar\/principal\/wp-json\/wp\/v2\/users\/1"}],"replies":[{"embeddable":true,"href":"https:\/\/www.hoymercedes.com.ar\/principal\/wp-json\/wp\/v2\/comments?post=79039"}],"version-history":[{"count":0,"href":"https:\/\/www.hoymercedes.com.ar\/principal\/wp-json\/wp\/v2\/posts\/79039\/revisions"}],"wp:featuredmedia":[{"embeddable":true,"href":"https:\/\/www.hoymercedes.com.ar\/principal\/wp-json\/wp\/v2\/media\/63730"}],"wp:attachment":[{"href":"https:\/\/www.hoymercedes.com.ar\/principal\/wp-json\/wp\/v2\/media?parent=79039"}],"wp:term":[{"taxonomy":"category","embeddable":true,"href":"https:\/\/www.hoymercedes.com.ar\/principal\/wp-json\/wp\/v2\/categories?post=79039"},{"taxonomy":"post_tag","embeddable":true,"href":"https:\/\/www.hoymercedes.com.ar\/principal\/wp-json\/wp\/v2\/tags?post=79039"}],"curies":[{"name":"wp","href":"https:\/\/api.w.org\/{rel}","templated":true}]}}