{"id":79042,"date":"2018-07-26T19:00:13","date_gmt":"2018-07-26T22:00:13","guid":{"rendered":"http:\/\/www.hoymercedes.com.ar\/principal\/?p=79042"},"modified":"2018-07-26T16:09:14","modified_gmt":"2018-07-26T19:09:14","slug":"municipio-continua-con-bacheo-siendo-esta-etapa-en-hormigon","status":"publish","type":"post","link":"https:\/\/www.hoymercedes.com.ar\/principal\/2018\/07\/26\/municipio-continua-con-bacheo-siendo-esta-etapa-en-hormigon\/","title":{"rendered":"Municipio contin\u00faa con bacheo, siendo esta etapa en hormig\u00f3n"},"content":{"rendered":"<figure id=\"attachment_79043\" aria-describedby=\"caption-attachment-79043\" style=\"width: 620px\" class=\"wp-caption aligncenter\"><img loading=\"lazy\" decoding=\"async\" data-attachment-id=\"79043\" data-permalink=\"https:\/\/www.hoymercedes.com.ar\/principal\/2018\/07\/26\/municipio-continua-con-bacheo-siendo-esta-etapa-en-hormigon\/bacheo-4\/#main\" data-orig-file=\"https:\/\/www.hoymercedes.com.ar\/principal\/wp-content\/uploads\/2018\/07\/bacheo-4.jpg\" data-orig-size=\"984,654\" data-comments-opened=\"0\" data-image-meta=\"{&quot;aperture&quot;:&quot;0&quot;,&quot;credit&quot;:&quot;&quot;,&quot;camera&quot;:&quot;&quot;,&quot;caption&quot;:&quot;&quot;,&quot;created_timestamp&quot;:&quot;0&quot;,&quot;copyright&quot;:&quot;&quot;,&quot;focal_length&quot;:&quot;0&quot;,&quot;iso&quot;:&quot;0&quot;,&quot;shutter_speed&quot;:&quot;0&quot;,&quot;title&quot;:&quot;&quot;,&quot;orientation&quot;:&quot;0&quot;}\" data-image-title=\"bacheo-4\" data-image-description=\"\" data-image-caption=\"&lt;p&gt;Obras de bacheo&lt;\/p&gt;\n\" data-large-file=\"https:\/\/www.hoymercedes.com.ar\/principal\/wp-content\/uploads\/2018\/07\/bacheo-4.jpg\" class=\"size-medium wp-image-79043\" src=\"https:\/\/www.hoymercedes.com.ar\/principal\/wp-content\/uploads\/2018\/07\/bacheo-4-630x419.jpg\" alt=\"\" width=\"630\" height=\"419\" srcset=\"https:\/\/www.hoymercedes.com.ar\/principal\/wp-content\/uploads\/2018\/07\/bacheo-4-630x419.jpg 630w, https:\/\/www.hoymercedes.com.ar\/principal\/wp-content\/uploads\/2018\/07\/bacheo-4-150x100.jpg 150w, https:\/\/www.hoymercedes.com.ar\/principal\/wp-content\/uploads\/2018\/07\/bacheo-4.jpg 984w\" sizes=\"auto, (max-width: 630px) 100vw, 630px\" \/><figcaption id=\"caption-attachment-79043\" class=\"wp-caption-text\">Obras de bacheo<\/figcaption><\/figure>\n<p><strong>\u00a0<\/strong><\/p>\n<p>La Municipalidad de Mercedes contin\u00faa con el plan integral de pavimentaci\u00f3n y bacheo. Esta semana se reinici\u00f3 la tarea en t\u00e9rminos de bacheo en hormig\u00f3n. Se intervino ya en varios puntos donde se puede observar el pavimento \u201ctaladrado\u201d para luego pasar a su rotura y posterior relleno de cemento seg\u00fan cada espacio y necesidad.<\/p>\n<p>El ingeniero Lucas Nava, desde el \u00e1rea de Obras P\u00fablicas, coment\u00f3 que se ha planificado trabajar fuerte en distintas zonas, sabiendo que no es una tarea sencilla porque no todos requieren el mismo tratamiento.<\/p>\n<p>Por su parte, el Jefe de Gabinete, Mat\u00edas Dematei, narr\u00f3 que \u201cestamos trabajando en muchos puntos de la ciudad, con pavimento, bacheo, tosca, empedrado, zanjeo, obras h\u00eddricas y ac\u00e1 estamos con un tema sensible y avanzando en beneficio de los vecinos\u201d<\/p>\n<p>Ya se actu\u00f3 en 15 y 40, en 32 y 21, 19 y 28, 19 entre 34 y 36. Se supo tambi\u00e9n que se trabajar\u00e1 esta semana y la pr\u00f3xima en sitios como 29 y 20, 20 y 23, 40 entre 11 y 13, 40 entre 21 y 23, 20 entre 11 y 13, 5 y 18, 21 y 32, 25 y 36, 25 y 34, en calles 101, calle 14 y otras arterias en un gran mapa de acci\u00f3n que se tiene planificado, tanto en avenidas como en calles transversales.<\/p>\n<figure id=\"attachment_79044\" aria-describedby=\"caption-attachment-79044\" style=\"width: 620px\" class=\"wp-caption aligncenter\"><img loading=\"lazy\" decoding=\"async\" data-attachment-id=\"79044\" data-permalink=\"https:\/\/www.hoymercedes.com.ar\/principal\/2018\/07\/26\/municipio-continua-con-bacheo-siendo-esta-etapa-en-hormigon\/bacheobacheo-2\/#main\" data-orig-file=\"https:\/\/www.hoymercedes.com.ar\/principal\/wp-content\/uploads\/2018\/07\/bacheobacheo-2.jpg\" data-orig-size=\"730,394\" data-comments-opened=\"0\" data-image-meta=\"{&quot;aperture&quot;:&quot;0&quot;,&quot;credit&quot;:&quot;&quot;,&quot;camera&quot;:&quot;&quot;,&quot;caption&quot;:&quot;&quot;,&quot;created_timestamp&quot;:&quot;0&quot;,&quot;copyright&quot;:&quot;&quot;,&quot;focal_length&quot;:&quot;0&quot;,&quot;iso&quot;:&quot;0&quot;,&quot;shutter_speed&quot;:&quot;0&quot;,&quot;title&quot;:&quot;&quot;,&quot;orientation&quot;:&quot;0&quot;}\" data-image-title=\"bacheobacheo-2\" data-image-description=\"\" data-image-caption=\"&lt;p&gt;Taladro preparando el asfalto&lt;\/p&gt;\n\" data-large-file=\"https:\/\/www.hoymercedes.com.ar\/principal\/wp-content\/uploads\/2018\/07\/bacheobacheo-2.jpg\" class=\"size-medium wp-image-79044\" src=\"https:\/\/www.hoymercedes.com.ar\/principal\/wp-content\/uploads\/2018\/07\/bacheobacheo-2-630x340.jpg\" alt=\"\" width=\"630\" height=\"340\" srcset=\"https:\/\/www.hoymercedes.com.ar\/principal\/wp-content\/uploads\/2018\/07\/bacheobacheo-2-630x340.jpg 630w, https:\/\/www.hoymercedes.com.ar\/principal\/wp-content\/uploads\/2018\/07\/bacheobacheo-2-150x81.jpg 150w, https:\/\/www.hoymercedes.com.ar\/principal\/wp-content\/uploads\/2018\/07\/bacheobacheo-2.jpg 730w\" sizes=\"auto, (max-width: 630px) 100vw, 630px\" \/><figcaption id=\"caption-attachment-79044\" class=\"wp-caption-text\">Taladro preparando el asfalto<\/figcaption><\/figure>\n<p>El Jefe Comunal coment\u00f3 que \u201cestamos trabajando con un plan de obras amplio, con fondos propios por m\u00e1s de 70 millones de pesos, que va desde grandes obras, como la Casa Velatoria, el Centro de Diagn\u00f3stico o los Jardines Espacios Primera Infancia a intevenciones muy importantes tambi\u00e9n, como el mantenimiento de las calles y caminos\u201d, coment\u00f3.<\/p>\n<p>Vale recordar que la Comuna est\u00e1 trabajando fuerte en zanjeo, entoscado, empedrado, llegando esta semana a las 140 cuadras en el \u00faltimo mes con colocaci\u00f3n de piedras en barrios como San Justo, 3 de Octubre, Eva Duarte, San Mart\u00edn, Los \u00c1lamos, Lomas del Pac\u00edfico, Tedo, Jos\u00e9 Hern\u00e1ndez, Santa Teresita, 3 de Octubre, Facundo Quiroga, entre otros, a instancias de la sub secretar\u00eda de Servicios P\u00fablcios a cargo de Silvio Bertera.<\/p>\n<figure id=\"attachment_79045\" aria-describedby=\"caption-attachment-79045\" style=\"width: 620px\" class=\"wp-caption aligncenter\"><img loading=\"lazy\" decoding=\"async\" data-attachment-id=\"79045\" data-permalink=\"https:\/\/www.hoymercedes.com.ar\/principal\/2018\/07\/26\/municipio-continua-con-bacheo-siendo-esta-etapa-en-hormigon\/bacheobacheo-3\/#main\" data-orig-file=\"https:\/\/www.hoymercedes.com.ar\/principal\/wp-content\/uploads\/2018\/07\/bacheobacheo-3.jpg\" data-orig-size=\"730,485\" data-comments-opened=\"0\" data-image-meta=\"{&quot;aperture&quot;:&quot;0&quot;,&quot;credit&quot;:&quot;&quot;,&quot;camera&quot;:&quot;&quot;,&quot;caption&quot;:&quot;&quot;,&quot;created_timestamp&quot;:&quot;0&quot;,&quot;copyright&quot;:&quot;&quot;,&quot;focal_length&quot;:&quot;0&quot;,&quot;iso&quot;:&quot;0&quot;,&quot;shutter_speed&quot;:&quot;0&quot;,&quot;title&quot;:&quot;&quot;,&quot;orientation&quot;:&quot;0&quot;}\" data-image-title=\"bacheobacheo-3\" data-image-description=\"\" data-image-caption=\"&lt;p&gt;Trabajos en 15 y 40, segunda etapa&lt;\/p&gt;\n\" data-large-file=\"https:\/\/www.hoymercedes.com.ar\/principal\/wp-content\/uploads\/2018\/07\/bacheobacheo-3.jpg\" class=\"size-medium wp-image-79045\" src=\"https:\/\/www.hoymercedes.com.ar\/principal\/wp-content\/uploads\/2018\/07\/bacheobacheo-3-630x419.jpg\" alt=\"\" width=\"630\" height=\"419\" srcset=\"https:\/\/www.hoymercedes.com.ar\/principal\/wp-content\/uploads\/2018\/07\/bacheobacheo-3-630x419.jpg 630w, https:\/\/www.hoymercedes.com.ar\/principal\/wp-content\/uploads\/2018\/07\/bacheobacheo-3-150x100.jpg 150w, https:\/\/www.hoymercedes.com.ar\/principal\/wp-content\/uploads\/2018\/07\/bacheobacheo-3.jpg 730w\" sizes=\"auto, (max-width: 630px) 100vw, 630px\" \/><figcaption id=\"caption-attachment-79045\" class=\"wp-caption-text\">Trabajos en 15 y 40, segunda etapa<\/figcaption><\/figure>\n<p>&nbsp;<\/p>\n<p>Info: municipio<\/p>\n<p>&nbsp;<\/p>\n","protected":false},"excerpt":{"rendered":"<p>\u00a0 La Municipalidad de Mercedes contin\u00faa con el plan integral de pavimentaci\u00f3n y bacheo. Esta semana se reinici\u00f3 la tarea &#8230; <a title=\"Municipio contin\u00faa con bacheo, siendo esta etapa en hormig\u00f3n\" class=\"read-more\" href=\"https:\/\/www.hoymercedes.com.ar\/principal\/2018\/07\/26\/municipio-continua-con-bacheo-siendo-esta-etapa-en-hormigon\/\" aria-label=\"Leer m\u00e1s sobre Municipio contin\u00faa con bacheo, siendo esta etapa en hormig\u00f3n\">Leer m\u00e1s<\/a><\/p>\n","protected":false},"author":1,"featured_media":79043,"comment_status":"closed","ping_status":"open","sticky":false,"template":"","format":"standard","meta":{"_monsterinsights_skip_tracking":false,"_monsterinsights_sitenote_active":false,"_monsterinsights_sitenote_note":"","_monsterinsights_sitenote_category":0,"jetpack_post_was_ever_published":false,"_jetpack_newsletter_access":"","_jetpack_dont_email_post_to_subs":false,"_jetpack_newsletter_tier_id":0,"_jetpack_memberships_contains_paywalled_content":false,"_jetpack_memberships_contains_paid_content":false,"footnotes":"","jetpack_publicize_message":"","jetpack_publicize_feature_enabled":true,"jetpack_social_post_already_shared":true,"jetpack_social_options":{"image_generator_settings":{"template":"highway","default_image_id":0,"font":"","enabled":false},"version":2},"_wpas_customize_per_network":false},"categories":[30],"tags":[10279,585,10,197,244,8628],"class_list":["post-79042","post","type-post","status-publish","format-standard","has-post-thumbnail","hentry","category-municipio","tag-bacheo","tag-juan-ustarroz","tag-mercedes","tag-municipalidad-de-mercedes","tag-municipio-2","tag-servicios-publicos","generate-columns","tablet-grid-50","mobile-grid-100","grid-parent","grid-50"],"jetpack_publicize_connections":[],"jetpack_featured_media_url":"https:\/\/www.hoymercedes.com.ar\/principal\/wp-content\/uploads\/2018\/07\/bacheo-4.jpg","wps_subtitle":"Obras p\u00fablicas","jetpack_sharing_enabled":true,"jetpack-related-posts":[{"id":113618,"url":"https:\/\/www.hoymercedes.com.ar\/principal\/2020\/07\/15\/avanza-el-plan-de-bacheo-en-las-calles-de-la-ciudad\/","url_meta":{"origin":79042,"position":0},"title":"Avanza el plan de bacheo en las calles de la ciudad","author":"hoymercedes","date":"15 julio, 2020","format":false,"excerpt":"El Municipio de Mercedes contin\u00faa con el cronograma del plan integral de bacheo y recuperaci\u00f3n de pavimento. En esta oportunidad la maquinaria municipal se encuentra apostada en calle 47, entre 34 y 36. Se trata de obras profundas e integrales de hormig\u00f3n para tener arreglos de calidad, duraderos y con\u2026","rel":"","context":"En \u00abMunicipio\u00bb","block_context":{"text":"Municipio","link":"https:\/\/www.hoymercedes.com.ar\/principal\/category\/municipio\/"},"img":{"alt_text":"","src":"https:\/\/i0.wp.com\/www.hoymercedes.com.ar\/principal\/wp-content\/uploads\/2020\/07\/15-bacheo.jpg?resize=350%2C200&ssl=1","width":350,"height":200,"srcset":"https:\/\/i0.wp.com\/www.hoymercedes.com.ar\/principal\/wp-content\/uploads\/2020\/07\/15-bacheo.jpg?resize=350%2C200&ssl=1 1x, https:\/\/i0.wp.com\/www.hoymercedes.com.ar\/principal\/wp-content\/uploads\/2020\/07\/15-bacheo.jpg?resize=525%2C300&ssl=1 1.5x, https:\/\/i0.wp.com\/www.hoymercedes.com.ar\/principal\/wp-content\/uploads\/2020\/07\/15-bacheo.jpg?resize=700%2C400&ssl=1 2x"},"classes":[]},{"id":124961,"url":"https:\/\/www.hoymercedes.com.ar\/principal\/2021\/02\/17\/realizan-bacheo-y-pavimentacion-en-la-interseccion-de-15-y-42\/","url_meta":{"origin":79042,"position":1},"title":"Realizan bacheo y pavimentaci\u00f3n en la intersecci\u00f3n de 15 y 42","author":"hoymercedes","date":"17 febrero, 2021","format":false,"excerpt":"Informaci\u00f3n Municipal - La Municipalidad de Mercedes contin\u00faa brindando soluciones estructurales en la ciudad, en este caso, la maquinar\u00eda municipal se ver\u00e1 apostada en las calles 15 y 42, donde se realizar\u00e1n trabajos de repavimentaci\u00f3n, por lo que estar\u00e1 cerrada -por un tiempo- al tr\u00e1nsito. \u00a0 Estas obras son llevadas\u2026","rel":"","context":"En \u00abMunicipio\u00bb","block_context":{"text":"Municipio","link":"https:\/\/www.hoymercedes.com.ar\/principal\/category\/municipio\/"},"img":{"alt_text":"","src":"https:\/\/i0.wp.com\/www.hoymercedes.com.ar\/principal\/wp-content\/uploads\/2021\/02\/WhatsApp-Image-2021-02-17-at-14.12.36-1.jpeg?resize=350%2C200&ssl=1","width":350,"height":200,"srcset":"https:\/\/i0.wp.com\/www.hoymercedes.com.ar\/principal\/wp-content\/uploads\/2021\/02\/WhatsApp-Image-2021-02-17-at-14.12.36-1.jpeg?resize=350%2C200&ssl=1 1x, https:\/\/i0.wp.com\/www.hoymercedes.com.ar\/principal\/wp-content\/uploads\/2021\/02\/WhatsApp-Image-2021-02-17-at-14.12.36-1.jpeg?resize=525%2C300&ssl=1 1.5x, https:\/\/i0.wp.com\/www.hoymercedes.com.ar\/principal\/wp-content\/uploads\/2021\/02\/WhatsApp-Image-2021-02-17-at-14.12.36-1.jpeg?resize=700%2C400&ssl=1 2x"},"classes":[]},{"id":101876,"url":"https:\/\/www.hoymercedes.com.ar\/principal\/2019\/10\/29\/continua-el-plan-de-bacheo-toma-de-junta-y-reparacion-de-cordones\/","url_meta":{"origin":79042,"position":2},"title":"Contin\u00faa el plan de bacheo, toma de junta y reparaci\u00f3n de cordones","author":"hoymercedes","date":"29 octubre, 2019","format":false,"excerpt":"El plan integral de bacheo y tomado de junta que recupera y mejora las calles de nuestra ciudad prosigue de manera ininterrumpida por los barrios de Mercedes. Estas acciones se encuentran relacionadas de manera directa ya que prolonga la vida \u00fatil del hormig\u00f3n. Es as\u00ed como los trabajos se llevan\u2026","rel":"","context":"En \u00abMunicipio\u00bb","block_context":{"text":"Municipio","link":"https:\/\/www.hoymercedes.com.ar\/principal\/category\/municipio\/"},"img":{"alt_text":"","src":"https:\/\/i0.wp.com\/www.hoymercedes.com.ar\/principal\/wp-content\/uploads\/2019\/10\/bacheo-cordones-etc-1.jpeg?resize=350%2C200&ssl=1","width":350,"height":200,"srcset":"https:\/\/i0.wp.com\/www.hoymercedes.com.ar\/principal\/wp-content\/uploads\/2019\/10\/bacheo-cordones-etc-1.jpeg?resize=350%2C200&ssl=1 1x, https:\/\/i0.wp.com\/www.hoymercedes.com.ar\/principal\/wp-content\/uploads\/2019\/10\/bacheo-cordones-etc-1.jpeg?resize=525%2C300&ssl=1 1.5x, https:\/\/i0.wp.com\/www.hoymercedes.com.ar\/principal\/wp-content\/uploads\/2019\/10\/bacheo-cordones-etc-1.jpeg?resize=700%2C400&ssl=1 2x"},"classes":[]},{"id":114121,"url":"https:\/\/www.hoymercedes.com.ar\/principal\/2020\/07\/25\/continua-plan-de-bacheo-municipal\/","url_meta":{"origin":79042,"position":3},"title":"Contin\u00faa Plan de Bacheo Municipal","author":"hoymercedes","date":"25 julio, 2020","format":false,"excerpt":"El Municipio de Mercedes contin\u00faa con su plan de bacheo, una instancia para solucionar las problem\u00e1ticas en la cinta asf\u00e1ltica. Un plan que implement\u00f3 equipos de trabajadores comunales con los equipamientos necesarios para cada uno de los trabajos. El Sub Secretario de Obras p\u00fablicas, Miguel Brady explic\u00f3: \u201ceste es un\u2026","rel":"","context":"En \u00abMunicipio\u00bb","block_context":{"text":"Municipio","link":"https:\/\/www.hoymercedes.com.ar\/principal\/category\/municipio\/"},"img":{"alt_text":"","src":"https:\/\/i0.wp.com\/www.hoymercedes.com.ar\/principal\/wp-content\/uploads\/2020\/07\/DSC04498.jpg?resize=350%2C200&ssl=1","width":350,"height":200,"srcset":"https:\/\/i0.wp.com\/www.hoymercedes.com.ar\/principal\/wp-content\/uploads\/2020\/07\/DSC04498.jpg?resize=350%2C200&ssl=1 1x, https:\/\/i0.wp.com\/www.hoymercedes.com.ar\/principal\/wp-content\/uploads\/2020\/07\/DSC04498.jpg?resize=525%2C300&ssl=1 1.5x, https:\/\/i0.wp.com\/www.hoymercedes.com.ar\/principal\/wp-content\/uploads\/2020\/07\/DSC04498.jpg?resize=700%2C400&ssl=1 2x"},"classes":[]},{"id":129146,"url":"https:\/\/www.hoymercedes.com.ar\/principal\/2021\/04\/28\/trabajos-de-bacheo-en-las-12-y-21\/","url_meta":{"origin":79042,"position":4},"title":"Trabajos de bacheo en las 12 y 21","author":"hoymercedes","date":"28 abril, 2021","format":false,"excerpt":"En la intersecci\u00f3n de las calles 12 y 21 se est\u00e1 realizando trabajos de bacheo que beneficiar\u00e1 la zona de alta transitabilidad, y brindar\u00e1 mayor seguridad vial para los veh\u00edculos cirulante por dicha intersecci\u00f3n. En la esquina, las ca\u00f1er\u00edas de agua y cloaca rompieron el asfalto produciendo los baches. Luis\u2026","rel":"","context":"En \u00abMunicipio\u00bb","block_context":{"text":"Municipio","link":"https:\/\/www.hoymercedes.com.ar\/principal\/category\/municipio\/"},"img":{"alt_text":"","src":"https:\/\/i0.wp.com\/www.hoymercedes.com.ar\/principal\/wp-content\/uploads\/2021\/04\/Ez_XfGYXEAMktce.jpg?resize=350%2C200&ssl=1","width":350,"height":200,"srcset":"https:\/\/i0.wp.com\/www.hoymercedes.com.ar\/principal\/wp-content\/uploads\/2021\/04\/Ez_XfGYXEAMktce.jpg?resize=350%2C200&ssl=1 1x, https:\/\/i0.wp.com\/www.hoymercedes.com.ar\/principal\/wp-content\/uploads\/2021\/04\/Ez_XfGYXEAMktce.jpg?resize=525%2C300&ssl=1 1.5x, https:\/\/i0.wp.com\/www.hoymercedes.com.ar\/principal\/wp-content\/uploads\/2021\/04\/Ez_XfGYXEAMktce.jpg?resize=700%2C400&ssl=1 2x"},"classes":[]},{"id":134875,"url":"https:\/\/www.hoymercedes.com.ar\/principal\/2021\/08\/07\/repavimentan-calles-de-gowland\/","url_meta":{"origin":79042,"position":5},"title":"Repavimentan calles de Gowland","author":"hoymercedes","date":"7 agosto, 2021","format":false,"excerpt":"Desde el Municipio de Mercedes anunciaron obras de bacheo y repavimentaci\u00f3n en las calles de la localidad rural Gowland. Las obras se realizan en calle 505 y calle 506, zona de acceso y alta transitabilidad de veh\u00edculos pesados. \u201cAc\u00e1 se est\u00e1 realizando un trabajo casi de repavimentaci\u00f3n m\u00e1s que bacheo\u2026","rel":"","context":"En \u00abMunicipio\u00bb","block_context":{"text":"Municipio","link":"https:\/\/www.hoymercedes.com.ar\/principal\/category\/municipio\/"},"img":{"alt_text":"","src":"https:\/\/i0.wp.com\/www.hoymercedes.com.ar\/principal\/wp-content\/uploads\/2021\/08\/07-obras-gowland-1.jpg?resize=350%2C200&ssl=1","width":350,"height":200,"srcset":"https:\/\/i0.wp.com\/www.hoymercedes.com.ar\/principal\/wp-content\/uploads\/2021\/08\/07-obras-gowland-1.jpg?resize=350%2C200&ssl=1 1x, https:\/\/i0.wp.com\/www.hoymercedes.com.ar\/principal\/wp-content\/uploads\/2021\/08\/07-obras-gowland-1.jpg?resize=525%2C300&ssl=1 1.5x, https:\/\/i0.wp.com\/www.hoymercedes.com.ar\/principal\/wp-content\/uploads\/2021\/08\/07-obras-gowland-1.jpg?resize=700%2C400&ssl=1 2x, https:\/\/i0.wp.com\/www.hoymercedes.com.ar\/principal\/wp-content\/uploads\/2021\/08\/07-obras-gowland-1.jpg?resize=1050%2C600&ssl=1 3x"},"classes":[]}],"_links":{"self":[{"href":"https:\/\/www.hoymercedes.com.ar\/principal\/wp-json\/wp\/v2\/posts\/79042","targetHints":{"allow":["GET"]}}],"collection":[{"href":"https:\/\/www.hoymercedes.com.ar\/principal\/wp-json\/wp\/v2\/posts"}],"about":[{"href":"https:\/\/www.hoymercedes.com.ar\/principal\/wp-json\/wp\/v2\/types\/post"}],"author":[{"embeddable":true,"href":"https:\/\/www.hoymercedes.com.ar\/principal\/wp-json\/wp\/v2\/users\/1"}],"replies":[{"embeddable":true,"href":"https:\/\/www.hoymercedes.com.ar\/principal\/wp-json\/wp\/v2\/comments?post=79042"}],"version-history":[{"count":0,"href":"https:\/\/www.hoymercedes.com.ar\/principal\/wp-json\/wp\/v2\/posts\/79042\/revisions"}],"wp:featuredmedia":[{"embeddable":true,"href":"https:\/\/www.hoymercedes.com.ar\/principal\/wp-json\/wp\/v2\/media\/79043"}],"wp:attachment":[{"href":"https:\/\/www.hoymercedes.com.ar\/principal\/wp-json\/wp\/v2\/media?parent=79042"}],"wp:term":[{"taxonomy":"category","embeddable":true,"href":"https:\/\/www.hoymercedes.com.ar\/principal\/wp-json\/wp\/v2\/categories?post=79042"},{"taxonomy":"post_tag","embeddable":true,"href":"https:\/\/www.hoymercedes.com.ar\/principal\/wp-json\/wp\/v2\/tags?post=79042"}],"curies":[{"name":"wp","href":"https:\/\/api.w.org\/{rel}","templated":true}]}}