{"id":79052,"date":"2018-07-26T12:05:17","date_gmt":"2018-07-26T15:05:17","guid":{"rendered":"http:\/\/www.hoymercedes.com.ar\/principal\/?p=79052"},"modified":"2018-07-26T12:05:17","modified_gmt":"2018-07-26T15:05:17","slug":"abierta-la-inscripcion-de-aspirantes-al-listado-de-auxiliares-de-educacion","status":"publish","type":"post","link":"https:\/\/www.hoymercedes.com.ar\/principal\/2018\/07\/26\/abierta-la-inscripcion-de-aspirantes-al-listado-de-auxiliares-de-educacion\/","title":{"rendered":"Abierta la inscripci\u00f3n de aspirantes al listado de auxiliares de educaci\u00f3n"},"content":{"rendered":"<p>El Consejo Escolar de Mercedes, informa que a partir del 1\u00b0 de agosto de 2018 se habilitar\u00e1 en\u00a0el Portal ABC (www.abc.gob.ar) un link, en el cual todos los aspirantes a porteros y peones de\u00a0cocina podr\u00e1n acceder a la planilla de inscripci\u00f3n que deber\u00e1 completarse on-line y descargar el\u00a0comprobante para acompa\u00f1ar la documentaci\u00f3n a presentarse por el interesado en el Consejo Escolar durante el mes de septiembre. El listado se aspirantes ser\u00e1 el que rija para el 2019<\/p>\n<p>Desde la instituci\u00f3n informaron que \u00abaquellos aspirantes que se inscriban por primera vez deber\u00e1n concurrir al Consejo\u00a0Escolar, a fin\u00a0que el ingreso a la base de datos de la DGCyE se realice en el mismo consejo\u00bb.<\/p>\n<p>\u00abLos aspirantes que ya estuvieran inscriptos deber\u00e1n ingresar e inscribirse completando\u00a0\u00edntegramente sus datos personales y accediendo a la planilla de puntaje donde podr\u00e1n verificar si\u00a0se corresponden los \u00edtems consignados\u00bb, agregan.<\/p>\n<p>\u00abSi son correctos deber\u00e1n aceptar y si estuvieran incompletos o resultaren err\u00f3neos los rechazar\u00e1n. Al presentarse durante el mes de septiembre acompa\u00f1ar\u00e1n la documentaci\u00f3n\u00a0respaldatoria procediendo el Consejo Escolar a completar y\/o corregir los datos err\u00f3neos (siempre\u00a0con comprobante de inscripci\u00f3n on-line). Toda la documentaci\u00f3n se presentar\u00e1 en original y copia\u00bb.<\/p>\n<p>\u00abCabe destacar que el listado se llevar\u00e1 a cabo seg\u00fan los requisitos de la Ley 10430 y las\u00a0Resoluciones 233\/18 y 293\/18. Asimismo, dentro de los requisitos se solicitar\u00e1 el certificado de antecedentes penales por lo que se recomienda comenzar el tr\u00e1mite,. \u00c9ste se inicia de manera virtual en\u00a0www.dnrec.jus.gov.ar\u00bb.<\/p>\n<p>Ante cualquier consulta pueden consultar directamente en el Consejo Escolar de Mercedes ingresando por calle 6 al ex Instituto Mart\u00edn Rodr\u00edguez.<\/p>\n","protected":false},"excerpt":{"rendered":"<p>El Consejo Escolar de Mercedes, informa que a partir del 1\u00b0 de agosto de 2018 se habilitar\u00e1 en\u00a0el Portal ABC &#8230; <a title=\"Abierta la inscripci\u00f3n de aspirantes al listado de auxiliares de educaci\u00f3n\" class=\"read-more\" href=\"https:\/\/www.hoymercedes.com.ar\/principal\/2018\/07\/26\/abierta-la-inscripcion-de-aspirantes-al-listado-de-auxiliares-de-educacion\/\" aria-label=\"Leer m\u00e1s sobre Abierta la inscripci\u00f3n de aspirantes al listado de auxiliares de educaci\u00f3n\">Leer m\u00e1s<\/a><\/p>\n","protected":false},"author":1,"featured_media":73047,"comment_status":"closed","ping_status":"open","sticky":false,"template":"","format":"standard","meta":{"_monsterinsights_skip_tracking":false,"_monsterinsights_sitenote_active":false,"_monsterinsights_sitenote_note":"","_monsterinsights_sitenote_category":0,"jetpack_post_was_ever_published":false,"_jetpack_newsletter_access":"","_jetpack_dont_email_post_to_subs":false,"_jetpack_newsletter_tier_id":0,"_jetpack_memberships_contains_paywalled_content":false,"_jetpack_memberships_contains_paid_content":false,"footnotes":"","jetpack_publicize_message":"","jetpack_publicize_feature_enabled":true,"jetpack_social_post_already_shared":true,"jetpack_social_options":{"image_generator_settings":{"template":"highway","default_image_id":0,"font":"","enabled":false},"version":2},"_wpas_customize_per_network":false},"categories":[23],"tags":[13515,1317,47,8668,10,9507],"class_list":["post-79052","post","type-post","status-publish","format-standard","has-post-thumbnail","hentry","category-educacion","tag-auxiliar-de-cocina","tag-consejo-escolar","tag-educacion-2","tag-inscripcion","tag-mercedes","tag-porteros","generate-columns","tablet-grid-50","mobile-grid-100","grid-parent","grid-50"],"jetpack_publicize_connections":[],"jetpack_featured_media_url":"https:\/\/www.hoymercedes.com.ar\/principal\/wp-content\/uploads\/2018\/02\/28-portero.png","wps_subtitle":"Consejo Escolar informa","jetpack_sharing_enabled":true,"jetpack-related-posts":[{"id":53871,"url":"https:\/\/www.hoymercedes.com.ar\/principal\/2016\/08\/24\/consejo-escolar-designaciones-de-auxiliares\/","url_meta":{"origin":79052,"position":0},"title":"Consejo  Escolar: Designaciones de auxiliares","author":"hoymercedes","date":"24 agosto, 2016","format":false,"excerpt":"Desde el Consejo Escolar de Mercedes anunciaron que el venidero viernes 26 de agosto, 14:30 horas, se realizar\u00e1 el acto p\u00fablico para cubrir un cargo de auxiliar. Asimismo, recuerdan que del 1\u00ba al 30 de septiembre se har\u00e1 la inscripci\u00f3n para el listado de aspirantes a porteros y peones de\u2026","rel":"","context":"En \u00abCiudad\u00bb","block_context":{"text":"Ciudad","link":"https:\/\/www.hoymercedes.com.ar\/principal\/category\/ciudad\/"},"img":{"alt_text":"","src":"","width":0,"height":0},"classes":[]},{"id":66616,"url":"https:\/\/www.hoymercedes.com.ar\/principal\/2017\/08\/31\/inscriben-al-listado-para-porteros-y-peones-de-cocina-para-comedores-escolares\/","url_meta":{"origin":79052,"position":1},"title":"Inscriben al listado para porteros y peones de cocina para comedores escolares","author":"hoymercedes","date":"31 agosto, 2017","format":false,"excerpt":"El Consejo Escolar de Mercedes inform\u00f3 que el 1\u00b0 de septiembre iniciar\u00e1 la inscripci\u00f3n para el listado de aspirantes a porteros y peones de cocina. Hasta el\u00a029 de septiembre de 2017, los interesados deber\u00e1n presentarse en la oficinas del Consejo Escolar en\u00a0calle 6 N\u00b0 225 (entre 9 y 11) en\u2026","rel":"","context":"En \u00abCiudad\u00bb","block_context":{"text":"Ciudad","link":"https:\/\/www.hoymercedes.com.ar\/principal\/category\/ciudad\/"},"img":{"alt_text":"","src":"","width":0,"height":0},"classes":[]},{"id":61635,"url":"https:\/\/www.hoymercedes.com.ar\/principal\/2017\/04\/15\/consejo-escolar-designacion-de-personal-auxiliar\/","url_meta":{"origin":79052,"position":2},"title":"Consejo Escolar: Designaci\u00f3n de Personal Auxiliar","author":"hoymercedes","date":"15 abril, 2017","format":false,"excerpt":"El Consejo Escolar de Mercedes comunica a todos los aspirantes a Porteros y Peones de Cocina que el d\u00eda viernes 21 de abril, 14 horas, \u00a0se llevar\u00e1 a cabo el acto p\u00fablico para la cobertura de cargos del Agrupamiento Personal de Servicio en car\u00e1cter \u201ctemporario transitorio\u201d y los correspondientes movimientos\u00a0previos.\u2026","rel":"","context":"En \u00abCiudad\u00bb","block_context":{"text":"Ciudad","link":"https:\/\/www.hoymercedes.com.ar\/principal\/category\/ciudad\/"},"img":{"alt_text":"","src":"","width":0,"height":0},"classes":[]},{"id":88860,"url":"https:\/\/www.hoymercedes.com.ar\/principal\/2019\/03\/01\/consejo-escolar-designacion-de-personal-auxiliar-4\/","url_meta":{"origin":79052,"position":3},"title":"Consejo Escolar: Designaci\u00f3n de Personal Auxiliar","author":"hoymercedes","date":"1 marzo, 2019","format":false,"excerpt":"El venidero martes 12 de marzo, 14 horas, el Consejo Escolar de Mercedes estar\u00e1 realizando el correspondiente acto p\u00fablico para la cobertura de cinco cargos para personal auxiliar de educaci\u00f3n (porteros y peones de cocina). Los cargos son del Agrupamiento Personal de Servicio en car\u00e1cter \u201cTemporario Transitorio\" y los correspondientes\u2026","rel":"","context":"En \u00abEducaci\u00f3n\u00bb","block_context":{"text":"Educaci\u00f3n","link":"https:\/\/www.hoymercedes.com.ar\/principal\/category\/educacion\/"},"img":{"alt_text":"","src":"https:\/\/i0.wp.com\/www.hoymercedes.com.ar\/principal\/wp-content\/uploads\/2018\/02\/28-portero.png?resize=350%2C200&ssl=1","width":350,"height":200,"srcset":"https:\/\/i0.wp.com\/www.hoymercedes.com.ar\/principal\/wp-content\/uploads\/2018\/02\/28-portero.png?resize=350%2C200&ssl=1 1x, https:\/\/i0.wp.com\/www.hoymercedes.com.ar\/principal\/wp-content\/uploads\/2018\/02\/28-portero.png?resize=525%2C300&ssl=1 1.5x, https:\/\/i0.wp.com\/www.hoymercedes.com.ar\/principal\/wp-content\/uploads\/2018\/02\/28-portero.png?resize=700%2C400&ssl=1 2x"},"classes":[]},{"id":73040,"url":"https:\/\/www.hoymercedes.com.ar\/principal\/2018\/02\/28\/consejo-escolar-designacion-de-personal-auxiliar-2\/","url_meta":{"origin":79052,"position":4},"title":"Consejo Escolar: Designaci\u00f3n de Personal Auxiliar","author":"hoymercedes","date":"28 febrero, 2018","format":false,"excerpt":"El pr\u00f3ximo 6 de marzo habr\u00e1 acto p\u00fablico\u00a0 el personal de servicio en escuelas. Invitan a\u00a0 los aspirantes a Porteros y Peones de Cocina inscriptos a presentarse a partir de la hora 14 en el Consejo Escolar. El Consejo Escolar de Mercedes comunica a todos los aspirantes a Porteros y\u2026","rel":"","context":"En \u00abSociedad\u00bb","block_context":{"text":"Sociedad","link":"https:\/\/www.hoymercedes.com.ar\/principal\/category\/sociedad\/"},"img":{"alt_text":"","src":"https:\/\/i0.wp.com\/www.hoymercedes.com.ar\/principal\/wp-content\/uploads\/2018\/02\/28-portero.png?resize=350%2C200&ssl=1","width":350,"height":200,"srcset":"https:\/\/i0.wp.com\/www.hoymercedes.com.ar\/principal\/wp-content\/uploads\/2018\/02\/28-portero.png?resize=350%2C200&ssl=1 1x, https:\/\/i0.wp.com\/www.hoymercedes.com.ar\/principal\/wp-content\/uploads\/2018\/02\/28-portero.png?resize=525%2C300&ssl=1 1.5x, https:\/\/i0.wp.com\/www.hoymercedes.com.ar\/principal\/wp-content\/uploads\/2018\/02\/28-portero.png?resize=700%2C400&ssl=1 2x"},"classes":[]},{"id":75336,"url":"https:\/\/www.hoymercedes.com.ar\/principal\/2018\/05\/03\/consejo-escolar-designacion-de-personal-auxiliar-3\/","url_meta":{"origin":79052,"position":5},"title":"Consejo Escolar: Designaci\u00f3n de Personal Auxiliar","author":"hoymercedes","date":"3 mayo, 2018","format":false,"excerpt":"El Consejo Escolar de Mercedes comunica a todos los aspirantes a Porteros y Peones de Cocina que el d\u00eda mi\u00e9rcoles 9 de mayo, se llevar\u00e1 a cabo el acto p\u00fablico para la cobertura de cargos del agrupamiento personal de servicio en car\u00e1cter \u201ctemporario transitorio\u201d y los correspondientes movimientos previos. A\u2026","rel":"","context":"En \u00abEducaci\u00f3n\u00bb","block_context":{"text":"Educaci\u00f3n","link":"https:\/\/www.hoymercedes.com.ar\/principal\/category\/educacion\/"},"img":{"alt_text":"","src":"https:\/\/i0.wp.com\/www.hoymercedes.com.ar\/principal\/wp-content\/uploads\/2018\/02\/28-portero.png?resize=350%2C200&ssl=1","width":350,"height":200,"srcset":"https:\/\/i0.wp.com\/www.hoymercedes.com.ar\/principal\/wp-content\/uploads\/2018\/02\/28-portero.png?resize=350%2C200&ssl=1 1x, https:\/\/i0.wp.com\/www.hoymercedes.com.ar\/principal\/wp-content\/uploads\/2018\/02\/28-portero.png?resize=525%2C300&ssl=1 1.5x, https:\/\/i0.wp.com\/www.hoymercedes.com.ar\/principal\/wp-content\/uploads\/2018\/02\/28-portero.png?resize=700%2C400&ssl=1 2x"},"classes":[]}],"_links":{"self":[{"href":"https:\/\/www.hoymercedes.com.ar\/principal\/wp-json\/wp\/v2\/posts\/79052","targetHints":{"allow":["GET"]}}],"collection":[{"href":"https:\/\/www.hoymercedes.com.ar\/principal\/wp-json\/wp\/v2\/posts"}],"about":[{"href":"https:\/\/www.hoymercedes.com.ar\/principal\/wp-json\/wp\/v2\/types\/post"}],"author":[{"embeddable":true,"href":"https:\/\/www.hoymercedes.com.ar\/principal\/wp-json\/wp\/v2\/users\/1"}],"replies":[{"embeddable":true,"href":"https:\/\/www.hoymercedes.com.ar\/principal\/wp-json\/wp\/v2\/comments?post=79052"}],"version-history":[{"count":0,"href":"https:\/\/www.hoymercedes.com.ar\/principal\/wp-json\/wp\/v2\/posts\/79052\/revisions"}],"wp:featuredmedia":[{"embeddable":true,"href":"https:\/\/www.hoymercedes.com.ar\/principal\/wp-json\/wp\/v2\/media\/73047"}],"wp:attachment":[{"href":"https:\/\/www.hoymercedes.com.ar\/principal\/wp-json\/wp\/v2\/media?parent=79052"}],"wp:term":[{"taxonomy":"category","embeddable":true,"href":"https:\/\/www.hoymercedes.com.ar\/principal\/wp-json\/wp\/v2\/categories?post=79052"},{"taxonomy":"post_tag","embeddable":true,"href":"https:\/\/www.hoymercedes.com.ar\/principal\/wp-json\/wp\/v2\/tags?post=79052"}],"curies":[{"name":"wp","href":"https:\/\/api.w.org\/{rel}","templated":true}]}}