{"id":7907,"date":"2011-10-04T03:07:58","date_gmt":"2011-10-04T03:07:58","guid":{"rendered":"http:\/\/www.hoymercedes.com.ar\/principal\/?p=7907"},"modified":"2011-10-04T03:07:58","modified_gmt":"2011-10-04T03:07:58","slug":"se-llevara-a-cabo-un-desfile-a-beneficio","status":"publish","type":"post","link":"https:\/\/www.hoymercedes.com.ar\/principal\/2011\/10\/04\/se-llevara-a-cabo-un-desfile-a-beneficio\/","title":{"rendered":"Se llevar\u00e1 a cabo un desfile a beneficio"},"content":{"rendered":"<p>Se llevar\u00e1 a cabo el 9 de octubre a beneficio de Vamos Creciendo, la Escuela de Educaci\u00f3n Especial 503 y el Centro de Estimulaci\u00f3n Temprana para el Desarrollo de la Infancia<\/p>\n<p>El desfile que se realizar\u00e1 el domingo 9 de octubre en el Sal\u00f3n Indira a las 17:30 contar\u00e1 con la presencia de destacadas modelos y lo recaudado estar\u00e1 destinado a las instituciones mercedinas.<\/p>\n<p>Los organizadores del evento la dise\u00f1adora de indumentaria y textil Mar\u00eda Laura R\u00edssola de DISE\u00d1ANDO y el estilista Norberto \u201cBeto\u201d Bondanza destacaron la importancia del aporte solidario a trav\u00e9s de su trabajo y la coordinaci\u00f3n de esfuerzos en beneficio de instituciones que se preocupan por los chicos.<\/p>\n<p>&nbsp;<\/p>\n<p>\u201cConfiamos en que la gente nos apoye y venga a acompa\u00f1arnos. Lo recaudado estar\u00e1 destinado en esta oportunidad a: Vamos Creciendo, la Escuela de Educaci\u00f3n Especial 503 y el Centro de Estimulaci\u00f3n Temprana para el Desarrollo de la Infancia que funciona en el Hospital Blas Dubarry; quienes a trav\u00e9s de sus directivos y responsables de las cooperadoras se comprometieron a colaborar en la venta de las entradas\u201d; se\u00f1al\u00f3 Mar\u00eda Laura Rissola.<\/p>\n<p>En julio ya realizamos junto a Beto otro desfile y la idea es realizar uno por temporada, cont\u00f3 la dise\u00f1adora.<\/p>\n<p>Rissola realiza prendas para la mujer en DISE\u00d1ANDO y tambi\u00e9n desarrolla colecciones de temporada de chicos para una reconocida empresa local. Adem\u00e1s, de haber dise\u00f1ado estampas, coloridos y ropa de beb\u00e9s, chicos y mujeres para FALABELLA, OSH-KOSH ECO-COOK, REVER PASS, LA SUIZO INDUSTRIAL, GAROFALO, MIMO &amp; CO, entre otras.<\/p>\n<p>El costo de las entradas es de veinte pesos y pueden adquirirse en las instituciones o en el local de Dise\u00f1ando Calle 26 Nro. 241 o en el sal\u00f3n estilista de la Calle 45 entre 10 y 12.<\/p>\n<p>Para m\u00e1s informaci\u00f3n comunicarse con Mar\u00eda Laura R\u00edssola al 15 532318<\/p>\n","protected":false},"excerpt":{"rendered":"<p>Se llevar\u00e1 a cabo el 9 de octubre a beneficio de Vamos Creciendo, la Escuela de Educaci\u00f3n Especial 503 y &#8230; <a title=\"Se llevar\u00e1 a cabo un desfile a beneficio\" class=\"read-more\" href=\"https:\/\/www.hoymercedes.com.ar\/principal\/2011\/10\/04\/se-llevara-a-cabo-un-desfile-a-beneficio\/\" aria-label=\"Leer m\u00e1s sobre Se llevar\u00e1 a cabo un desfile a beneficio\">Leer m\u00e1s<\/a><\/p>\n","protected":false},"author":1,"featured_media":0,"comment_status":"open","ping_status":"open","sticky":false,"template":"","format":"standard","meta":{"_monsterinsights_skip_tracking":false,"_monsterinsights_sitenote_active":false,"_monsterinsights_sitenote_note":"","_monsterinsights_sitenote_category":0,"jetpack_post_was_ever_published":false,"_jetpack_newsletter_access":"","_jetpack_dont_email_post_to_subs":false,"_jetpack_newsletter_tier_id":0,"_jetpack_memberships_contains_paywalled_content":false,"_jetpack_memberships_contains_paid_content":false,"footnotes":"","jetpack_publicize_message":"","jetpack_publicize_feature_enabled":true,"jetpack_social_post_already_shared":false,"jetpack_social_options":{"image_generator_settings":{"template":"highway","default_image_id":0,"font":"","enabled":false},"version":2},"_wpas_customize_per_network":false},"categories":[8],"tags":[1394,1393],"class_list":["post-7907","post","type-post","status-publish","format-standard","hentry","category-sociedad","tag-beto-bondanza","tag-desfile-a-beneficio","generate-columns","tablet-grid-50","mobile-grid-100","grid-parent","grid-50"],"jetpack_publicize_connections":[],"jetpack_featured_media_url":"","wps_subtitle":"","jetpack_sharing_enabled":true,"_links":{"self":[{"href":"https:\/\/www.hoymercedes.com.ar\/principal\/wp-json\/wp\/v2\/posts\/7907","targetHints":{"allow":["GET"]}}],"collection":[{"href":"https:\/\/www.hoymercedes.com.ar\/principal\/wp-json\/wp\/v2\/posts"}],"about":[{"href":"https:\/\/www.hoymercedes.com.ar\/principal\/wp-json\/wp\/v2\/types\/post"}],"author":[{"embeddable":true,"href":"https:\/\/www.hoymercedes.com.ar\/principal\/wp-json\/wp\/v2\/users\/1"}],"replies":[{"embeddable":true,"href":"https:\/\/www.hoymercedes.com.ar\/principal\/wp-json\/wp\/v2\/comments?post=7907"}],"version-history":[{"count":0,"href":"https:\/\/www.hoymercedes.com.ar\/principal\/wp-json\/wp\/v2\/posts\/7907\/revisions"}],"wp:attachment":[{"href":"https:\/\/www.hoymercedes.com.ar\/principal\/wp-json\/wp\/v2\/media?parent=7907"}],"wp:term":[{"taxonomy":"category","embeddable":true,"href":"https:\/\/www.hoymercedes.com.ar\/principal\/wp-json\/wp\/v2\/categories?post=7907"},{"taxonomy":"post_tag","embeddable":true,"href":"https:\/\/www.hoymercedes.com.ar\/principal\/wp-json\/wp\/v2\/tags?post=7907"}],"curies":[{"name":"wp","href":"https:\/\/api.w.org\/{rel}","templated":true}]}}