{"id":79075,"date":"2018-07-27T08:33:11","date_gmt":"2018-07-27T11:33:11","guid":{"rendered":"http:\/\/www.hoymercedes.com.ar\/principal\/?p=79075"},"modified":"2018-07-26T20:36:10","modified_gmt":"2018-07-26T23:36:10","slug":"partido-fe-delia-quiere-implantar-el-terrorismo-politico","status":"publish","type":"post","link":"https:\/\/www.hoymercedes.com.ar\/principal\/2018\/07\/27\/partido-fe-delia-quiere-implantar-el-terrorismo-politico\/","title":{"rendered":"Partido FE: \u201cD\u2019El\u00eda quiere implantar el terrorismo pol\u00edtico\u201d"},"content":{"rendered":"<p>A trav\u00e9s de una declaraci\u00f3n emitida por el Partido FE de la Provincia de Buenos Aires que preside Jorge Pirotta, el espacio pol\u00edtico expresa \u201csu m\u00e1s en\u00e9rgico repudio a las declaraciones criminales del se\u00f1or Luis D\u2019El\u00eda, quien considera que se deber\u00eda fusilar al presidente Mauricio Macri en la Plaza de Mayo frente a todo el pueblo argentino, a quien de paso insult\u00f3 por haberlo elegido primer mandatario\u201d.<\/p>\n<p>\u201cSin duda alguna, esta escoria de dirigente representa las concepciones m\u00e1s retr\u00f3gradas, antidemocr\u00e1ticas y violentas de la pol\u00edtica. Sus declaraciones, as\u00ed como sus acciones, est\u00e1n siempre cargadas de odio y repugnancia hacia las instituciones democr\u00e1ticas. D\u2019El\u00eda quiere implantar el terrorismo pol\u00edtico en nuestro pa\u00eds\u201d, expresa el partido de origen justicialista que es parte del Frente Cambiemos.<\/p>\n<p>\u201cCreemos indispensable seguir trabajando sin descanso para la convivencia, la uni\u00f3n nacional y la b\u00fasqueda de consensos para la elaboraci\u00f3n de las grandes pol\u00edticas de estado que nuestro pa\u00eds necesita. Pero el requisito b\u00e1sico e ineludible para esa magna y trascendente tarea es el incondicional respeto por la institucionalidad y el funcionamiento democr\u00e1tico de la misma\u201d, agrega la comunicaci\u00f3n firmada por Pirotta, Cecilio Salazar y Pablo Ansaloni.<\/p>\n<p>\u201cConsideramos un deber insoslayable de toda la dirigencia pol\u00edtica expresar nuestro respaldo a la investidura presidencial y el rechazo definitivo al autoritarismo y a la violencia terrorista\u201d, concluyen los dirigentes que se encolumnaron detr\u00e1s del Momo Venegas cuando cre\u00f3 el Partido FE.<\/p>\n<p>&nbsp;<\/p>\n","protected":false},"excerpt":{"rendered":"<p>A trav\u00e9s de una declaraci\u00f3n emitida por el Partido FE de la Provincia de Buenos Aires que preside Jorge Pirotta, &#8230; <a title=\"Partido FE: \u201cD\u2019El\u00eda quiere implantar el terrorismo pol\u00edtico\u201d\" class=\"read-more\" href=\"https:\/\/www.hoymercedes.com.ar\/principal\/2018\/07\/27\/partido-fe-delia-quiere-implantar-el-terrorismo-politico\/\" aria-label=\"Leer m\u00e1s sobre Partido FE: \u201cD\u2019El\u00eda quiere implantar el terrorismo pol\u00edtico\u201d\">Leer m\u00e1s<\/a><\/p>\n","protected":false},"author":1,"featured_media":72388,"comment_status":"closed","ping_status":"open","sticky":false,"template":"","format":"standard","meta":{"_monsterinsights_skip_tracking":false,"_monsterinsights_sitenote_active":false,"_monsterinsights_sitenote_note":"","_monsterinsights_sitenote_category":0,"jetpack_post_was_ever_published":false,"_jetpack_newsletter_access":"","_jetpack_dont_email_post_to_subs":false,"_jetpack_newsletter_tier_id":0,"_jetpack_memberships_contains_paywalled_content":false,"_jetpack_memberships_contains_paid_content":false,"footnotes":"","jetpack_publicize_message":"","jetpack_publicize_feature_enabled":true,"jetpack_social_post_already_shared":true,"jetpack_social_options":{"image_generator_settings":{"template":"highway","default_image_id":0,"font":"","enabled":false},"version":2},"_wpas_customize_per_network":false},"categories":[5210],"tags":[8055,5997,6497,5319],"class_list":["post-79075","post","type-post","status-publish","format-standard","has-post-thumbnail","hentry","category-politica-nacional","tag-cambiemos","tag-jorge-pirotta","tag-partido-fe","tag-politica-2","generate-columns","tablet-grid-50","mobile-grid-100","grid-parent","grid-50"],"jetpack_publicize_connections":[],"jetpack_featured_media_url":"https:\/\/www.hoymercedes.com.ar\/principal\/wp-content\/uploads\/2018\/02\/10-jorge-pirotta.jpg","wps_subtitle":"Comunicaci\u00f3n del partido","jetpack_sharing_enabled":true,"_links":{"self":[{"href":"https:\/\/www.hoymercedes.com.ar\/principal\/wp-json\/wp\/v2\/posts\/79075","targetHints":{"allow":["GET"]}}],"collection":[{"href":"https:\/\/www.hoymercedes.com.ar\/principal\/wp-json\/wp\/v2\/posts"}],"about":[{"href":"https:\/\/www.hoymercedes.com.ar\/principal\/wp-json\/wp\/v2\/types\/post"}],"author":[{"embeddable":true,"href":"https:\/\/www.hoymercedes.com.ar\/principal\/wp-json\/wp\/v2\/users\/1"}],"replies":[{"embeddable":true,"href":"https:\/\/www.hoymercedes.com.ar\/principal\/wp-json\/wp\/v2\/comments?post=79075"}],"version-history":[{"count":0,"href":"https:\/\/www.hoymercedes.com.ar\/principal\/wp-json\/wp\/v2\/posts\/79075\/revisions"}],"wp:featuredmedia":[{"embeddable":true,"href":"https:\/\/www.hoymercedes.com.ar\/principal\/wp-json\/wp\/v2\/media\/72388"}],"wp:attachment":[{"href":"https:\/\/www.hoymercedes.com.ar\/principal\/wp-json\/wp\/v2\/media?parent=79075"}],"wp:term":[{"taxonomy":"category","embeddable":true,"href":"https:\/\/www.hoymercedes.com.ar\/principal\/wp-json\/wp\/v2\/categories?post=79075"},{"taxonomy":"post_tag","embeddable":true,"href":"https:\/\/www.hoymercedes.com.ar\/principal\/wp-json\/wp\/v2\/tags?post=79075"}],"curies":[{"name":"wp","href":"https:\/\/api.w.org\/{rel}","templated":true}]}}