{"id":79077,"date":"2018-07-27T10:36:51","date_gmt":"2018-07-27T13:36:51","guid":{"rendered":"http:\/\/www.hoymercedes.com.ar\/principal\/?p=79077"},"modified":"2018-07-27T09:31:11","modified_gmt":"2018-07-27T12:31:11","slug":"vecinos-autoconvocados-celebraron-la-firma-del-contrato-por-la-ruta-5","status":"publish","type":"post","link":"https:\/\/www.hoymercedes.com.ar\/principal\/2018\/07\/27\/vecinos-autoconvocados-celebraron-la-firma-del-contrato-por-la-ruta-5\/","title":{"rendered":"Vecinos autoconvocados celebraron la firma del contrato por la ruta 5"},"content":{"rendered":"<p>Por Carlos Mosso &#8211; Lleg\u00f3 el d\u00eda tan esperado.\u00a0En la Quinta Presidencial de Olivos, se firm\u00f3 el Contrato entre Vialidad Nacional y el Consorcio que tendr\u00e1 la responsabilidad por el periodo de 15 a\u00f1os, de hacer obras y mantener el Corredor \u00abB\u00bb.<\/p>\n<p><img loading=\"lazy\" decoding=\"async\" data-attachment-id=\"79081\" data-permalink=\"https:\/\/www.hoymercedes.com.ar\/principal\/2018\/07\/27\/vecinos-autoconvocados-celebraron-la-firma-del-contrato-por-la-ruta-5\/27-mosso-ruta-2\/#main\" data-orig-file=\"https:\/\/www.hoymercedes.com.ar\/principal\/wp-content\/uploads\/2018\/07\/27-mosso-ruta-2.png\" data-orig-size=\"750,455\" data-comments-opened=\"0\" data-image-meta=\"{&quot;aperture&quot;:&quot;0&quot;,&quot;credit&quot;:&quot;&quot;,&quot;camera&quot;:&quot;&quot;,&quot;caption&quot;:&quot;&quot;,&quot;created_timestamp&quot;:&quot;0&quot;,&quot;copyright&quot;:&quot;&quot;,&quot;focal_length&quot;:&quot;0&quot;,&quot;iso&quot;:&quot;0&quot;,&quot;shutter_speed&quot;:&quot;0&quot;,&quot;title&quot;:&quot;&quot;,&quot;orientation&quot;:&quot;0&quot;}\" data-image-title=\"27 mosso ruta 2\" data-image-description=\"\" data-image-caption=\"\" data-large-file=\"https:\/\/www.hoymercedes.com.ar\/principal\/wp-content\/uploads\/2018\/07\/27-mosso-ruta-2.png\" class=\"aligncenter size-medium wp-image-79081\" src=\"https:\/\/www.hoymercedes.com.ar\/principal\/wp-content\/uploads\/2018\/07\/27-mosso-ruta-2-630x382.png\" alt=\"\" width=\"630\" height=\"382\" srcset=\"https:\/\/www.hoymercedes.com.ar\/principal\/wp-content\/uploads\/2018\/07\/27-mosso-ruta-2-630x382.png 630w, https:\/\/www.hoymercedes.com.ar\/principal\/wp-content\/uploads\/2018\/07\/27-mosso-ruta-2-150x91.png 150w, https:\/\/www.hoymercedes.com.ar\/principal\/wp-content\/uploads\/2018\/07\/27-mosso-ruta-2.png 750w\" sizes=\"auto, (max-width: 630px) 100vw, 630px\" \/><\/p>\n<p>Dicho Contrato marca que en los primeros 5 a\u00f1os, se deber\u00e1 construir la Autopista desde Mercedes a Bragado, Ruta Segura hasta Anguil y nuevamente Autopista hasta Santa Rosa-La Pampa.<\/p>\n<p>Estas obras contemplan expropiaciones, variantes, alteos, cruces en altura, rotondas, retornos, colectoras, obras de hidr\u00e1ulica, demarcaci\u00f3n, pintura, etc., etc., etc.<\/p>\n<p>Muchos a\u00f1os de promesas pasaron para los usuarios, muchas vidas se perdieron , cientos de an\u00e9cdotas quedar\u00e1n en la historia, muchas im\u00e1genes podr\u00edamos mostrar dejando muy mal parados a los que nos llenaban de mentiras, pero esa etapa pas\u00f3 y es el deseo que en esta oportunidad, no nos defrauden.<\/p>\n<p>Seguimos conectados a Vialidad Nacional a pesar del cambio del Administrador lo cual nos da margen para seguir reclamando y exigiendo.<\/p>\n<p>En principio a partir del 1 de agosto el Consorcio se hace cargo. Nosotros estamos haciendo todo lo posible por tener oficialmente una reuni\u00f3n con ellos sabiendo que el Contrato que estaba vigente 2014, constaba que cuando se habilitara el By Pass en Luj\u00e1n, los Mercedinos perd\u00edamos el beneficio en el Peaje de Olivera.<\/p>\n<p>Cabe resaltar que al elevar la categor\u00eda de Autov\u00eda a Autopista, en Olivera se deber\u00eda construir la colectora que nunca nadie construy\u00f3 y es m\u00e1s, nadie contempl\u00f3 construir.<\/p>\n<p>Gracias a todos los usuarios que apoyan y alientan, a los medios de comunicaci\u00f3n que siempre est\u00e1n presente y difunden nuestra tarea muy compleja y desde ya a los Funcionarios del Ministerio de Transporte y de Vialidad Nacional.<\/p>\n","protected":false},"excerpt":{"rendered":"<p>Por Carlos Mosso &#8211; Lleg\u00f3 el d\u00eda tan esperado.\u00a0En la Quinta Presidencial de Olivos, se firm\u00f3 el Contrato entre Vialidad &#8230; <a title=\"Vecinos autoconvocados celebraron la firma del contrato por la ruta 5\" class=\"read-more\" href=\"https:\/\/www.hoymercedes.com.ar\/principal\/2018\/07\/27\/vecinos-autoconvocados-celebraron-la-firma-del-contrato-por-la-ruta-5\/\" aria-label=\"Leer m\u00e1s sobre Vecinos autoconvocados celebraron la firma del contrato por la ruta 5\">Leer m\u00e1s<\/a><\/p>\n","protected":false},"author":1,"featured_media":79080,"comment_status":"closed","ping_status":"open","sticky":false,"template":"","format":"standard","meta":{"_monsterinsights_skip_tracking":false,"_monsterinsights_sitenote_active":false,"_monsterinsights_sitenote_note":"","_monsterinsights_sitenote_category":0,"jetpack_post_was_ever_published":false,"_jetpack_newsletter_access":"","_jetpack_dont_email_post_to_subs":false,"_jetpack_newsletter_tier_id":0,"_jetpack_memberships_contains_paywalled_content":false,"_jetpack_memberships_contains_paid_content":false,"footnotes":"","jetpack_publicize_message":"","jetpack_publicize_feature_enabled":true,"jetpack_social_post_already_shared":true,"jetpack_social_options":{"image_generator_settings":{"template":"highway","default_image_id":0,"font":"","enabled":false},"version":2},"_wpas_customize_per_network":false},"categories":[5501],"tags":[10120,3052,9322,538],"class_list":["post-79077","post","type-post","status-publish","format-standard","has-post-thumbnail","hentry","category-region","tag-autopista","tag-carlos-mosso","tag-region","tag-ruta-5","generate-columns","tablet-grid-50","mobile-grid-100","grid-parent","grid-50"],"jetpack_publicize_connections":[],"jetpack_featured_media_url":"https:\/\/www.hoymercedes.com.ar\/principal\/wp-content\/uploads\/2018\/07\/27-mosso-ruta-1.png","wps_subtitle":"Opini\u00f3n","jetpack_sharing_enabled":true,"_links":{"self":[{"href":"https:\/\/www.hoymercedes.com.ar\/principal\/wp-json\/wp\/v2\/posts\/79077","targetHints":{"allow":["GET"]}}],"collection":[{"href":"https:\/\/www.hoymercedes.com.ar\/principal\/wp-json\/wp\/v2\/posts"}],"about":[{"href":"https:\/\/www.hoymercedes.com.ar\/principal\/wp-json\/wp\/v2\/types\/post"}],"author":[{"embeddable":true,"href":"https:\/\/www.hoymercedes.com.ar\/principal\/wp-json\/wp\/v2\/users\/1"}],"replies":[{"embeddable":true,"href":"https:\/\/www.hoymercedes.com.ar\/principal\/wp-json\/wp\/v2\/comments?post=79077"}],"version-history":[{"count":0,"href":"https:\/\/www.hoymercedes.com.ar\/principal\/wp-json\/wp\/v2\/posts\/79077\/revisions"}],"wp:featuredmedia":[{"embeddable":true,"href":"https:\/\/www.hoymercedes.com.ar\/principal\/wp-json\/wp\/v2\/media\/79080"}],"wp:attachment":[{"href":"https:\/\/www.hoymercedes.com.ar\/principal\/wp-json\/wp\/v2\/media?parent=79077"}],"wp:term":[{"taxonomy":"category","embeddable":true,"href":"https:\/\/www.hoymercedes.com.ar\/principal\/wp-json\/wp\/v2\/categories?post=79077"},{"taxonomy":"post_tag","embeddable":true,"href":"https:\/\/www.hoymercedes.com.ar\/principal\/wp-json\/wp\/v2\/tags?post=79077"}],"curies":[{"name":"wp","href":"https:\/\/api.w.org\/{rel}","templated":true}]}}