{"id":79099,"date":"2018-07-27T11:30:39","date_gmt":"2018-07-27T14:30:39","guid":{"rendered":"http:\/\/www.hoymercedes.com.ar\/principal\/?p=79099"},"modified":"2018-07-27T10:39:58","modified_gmt":"2018-07-27T13:39:58","slug":"homenajearon-a-eva-duarte-de-peron-inaugurando-imagen-en-desarrollo-social","status":"publish","type":"post","link":"https:\/\/www.hoymercedes.com.ar\/principal\/2018\/07\/27\/homenajearon-a-eva-duarte-de-peron-inaugurando-imagen-en-desarrollo-social\/","title":{"rendered":"Homenajearon a Eva Duarte de Per\u00f3n inaugurando imagen en Desarrollo Social"},"content":{"rendered":"<p>Al Cumplirse un nuevo aniversario del fallecimiento de Eva Duarte de Per\u00f3n, se rindi\u00f3 un emotivo homenaje desde el ex Instituto Unzu\u00e9. El artista Pablo Russo realiz\u00f3 una obra que \u201csintetiza y plasma el concepto de una figura reconocida mundialmente como lo fue Evita..<\/p>\n<p><img loading=\"lazy\" decoding=\"async\" data-attachment-id=\"79100\" data-permalink=\"https:\/\/www.hoymercedes.com.ar\/principal\/2018\/07\/27\/homenajearon-a-eva-duarte-de-peron-inaugurando-imagen-en-desarrollo-social\/27-honmenaje-eva4\/#main\" data-orig-file=\"https:\/\/www.hoymercedes.com.ar\/principal\/wp-content\/uploads\/2018\/07\/27-honmenaje-eva4.jpg\" data-orig-size=\"750,501\" data-comments-opened=\"0\" data-image-meta=\"{&quot;aperture&quot;:&quot;0&quot;,&quot;credit&quot;:&quot;&quot;,&quot;camera&quot;:&quot;&quot;,&quot;caption&quot;:&quot;&quot;,&quot;created_timestamp&quot;:&quot;0&quot;,&quot;copyright&quot;:&quot;&quot;,&quot;focal_length&quot;:&quot;0&quot;,&quot;iso&quot;:&quot;0&quot;,&quot;shutter_speed&quot;:&quot;0&quot;,&quot;title&quot;:&quot;&quot;,&quot;orientation&quot;:&quot;0&quot;}\" data-image-title=\"27 honmenaje eva4\" data-image-description=\"\" data-image-caption=\"\" data-large-file=\"https:\/\/www.hoymercedes.com.ar\/principal\/wp-content\/uploads\/2018\/07\/27-honmenaje-eva4.jpg\" class=\"aligncenter size-medium wp-image-79100\" src=\"https:\/\/www.hoymercedes.com.ar\/principal\/wp-content\/uploads\/2018\/07\/27-honmenaje-eva4-630x421.jpg\" alt=\"\" width=\"630\" height=\"421\" srcset=\"https:\/\/www.hoymercedes.com.ar\/principal\/wp-content\/uploads\/2018\/07\/27-honmenaje-eva4-630x421.jpg 630w, https:\/\/www.hoymercedes.com.ar\/principal\/wp-content\/uploads\/2018\/07\/27-honmenaje-eva4-150x100.jpg 150w, https:\/\/www.hoymercedes.com.ar\/principal\/wp-content\/uploads\/2018\/07\/27-honmenaje-eva4.jpg 750w\" sizes=\"auto, (max-width: 630px) 100vw, 630px\" \/><\/p>\n<p>El acto fue organizado por la Municipalidad de Mercedes. El intendente Juan Ignacio Ustarroz descubri\u00f3 la imagen instalada en Desarrollo Social de la Comuna. Se hicieron presentes ediles, funcionarios, representantes de diferentes gremios, los diputados nacionales, Eduardo \u201cWado\u201d De Pedro y Carlos Am\u00e9rico Selva, el diputado provincial Santiago R\u00e9vora, sindicatos, cooperativistas y vecinos de la ciudad<\/p>\n<p>Al dar comienzo la ceremonia, el Dr. Ustarroz, mencion\u00f3 una de las frases m\u00e1s reconocidas de Evita \u201cD\u00f3nde hay una necesidad, hay un derecho\u201d y puntualiz\u00f3 \u201cen esa frase no hay una mirada caritativa, sino que tiene que haber un Estado, una sociedad, un pueblo que realmente tenga pol\u00edticas de inclusi\u00f3n e igualdad\u201d.<\/p>\n<p>Asimismo, el primer mandatario destac\u00f3 una frase del expresidente N\u00e9stor Kirchner, que dec\u00eda \u201cLa mejor pol\u00edtica social es la industria, el empleo y el trabajo\u201d y asegur\u00f3 \u201choy en estos tiempos dif\u00edciles donde crece la pobreza, el desempleo, donde la inflaci\u00f3n se lleva puesta los salarios de los trabajadores, creo que es muy oportuno recordar y pensar el legado de Evita\u201d.<\/p>\n<p>Por otro lado, destac\u00f3 el rol de las mujeres en el transcurso de la historia \u201cnos han marcado un camino muy fuerte a toda la sociedad argentina\u201d y detall\u00f3 \u201cque nos interpele una mujer es excelente. Evita, las Madres, Cristina, el movimiento de mujeres de Ni Una Menos, que nos han marcado un camino tan fuerte a toda la sociedad. Que nos interpele Evita desde la necesidad de trabajar con esa perseverancia, pasi\u00f3n y entrega incondicional que tuvo hacia los humildes. Misma que fue retribuida con el amor inmenso de su pueblo, y tambi\u00e9n hay que decirlo, el odio de las clases dominantes de nuestro pa\u00eds\u201d.<\/p>\n<p>Y asegur\u00f3 \u201cel legado de evita est\u00e1 en la inversi\u00f3n que estamos haciendo en las diferentes instituciones de nuestra ciudad, en privilegiar a la ni\u00f1ez como pol\u00edtica p\u00fablica, en el CETIM, en lo jardines municipales y los espacios Primera Infancia, en los programas que se piensan desde la sensibilidad como el programa invierno, en ir a\u00a0\u00a0buscar a los chicos a los diferentes barrios de la ciudad y llevarlos a que disfruten de los diferentes proyectos culturales que realizan artistas de nuestra ciudad, en la necesidad que tenemos todos de construir una patria justa, libre y soberana, est\u00e1 en pensar con profundo amor, convicciones e ideales qu\u00e9 proyecto de ciudad y qu\u00e9 proyecto de pa\u00eds queremos\u201d.<\/p>\n<p>Adem\u00e1s, el intendente Ustarroz, subray\u00f3 \u201cno hay proyecto de ciudad sin un proyecto de pa\u00eds, hay que volver a la senda de la industria, de la producci\u00f3n, no endeudarse, no ceder soberan\u00eda, no sacar las fuerzas armadas a la calle por miedo a que la gente salga a protestar\u201d y a\u00f1adi\u00f3 \u201cduele ver que en nuestra ciudad cierren f\u00e1bricas, cierren comercios. Toda esta cruda realidad realmente nos tiene que hacer reflexionar mucho, movilizar e interpelar desde lo mejor de nuestra historia, y sin lugar a dudas Evita ocupa ese lugar privilegiado en nuestra historia y coraz\u00f3n que es la de la entrega por los m\u00e1s humildes y la felicidad de todo el pueblo\u201d.<\/p>\n<p>El 26 de julio de 1952, pasadas las 21.30, un comunicado por cadena dar\u00eda inicio al velatorio que se extendi\u00f3 por m\u00e1s de 15 d\u00edas. \u00abCumple la Secretar\u00eda de Informaciones de la Presidencia de la Naci\u00f3n el penos\u00edsimo deber de informar al pueblo de la Rep\u00fablica que a las 20.25 horas ha fallecido la Se\u00f1ora Eva Per\u00f3n, Jefa Espiritual de la Naci\u00f3n. Los restos de la Se\u00f1ora Eva Per\u00f3n ser\u00e1n conducidos ma\u00f1ana, al Ministerio de Trabajo y Previsi\u00f3n, donde se instalar\u00e1 la capilla ardiente\u00bb, se emiti\u00f3 por radio. Evita falleci\u00f3 con apenas 33 a\u00f1os.<\/p>\n<p>Carlos selva, presidente del PJ a nivel local, agradeci\u00f3 la invitaci\u00f3n y dijo \u201cfelicito la iniciativa del se\u00f1or intendente, que se haya llevado a cabo en este lugar tan emblem\u00e1tico, el cual dio cobertura social en alg\u00fan momento como instituto, y donde hoy funciona la secretaria de Desarrollo Social Municipal que satisface las demandas -como lo hiciera Evita- de los que m\u00e1s lo necesitan\u201d.<\/p>\n<p>Qui\u00e9n tambi\u00e9n hizo uso de la palabra fue la Jorgelina Silva qui\u00e9n formul\u00f3 \u201cEvita es un s\u00edmbolo de poder haber visibilizado a trav\u00e9s de su paso que la intervenci\u00f3n del Estado tiene que existir a trav\u00e9s de pol\u00edticas p\u00fablicas reales que modifiquen y hagan que la vida de todos los que m\u00e1s necesitan sea m\u00e1s digna\u201d.<\/p>\n<p>De la misma manera, puntualiz\u00f3 \u201ces una responsabilidad enorme tener su imagen ac\u00e1, desde el Municipio venimos efectuando acciones que representan -humildemente- lo que es el legado de Evita\u201d.<\/p>\n<p>\u201cPara nosotros es una responsabilidad hist\u00f3rica, entendemos que tenemos que estar de este lado -el de Evita- quien fue que nos ense\u00f1\u00f3 a pensar en lo que m\u00e1s necesitan\u201d defini\u00f3 la secretaria de Desarrollo Social.<\/p>\n<p>Por su parte, Pablo Russo expres\u00f3 \u201cquiero agradecer la convocatoria y por confiar en mi trabajo\u201d y apunt\u00f3 \u201ccuando me propusieron realizar esta obra me pareci\u00f3 lo m\u00e1s acertado hacerla aqu\u00ed, en este edificio, por todo lo que representa\u201d.\u00a0\u201cEsta obra queda para que cada vez que la miremos nos interpelemos,\u00a0que nos pas\u00f3, que nos pasa y hacia d\u00f3nde vamos\u201d recalc\u00f3 el artista. Con respecto a la obra, Russo describi\u00f3 \u201cme interes\u00f3 darle esta forma de \u00edcono, que tenga una parte de herrer\u00eda que concuerde con la estructura y arquitectura del lugar\u201d.\u00a0\u201cEstoy muy orgulloso y honrado de haber participado en este proyecto\u201d se\u00f1alo el artista mercedino.<\/p>\n<p>&nbsp;<\/p>\n<p>Fuente: Prensa Municipal<\/p>\n<p>&nbsp;<\/p>\n","protected":false},"excerpt":{"rendered":"<p>Al Cumplirse un nuevo aniversario del fallecimiento de Eva Duarte de Per\u00f3n, se rindi\u00f3 un emotivo homenaje desde el ex &#8230; <a title=\"Homenajearon a Eva Duarte de Per\u00f3n inaugurando imagen en Desarrollo Social\" class=\"read-more\" href=\"https:\/\/www.hoymercedes.com.ar\/principal\/2018\/07\/27\/homenajearon-a-eva-duarte-de-peron-inaugurando-imagen-en-desarrollo-social\/\" aria-label=\"Leer m\u00e1s sobre Homenajearon a Eva Duarte de Per\u00f3n inaugurando imagen en Desarrollo Social\">Leer m\u00e1s<\/a><\/p>\n","protected":false},"author":1,"featured_media":79100,"comment_status":"closed","ping_status":"open","sticky":false,"template":"","format":"standard","meta":{"_monsterinsights_skip_tracking":false,"_monsterinsights_sitenote_active":false,"_monsterinsights_sitenote_note":"","_monsterinsights_sitenote_category":0,"jetpack_post_was_ever_published":false,"_jetpack_newsletter_access":"","_jetpack_dont_email_post_to_subs":false,"_jetpack_newsletter_tier_id":0,"_jetpack_memberships_contains_paywalled_content":false,"_jetpack_memberships_contains_paid_content":false,"footnotes":"","jetpack_publicize_message":"","jetpack_publicize_feature_enabled":true,"jetpack_social_post_already_shared":true,"jetpack_social_options":{"image_generator_settings":{"template":"highway","default_image_id":0,"font":"","enabled":false},"version":2},"_wpas_customize_per_network":false},"categories":[30],"tags":[11606,244,563],"class_list":["post-79099","post","type-post","status-publish","format-standard","has-post-thumbnail","hentry","category-municipio","tag-homenaje-a-eva-peron","tag-municipio-2","tag-partido-justicialista","generate-columns","tablet-grid-50","mobile-grid-100","grid-parent","grid-50"],"jetpack_publicize_connections":[],"jetpack_featured_media_url":"https:\/\/www.hoymercedes.com.ar\/principal\/wp-content\/uploads\/2018\/07\/27-honmenaje-eva4.jpg","wps_subtitle":"Acto Municipal","jetpack_sharing_enabled":true,"jetpack-related-posts":[{"id":186515,"url":"https:\/\/www.hoymercedes.com.ar\/principal\/2025\/07\/27\/homenaje-a-eva-peron-unidad-y-memoria-en-un-nuevo-aniversario-de-su-fallecimiento\/","url_meta":{"origin":79099,"position":0},"title":"Homenaje a Eva Per\u00f3n: Unidad y memoria en un nuevo aniversario de su fallecimiento","author":"hoymercedes","date":"27 julio, 2025","format":false,"excerpt":"Con motivo de un nuevo aniversario del fallecimiento de Eva Duarte de Per\u00f3n, se realiz\u00f3 un emotivo acto conmemorativo frente al monumento que la recuerda, ubicado en calle 30 y 23. La ceremonia cont\u00f3 con la presencia del senador Eduardo \u201cWado\u201d de Pedro, el intendente Juan Ustarroz, el diputado Carlos\u2026","rel":"","context":"En \u00abPol\u00edtica\u00bb","block_context":{"text":"Pol\u00edtica","link":"https:\/\/www.hoymercedes.com.ar\/principal\/category\/politica\/"},"img":{"alt_text":"Acto por Eva Per\u00f3n","src":"https:\/\/i0.wp.com\/www.hoymercedes.com.ar\/principal\/wp-content\/uploads\/2025\/07\/photo_2025-07-26_18-33-04.jpg?resize=350%2C200&ssl=1","width":350,"height":200,"srcset":"https:\/\/i0.wp.com\/www.hoymercedes.com.ar\/principal\/wp-content\/uploads\/2025\/07\/photo_2025-07-26_18-33-04.jpg?resize=350%2C200&ssl=1 1x, https:\/\/i0.wp.com\/www.hoymercedes.com.ar\/principal\/wp-content\/uploads\/2025\/07\/photo_2025-07-26_18-33-04.jpg?resize=525%2C300&ssl=1 1.5x, https:\/\/i0.wp.com\/www.hoymercedes.com.ar\/principal\/wp-content\/uploads\/2025\/07\/photo_2025-07-26_18-33-04.jpg?resize=700%2C400&ssl=1 2x, https:\/\/i0.wp.com\/www.hoymercedes.com.ar\/principal\/wp-content\/uploads\/2025\/07\/photo_2025-07-26_18-33-04.jpg?resize=1050%2C600&ssl=1 3x"},"classes":[]},{"id":114168,"url":"https:\/\/www.hoymercedes.com.ar\/principal\/2020\/07\/26\/partido-peronista-recuerda-a-eva-peron\/","url_meta":{"origin":79099,"position":1},"title":"Partido Peronista recuerda a Eva Per\u00f3n","author":"hoymercedes","date":"26 julio, 2020","format":false,"excerpt":"Evita Eterna, fue la consigna utilizada este domingo 26 de julio ante el 68 aniversario del paso al a inmortalidad de Evita. El Partido Justicialista de Mercedes, como en todo el pa\u00eds, habitualmente realizaban actos y encuentros, pero esta ocasi\u00f3n qued\u00f3 el recuerdo sin reuniones dado el marco de crisis\u2026","rel":"","context":"En \u00abPolicial\u00bb","block_context":{"text":"Policial","link":"https:\/\/www.hoymercedes.com.ar\/principal\/category\/policial\/"},"img":{"alt_text":"","src":"https:\/\/i0.wp.com\/www.hoymercedes.com.ar\/principal\/wp-content\/uploads\/2020\/07\/HomenajeEvaPeron-2020.jpeg?resize=350%2C200&ssl=1","width":350,"height":200,"srcset":"https:\/\/i0.wp.com\/www.hoymercedes.com.ar\/principal\/wp-content\/uploads\/2020\/07\/HomenajeEvaPeron-2020.jpeg?resize=350%2C200&ssl=1 1x, https:\/\/i0.wp.com\/www.hoymercedes.com.ar\/principal\/wp-content\/uploads\/2020\/07\/HomenajeEvaPeron-2020.jpeg?resize=525%2C300&ssl=1 1.5x, https:\/\/i0.wp.com\/www.hoymercedes.com.ar\/principal\/wp-content\/uploads\/2020\/07\/HomenajeEvaPeron-2020.jpeg?resize=700%2C400&ssl=1 2x, https:\/\/i0.wp.com\/www.hoymercedes.com.ar\/principal\/wp-content\/uploads\/2020\/07\/HomenajeEvaPeron-2020.jpeg?resize=1050%2C600&ssl=1 3x"},"classes":[]},{"id":62449,"url":"https:\/\/www.hoymercedes.com.ar\/principal\/2017\/05\/07\/sentido-homenaje-del-frente-mercedino-a-eva-peron-en-aniversario-de-su-natalicio\/","url_meta":{"origin":79099,"position":2},"title":"Sentido homenaje del Frente Mercedino a Eva Per\u00f3n en aniversario de su natalicio","author":"hoymercedes","date":"7 mayo, 2017","format":false,"excerpt":"En calle 30 y 23, frente al busto que la recuerda, se llev\u00f3 a cabo un \u00a0encuentro y sentido homenaje a Eva Duarte de Per\u00f3n en un el 98\u00b0 aniversario de su natalicio. La colocaci\u00f3n de ofrenda floral por parte del Frente Mercedino estuvo encabezada por Juan Ustarroz, Eduardo de\u2026","rel":"","context":"En \u00abPol\u00edtica\u00bb","block_context":{"text":"Pol\u00edtica","link":"https:\/\/www.hoymercedes.com.ar\/principal\/category\/politica\/"},"img":{"alt_text":"","src":"https:\/\/i0.wp.com\/www.hoymercedes.com.ar\/principal\/wp-content\/uploads\/2017\/05\/Acto-Eva-2-1.jpeg?resize=350%2C200&ssl=1","width":350,"height":200,"srcset":"https:\/\/i0.wp.com\/www.hoymercedes.com.ar\/principal\/wp-content\/uploads\/2017\/05\/Acto-Eva-2-1.jpeg?resize=350%2C200&ssl=1 1x, https:\/\/i0.wp.com\/www.hoymercedes.com.ar\/principal\/wp-content\/uploads\/2017\/05\/Acto-Eva-2-1.jpeg?resize=525%2C300&ssl=1 1.5x"},"classes":[]},{"id":177475,"url":"https:\/\/www.hoymercedes.com.ar\/principal\/2024\/07\/25\/multiples-actividades-por-el-aniversario-de-eva-peron\/","url_meta":{"origin":79099,"position":3},"title":"M\u00faltiples actividades por el aniversario de Eva Per\u00f3n","author":"hoymercedes","date":"25 julio, 2024","format":false,"excerpt":"En el marco de la conmemoraci\u00f3n de los 72 a\u00f1os del paso a la inmortalidad de Evita, en nuestra ciudad se desarrollar\u00e1n diferentes acciones. Las mismas comenzaron este martes 23 y continuar\u00e1n durante toda la semana. Mariana San Mart\u00edn cont\u00f3 \u201ceste pr\u00f3ximo viernes se est\u00e1n cumpliendo 72 a\u00f1os del paso\u2026","rel":"","context":"En \u00abPolicial\u00bb","block_context":{"text":"Policial","link":"https:\/\/www.hoymercedes.com.ar\/principal\/category\/policial\/"},"img":{"alt_text":"M\u00faltiples actividades por el aniversario de Eva Per\u00f3n","src":"https:\/\/i0.wp.com\/www.hoymercedes.com.ar\/principal\/wp-content\/uploads\/2024\/07\/Aniversario-de-Eva-Peron-Actividades.jpg?resize=350%2C200&ssl=1","width":350,"height":200,"srcset":"https:\/\/i0.wp.com\/www.hoymercedes.com.ar\/principal\/wp-content\/uploads\/2024\/07\/Aniversario-de-Eva-Peron-Actividades.jpg?resize=350%2C200&ssl=1 1x, https:\/\/i0.wp.com\/www.hoymercedes.com.ar\/principal\/wp-content\/uploads\/2024\/07\/Aniversario-de-Eva-Peron-Actividades.jpg?resize=525%2C300&ssl=1 1.5x, https:\/\/i0.wp.com\/www.hoymercedes.com.ar\/principal\/wp-content\/uploads\/2024\/07\/Aniversario-de-Eva-Peron-Actividades.jpg?resize=700%2C400&ssl=1 2x, https:\/\/i0.wp.com\/www.hoymercedes.com.ar\/principal\/wp-content\/uploads\/2024\/07\/Aniversario-de-Eva-Peron-Actividades.jpg?resize=1050%2C600&ssl=1 3x"},"classes":[]},{"id":41491,"url":"https:\/\/www.hoymercedes.com.ar\/principal\/2015\/05\/07\/sentido-homenaje-a-eva-peron-en-un-nuevo-aniversario-de-su-natalicio\/","url_meta":{"origin":79099,"position":4},"title":"Sentido homenaje a Eva Per\u00f3n en un nuevo aniversario de su natalicio","author":"hoymercedes","date":"7 mayo, 2015","format":false,"excerpt":"Durante la tarde de \u00e9ste jueves se llev\u00f3 a cabo un acto conmemorativo ante un nuevo aniversario del natalicio de Eva Duarte de Per\u00f3n, abanderada del espacio peronista en t\u00e9rminos de luchas sociales y mundialmente reconocida por su sensibilidad y acci\u00f3n concreta en beneficio de los m\u00e1s necesitados.\u00a0 Desde el\u2026","rel":"","context":"En \u00abPol\u00edtica\u00bb","block_context":{"text":"Pol\u00edtica","link":"https:\/\/www.hoymercedes.com.ar\/principal\/category\/politica\/"},"img":{"alt_text":"","src":"https:\/\/i0.wp.com\/www.hoymercedes.com.ar\/principal\/wp-content\/uploads\/2015\/05\/selva-actoeva-07.05.2015-1.jpg?resize=350%2C200&ssl=1","width":350,"height":200,"srcset":"https:\/\/i0.wp.com\/www.hoymercedes.com.ar\/principal\/wp-content\/uploads\/2015\/05\/selva-actoeva-07.05.2015-1.jpg?resize=350%2C200&ssl=1 1x, https:\/\/i0.wp.com\/www.hoymercedes.com.ar\/principal\/wp-content\/uploads\/2015\/05\/selva-actoeva-07.05.2015-1.jpg?resize=525%2C300&ssl=1 1.5x"},"classes":[]},{"id":65372,"url":"https:\/\/www.hoymercedes.com.ar\/principal\/2017\/07\/27\/unidad-ciudadana-recordo-a-evita-junto-a-militantes-y-un-referente-historico-local\/","url_meta":{"origin":79099,"position":5},"title":"Unidad Ciudadana record\u00f3 a Evita junto a militantes y un referente hist\u00f3rico local","author":"hoymercedes","date":"27 julio, 2017","format":false,"excerpt":"A 65 a\u00f1os de la desaparici\u00f3n f\u00edsica de Eva Duarte de Per\u00f3n se llev\u00f3 a cabo un sentido encuentro en el espacio de la Unidad B\u00e1sica \u201cN\u00e9stor Kirchner\u201d que Unidad Ciudadana tiene en nuestra ciudad. Encabezado por Juan Ignacio Ustarroz se cont\u00f3 con la presencia de Eduardo Cerulli quien dej\u00f3\u2026","rel":"","context":"En \u00abPol\u00edtica\u00bb","block_context":{"text":"Pol\u00edtica","link":"https:\/\/www.hoymercedes.com.ar\/principal\/category\/politica\/"},"img":{"alt_text":"","src":"https:\/\/i0.wp.com\/www.hoymercedes.com.ar\/principal\/wp-content\/uploads\/2017\/07\/cerulli.ustarroz.lopezbaggio.jpg?resize=350%2C200&ssl=1","width":350,"height":200,"srcset":"https:\/\/i0.wp.com\/www.hoymercedes.com.ar\/principal\/wp-content\/uploads\/2017\/07\/cerulli.ustarroz.lopezbaggio.jpg?resize=350%2C200&ssl=1 1x, https:\/\/i0.wp.com\/www.hoymercedes.com.ar\/principal\/wp-content\/uploads\/2017\/07\/cerulli.ustarroz.lopezbaggio.jpg?resize=525%2C300&ssl=1 1.5x"},"classes":[]}],"_links":{"self":[{"href":"https:\/\/www.hoymercedes.com.ar\/principal\/wp-json\/wp\/v2\/posts\/79099","targetHints":{"allow":["GET"]}}],"collection":[{"href":"https:\/\/www.hoymercedes.com.ar\/principal\/wp-json\/wp\/v2\/posts"}],"about":[{"href":"https:\/\/www.hoymercedes.com.ar\/principal\/wp-json\/wp\/v2\/types\/post"}],"author":[{"embeddable":true,"href":"https:\/\/www.hoymercedes.com.ar\/principal\/wp-json\/wp\/v2\/users\/1"}],"replies":[{"embeddable":true,"href":"https:\/\/www.hoymercedes.com.ar\/principal\/wp-json\/wp\/v2\/comments?post=79099"}],"version-history":[{"count":0,"href":"https:\/\/www.hoymercedes.com.ar\/principal\/wp-json\/wp\/v2\/posts\/79099\/revisions"}],"wp:featuredmedia":[{"embeddable":true,"href":"https:\/\/www.hoymercedes.com.ar\/principal\/wp-json\/wp\/v2\/media\/79100"}],"wp:attachment":[{"href":"https:\/\/www.hoymercedes.com.ar\/principal\/wp-json\/wp\/v2\/media?parent=79099"}],"wp:term":[{"taxonomy":"category","embeddable":true,"href":"https:\/\/www.hoymercedes.com.ar\/principal\/wp-json\/wp\/v2\/categories?post=79099"},{"taxonomy":"post_tag","embeddable":true,"href":"https:\/\/www.hoymercedes.com.ar\/principal\/wp-json\/wp\/v2\/tags?post=79099"}],"curies":[{"name":"wp","href":"https:\/\/api.w.org\/{rel}","templated":true}]}}