{"id":79102,"date":"2018-07-27T12:47:35","date_gmt":"2018-07-27T15:47:35","guid":{"rendered":"http:\/\/www.hoymercedes.com.ar\/principal\/?p=79102"},"modified":"2018-07-27T11:00:54","modified_gmt":"2018-07-27T14:00:54","slug":"continuan-podando-en-el-casco-centrico-de-la-ciudad","status":"publish","type":"post","link":"https:\/\/www.hoymercedes.com.ar\/principal\/2018\/07\/27\/continuan-podando-en-el-casco-centrico-de-la-ciudad\/","title":{"rendered":"Contin\u00faan podando en el casco c\u00e9ntrico de la ciudad"},"content":{"rendered":"<p>La Municipalidad de Mercedes, a trav\u00e9s de la Direcci\u00f3n de Espacios Verdes, a cargo de Leonardo Belforte, contin\u00faan con los trabajos de poda en la zona c\u00e9ntrica de nuestra ciudad. La misma comienza a partir de mayo y se extiende hasta el mes de septiembre. Estos trabajos no solo comprenden la poda correctiva, sino que tambi\u00e9n son preventivos, de orientaci\u00f3n en el crecimiento de los \u00e1rboles y para la preservaci\u00f3n de la salud de las especies.<\/p>\n<p><img loading=\"lazy\" decoding=\"async\" data-attachment-id=\"79103\" data-permalink=\"https:\/\/www.hoymercedes.com.ar\/principal\/2018\/07\/27\/continuan-podando-en-el-casco-centrico-de-la-ciudad\/27-muni-poda1\/#main\" data-orig-file=\"https:\/\/www.hoymercedes.com.ar\/principal\/wp-content\/uploads\/2018\/07\/27-muni-poda1.jpeg\" data-orig-size=\"750,500\" data-comments-opened=\"0\" data-image-meta=\"{&quot;aperture&quot;:&quot;0&quot;,&quot;credit&quot;:&quot;&quot;,&quot;camera&quot;:&quot;&quot;,&quot;caption&quot;:&quot;&quot;,&quot;created_timestamp&quot;:&quot;0&quot;,&quot;copyright&quot;:&quot;&quot;,&quot;focal_length&quot;:&quot;0&quot;,&quot;iso&quot;:&quot;0&quot;,&quot;shutter_speed&quot;:&quot;0&quot;,&quot;title&quot;:&quot;&quot;,&quot;orientation&quot;:&quot;0&quot;}\" data-image-title=\"27 muni poda1\" data-image-description=\"\" data-image-caption=\"\" data-large-file=\"https:\/\/www.hoymercedes.com.ar\/principal\/wp-content\/uploads\/2018\/07\/27-muni-poda1.jpeg\" class=\"aligncenter size-medium wp-image-79103\" src=\"https:\/\/www.hoymercedes.com.ar\/principal\/wp-content\/uploads\/2018\/07\/27-muni-poda1-630x420.jpeg\" alt=\"\" width=\"630\" height=\"420\" srcset=\"https:\/\/www.hoymercedes.com.ar\/principal\/wp-content\/uploads\/2018\/07\/27-muni-poda1-630x420.jpeg 630w, https:\/\/www.hoymercedes.com.ar\/principal\/wp-content\/uploads\/2018\/07\/27-muni-poda1-150x100.jpeg 150w, https:\/\/www.hoymercedes.com.ar\/principal\/wp-content\/uploads\/2018\/07\/27-muni-poda1.jpeg 750w\" sizes=\"auto, (max-width: 630px) 100vw, 630px\" \/><\/p>\n<p>El director del \u00e1rea, Leonardo Belforte, inform\u00f3 \u201cestamos con esta primera etapa que hace todos los a\u00f1os el municipio dentro de las 4 avenidas\u201d y detall\u00f3 \u201ceste a\u00f1o le toca al sector comprendido de avenida 29 a calle 37 y de avenida 40 a calle 10\u201d.<\/p>\n<p>Al ser consultado en la forma de poda, el Belforte explic\u00f3 \u201ces una poda correctiva, levantando la copa. Priorizando el despeje de las ramas que van arriba de las viviendas, para que la l\u00ednea municipal quede libre. El levantamiento de la copa tiene el fin de mejorar la luminaria y que las ramas que est\u00e9n interviniendo o molestando el tr\u00e1nsito de camiones, colectivos, etc pueda ser liberado\u201d.<\/p>\n<p>\u201cVenimos muy bien, este es el tercer a\u00f1o que podamos, y cada vez vamos haciendo mejor el trabajo\u201d y agreg\u00f3 \u201cel clima nos viene acompa\u00f1ando, y la planificaci\u00f3n se viene llevando a cabo correctamente, por este motivo venimos muy bien con los tiempos\u201d resalto el Director.<\/p>\n<p>Por otro lado, expres\u00f3 \u201cyo entiendo que cuando van a transitar por una calle y est\u00e1 cortada uno a veces se altera un poco, por ello pedimos paciencia\u201d y apunt\u00f3 \u201cestamos trabajando m\u00e1s los feriados y fines de semana para causar el menor trastorno posible a los vecinos\u201d.<\/p>\n<p>Asimismo, Leonardo Belforte, lament\u00f3 la poda indiscriminada \u201cLamentablemente vemos mucha podas muy fuertes y dr\u00e1sticas\u201d y destac\u00f3 \u201ctoda la poda fuera de las cuatro avenidas en todo el partido de Mercedes se hace con autorizaci\u00f3n, esto se especifica por ordenanza. En la misma se indica cu\u00e1les son los podadores autorizados -previamente formados por el Municipio- y el criterio siempre es el mismo, la poda correctiva\u201d.<\/p>\n<p>Las normas establecidas en la Ley Provincial de Arbolado Urbano 12.276 que proh\u00edbe la poda, tala y da\u00f1os ejemplares del arbolado p\u00fablico sin autorizaci\u00f3n, y la Ordenanza N\u00ba 7205, vigente en el distrito, que contiene los mismos criterios.<\/p>\n<p>Fuente: Prensa Municipal<\/p>\n","protected":false},"excerpt":{"rendered":"<p>La Municipalidad de Mercedes, a trav\u00e9s de la Direcci\u00f3n de Espacios Verdes, a cargo de Leonardo Belforte, contin\u00faan con los &#8230; <a title=\"Contin\u00faan podando en el casco c\u00e9ntrico de la ciudad\" class=\"read-more\" href=\"https:\/\/www.hoymercedes.com.ar\/principal\/2018\/07\/27\/continuan-podando-en-el-casco-centrico-de-la-ciudad\/\" aria-label=\"Leer m\u00e1s sobre Contin\u00faan podando en el casco c\u00e9ntrico de la ciudad\">Leer m\u00e1s<\/a><\/p>\n","protected":false},"author":1,"featured_media":79103,"comment_status":"closed","ping_status":"open","sticky":false,"template":"","format":"standard","meta":{"_monsterinsights_skip_tracking":false,"_monsterinsights_sitenote_active":false,"_monsterinsights_sitenote_note":"","_monsterinsights_sitenote_category":0,"jetpack_post_was_ever_published":false,"_jetpack_newsletter_access":"","_jetpack_dont_email_post_to_subs":false,"_jetpack_newsletter_tier_id":0,"_jetpack_memberships_contains_paywalled_content":false,"_jetpack_memberships_contains_paid_content":false,"footnotes":"","jetpack_publicize_message":"","jetpack_publicize_feature_enabled":true,"jetpack_social_post_already_shared":true,"jetpack_social_options":{"image_generator_settings":{"template":"highway","default_image_id":0,"font":"","enabled":false},"version":2},"_wpas_customize_per_network":false},"categories":[30],"tags":[12412,10,244,4608],"class_list":["post-79102","post","type-post","status-publish","format-standard","has-post-thumbnail","hentry","category-municipio","tag-espacios-verdes","tag-mercedes","tag-municipio-2","tag-poda","generate-columns","tablet-grid-50","mobile-grid-100","grid-parent","grid-50"],"jetpack_publicize_connections":[],"jetpack_featured_media_url":"https:\/\/www.hoymercedes.com.ar\/principal\/wp-content\/uploads\/2018\/07\/27-muni-poda1.jpeg","wps_subtitle":"\u00c1rea de espacios verdes","jetpack_sharing_enabled":true,"jetpack-related-posts":[{"id":51179,"url":"https:\/\/www.hoymercedes.com.ar\/principal\/2016\/06\/12\/continuan-trabajando-en-la-poda-correctiva\/","url_meta":{"origin":79102,"position":0},"title":"Contin\u00faan trabajando en la poda correctiva","author":"hoymercedes","date":"12 junio, 2016","format":false,"excerpt":"Desde hace un tiempo se inici\u00f3 el periodo de poda correctiva anual a cargo de la Oficina de Arbolado Urbano, perteneciente a la Direcci\u00f3n de Producci\u00f3n de la Municipalidad de Mercedes. En las \u00faltimas semanas las cuadrillas especializadas estuvieron trabajando en las zonas denominadas \u201ccriticas\u201d, las que fueron determinadas en\u2026","rel":"","context":"En \u00abMunicipio\u00bb","block_context":{"text":"Municipio","link":"https:\/\/www.hoymercedes.com.ar\/principal\/category\/municipio\/"},"img":{"alt_text":"","src":"https:\/\/i0.wp.com\/www.hoymercedes.com.ar\/principal\/wp-content\/uploads\/2016\/06\/12-PODA.jpg?resize=350%2C200&ssl=1","width":350,"height":200},"classes":[]},{"id":55514,"url":"https:\/\/www.hoymercedes.com.ar\/principal\/2016\/10\/05\/espacios-verdes-continuan-con-la-poda-correctiva\/","url_meta":{"origin":79102,"position":1},"title":"Espacios Verdes: Contin\u00faan con la poda correctiva","author":"hoymercedes","date":"5 octubre, 2016","format":false,"excerpt":"Desde la Municipalidad de Mercedes, a trav\u00e9s de la Direcci\u00f3n de Espacios Verdes, se est\u00e1 realizando una tarea que no solo comprende a la poda correctiva, sino que tambi\u00e9n es un trabajo preventivo, de orientaci\u00f3n en el crecimiento de los \u00e1rboles, de control del crecimiento y para la preservaci\u00f3n de\u2026","rel":"","context":"En \u00abCiudad\u00bb","block_context":{"text":"Ciudad","link":"https:\/\/www.hoymercedes.com.ar\/principal\/category\/ciudad\/"},"img":{"alt_text":"","src":"","width":0,"height":0},"classes":[]},{"id":72710,"url":"https:\/\/www.hoymercedes.com.ar\/principal\/2018\/02\/20\/alertan-sobre-cuidado-de-arbolado-urbano-y-multa\/","url_meta":{"origin":79102,"position":2},"title":"Alertan sobre cuidado de arbolado urbano y multa","author":"hoymercedes","date":"20 febrero, 2018","format":false,"excerpt":"EL Director del \u00e1rea, Leonardo Belforte, expres\u00f3 la importancia de cuidar el arbolado urbano destacando existe legislaci\u00f3n que as\u00ed lo establece. Tambi\u00e9n se supo que se mult\u00f3 a un vecino por no cumplir con las normas. \u201cMuchas personas han poda incorrecta\u201d, destac\u00f3 el funcionario. Con el prop\u00f3sito de preservar la\u2026","rel":"","context":"En \u00abMunicipio\u00bb","block_context":{"text":"Municipio","link":"https:\/\/www.hoymercedes.com.ar\/principal\/category\/municipio\/"},"img":{"alt_text":"","src":"https:\/\/i0.wp.com\/www.hoymercedes.com.ar\/principal\/wp-content\/uploads\/2018\/02\/forestaci%C3%B3n.mercedes.jpg?resize=350%2C200&ssl=1","width":350,"height":200,"srcset":"https:\/\/i0.wp.com\/www.hoymercedes.com.ar\/principal\/wp-content\/uploads\/2018\/02\/forestaci%C3%B3n.mercedes.jpg?resize=350%2C200&ssl=1 1x, https:\/\/i0.wp.com\/www.hoymercedes.com.ar\/principal\/wp-content\/uploads\/2018\/02\/forestaci%C3%B3n.mercedes.jpg?resize=525%2C300&ssl=1 1.5x, https:\/\/i0.wp.com\/www.hoymercedes.com.ar\/principal\/wp-content\/uploads\/2018\/02\/forestaci%C3%B3n.mercedes.jpg?resize=700%2C400&ssl=1 2x"},"classes":[]},{"id":54212,"url":"https:\/\/www.hoymercedes.com.ar\/principal\/2016\/09\/03\/continuan-los-trabajos-de-mantenimiento-de-espacios-publicos\/","url_meta":{"origin":79102,"position":3},"title":"Contin\u00faan los trabajos de mantenimiento de espacios p\u00fablicos","author":"hoymercedes","date":"3 septiembre, 2016","format":false,"excerpt":"Por Prensa Municipal - El Intendente Municipal Dr. Juan Ignacio Ustarroz, visit\u00f3 algunos lugares donde se est\u00e1n llevando adelante tareas para mejorar el arbolado urbano y la conservaci\u00f3n de los espacios p\u00fablicos. Detr\u00e1s del edificio de\u00a0la Escuela\u00a0Normal\u00a0\u201cJusto Jos\u00e9 de Urquiza\u201d, es decir en calle 27 entre 36 y 38, se\u2026","rel":"","context":"En \u00abMunicipio\u00bb","block_context":{"text":"Municipio","link":"https:\/\/www.hoymercedes.com.ar\/principal\/category\/municipio\/"},"img":{"alt_text":"","src":"https:\/\/i0.wp.com\/www.hoymercedes.com.ar\/principal\/wp-content\/uploads\/2016\/09\/03-JUANI-ARBOLADO-1_0180.jpg?resize=350%2C200&ssl=1","width":350,"height":200},"classes":[]},{"id":87537,"url":"https:\/\/www.hoymercedes.com.ar\/principal\/2019\/01\/30\/espacios-verdes-solicita-se-denuncie-caidas-de-arboles-o-ramas\/","url_meta":{"origin":79102,"position":4},"title":"Espacios Verdes solicita se denuncie ca\u00eddas de \u00e1rboles o ramas","author":"hoymercedes","date":"30 enero, 2019","format":false,"excerpt":"Debido a las fuertes tormentas de las \u00faltimas horas y las que se preven para los pr\u00f3ximos d\u00edas, el \u00e1rea de Espacio Verde pide que los vecinos informan las ca\u00eddas de ramas y \u00e1rboles producto de las fuertes r\u00e1fagas de viento. Leonardo Belforte, director del \u00e1rea de Espacios Verdes, indic\u00f3:\u2026","rel":"","context":"En \u00abMunicipio\u00bb","block_context":{"text":"Municipio","link":"https:\/\/www.hoymercedes.com.ar\/principal\/category\/municipio\/"},"img":{"alt_text":"","src":"https:\/\/i0.wp.com\/www.hoymercedes.com.ar\/principal\/wp-content\/uploads\/2016\/08\/25-belforte.jpg?resize=350%2C200&ssl=1","width":350,"height":200},"classes":[]},{"id":52705,"url":"https:\/\/www.hoymercedes.com.ar\/principal\/2016\/07\/20\/continua-la-poda-en-el-casco-centrico\/","url_meta":{"origin":79102,"position":5},"title":"Contin\u00faa la poda en el casco c\u00e9ntrico","author":"hoymercedes","date":"20 julio, 2016","format":false,"excerpt":"Desde la Oficina de Arbolado Urbano, perteneciente a la Direcci\u00f3n de Producci\u00f3n de la Municipalidad de Mercedes, se est\u00e1 llevando adelante la poda correctiva anual. Se pueden ver a las cuadrillas especializadas que est\u00e1n cumpliendo con el trabajo en las zonas denominadas \u201ccr\u00edticas\u201d, las que fueron determinadas en reuni\u00f3n con\u2026","rel":"","context":"En \u00abMunicipio\u00bb","block_context":{"text":"Municipio","link":"https:\/\/www.hoymercedes.com.ar\/principal\/category\/municipio\/"},"img":{"alt_text":"","src":"https:\/\/i0.wp.com\/www.hoymercedes.com.ar\/principal\/wp-content\/uploads\/2016\/07\/20-PODA-2.jpg?resize=350%2C200&ssl=1","width":350,"height":200},"classes":[]}],"_links":{"self":[{"href":"https:\/\/www.hoymercedes.com.ar\/principal\/wp-json\/wp\/v2\/posts\/79102","targetHints":{"allow":["GET"]}}],"collection":[{"href":"https:\/\/www.hoymercedes.com.ar\/principal\/wp-json\/wp\/v2\/posts"}],"about":[{"href":"https:\/\/www.hoymercedes.com.ar\/principal\/wp-json\/wp\/v2\/types\/post"}],"author":[{"embeddable":true,"href":"https:\/\/www.hoymercedes.com.ar\/principal\/wp-json\/wp\/v2\/users\/1"}],"replies":[{"embeddable":true,"href":"https:\/\/www.hoymercedes.com.ar\/principal\/wp-json\/wp\/v2\/comments?post=79102"}],"version-history":[{"count":0,"href":"https:\/\/www.hoymercedes.com.ar\/principal\/wp-json\/wp\/v2\/posts\/79102\/revisions"}],"wp:featuredmedia":[{"embeddable":true,"href":"https:\/\/www.hoymercedes.com.ar\/principal\/wp-json\/wp\/v2\/media\/79103"}],"wp:attachment":[{"href":"https:\/\/www.hoymercedes.com.ar\/principal\/wp-json\/wp\/v2\/media?parent=79102"}],"wp:term":[{"taxonomy":"category","embeddable":true,"href":"https:\/\/www.hoymercedes.com.ar\/principal\/wp-json\/wp\/v2\/categories?post=79102"},{"taxonomy":"post_tag","embeddable":true,"href":"https:\/\/www.hoymercedes.com.ar\/principal\/wp-json\/wp\/v2\/tags?post=79102"}],"curies":[{"name":"wp","href":"https:\/\/api.w.org\/{rel}","templated":true}]}}