{"id":79134,"date":"2018-07-29T20:02:39","date_gmt":"2018-07-29T23:02:39","guid":{"rendered":"http:\/\/www.hoymercedes.com.ar\/principal\/?p=79134"},"modified":"2018-07-29T20:02:39","modified_gmt":"2018-07-29T23:02:39","slug":"cierre-de-vacaciones-de-invierno-con-sorteo-y-mas-de-10-000-asistentes-en-dos-semanas-de-fiesta","status":"publish","type":"post","link":"https:\/\/www.hoymercedes.com.ar\/principal\/2018\/07\/29\/cierre-de-vacaciones-de-invierno-con-sorteo-y-mas-de-10-000-asistentes-en-dos-semanas-de-fiesta\/","title":{"rendered":"Cierre de vacaciones de invierno con sorteo y m\u00e1s de 10.000 asistentes en dos semanas de fiesta"},"content":{"rendered":"<p><strong><img loading=\"lazy\" decoding=\"async\" data-attachment-id=\"79137\" data-permalink=\"https:\/\/www.hoymercedes.com.ar\/principal\/2018\/07\/29\/cierre-de-vacaciones-de-invierno-con-sorteo-y-mas-de-10-000-asistentes-en-dos-semanas-de-fiesta\/ustarroz-capaccio-ezcudero-2\/#main\" data-orig-file=\"https:\/\/www.hoymercedes.com.ar\/principal\/wp-content\/uploads\/2018\/07\/Ustarroz-Capaccio-Ezcudero.2.jpeg\" data-orig-size=\"1280,853\" data-comments-opened=\"0\" data-image-meta=\"{&quot;aperture&quot;:&quot;0&quot;,&quot;credit&quot;:&quot;&quot;,&quot;camera&quot;:&quot;&quot;,&quot;caption&quot;:&quot;&quot;,&quot;created_timestamp&quot;:&quot;0&quot;,&quot;copyright&quot;:&quot;&quot;,&quot;focal_length&quot;:&quot;0&quot;,&quot;iso&quot;:&quot;0&quot;,&quot;shutter_speed&quot;:&quot;0&quot;,&quot;title&quot;:&quot;&quot;,&quot;orientation&quot;:&quot;0&quot;}\" data-image-title=\"Ustarroz-Capaccio-Ezcudero.2\" data-image-description=\"\" data-image-caption=\"\" data-large-file=\"https:\/\/www.hoymercedes.com.ar\/principal\/wp-content\/uploads\/2018\/07\/Ustarroz-Capaccio-Ezcudero.2-1024x682.jpeg\" class=\"aligncenter size-medium wp-image-79137\" src=\"https:\/\/www.hoymercedes.com.ar\/principal\/wp-content\/uploads\/2018\/07\/Ustarroz-Capaccio-Ezcudero.2-630x420.jpeg\" alt=\"\" width=\"630\" height=\"420\" srcset=\"https:\/\/www.hoymercedes.com.ar\/principal\/wp-content\/uploads\/2018\/07\/Ustarroz-Capaccio-Ezcudero.2-630x420.jpeg 630w, https:\/\/www.hoymercedes.com.ar\/principal\/wp-content\/uploads\/2018\/07\/Ustarroz-Capaccio-Ezcudero.2-150x100.jpeg 150w, https:\/\/www.hoymercedes.com.ar\/principal\/wp-content\/uploads\/2018\/07\/Ustarroz-Capaccio-Ezcudero.2-1024x682.jpeg 1024w, https:\/\/www.hoymercedes.com.ar\/principal\/wp-content\/uploads\/2018\/07\/Ustarroz-Capaccio-Ezcudero.2.jpeg 1280w\" sizes=\"auto, (max-width: 630px) 100vw, 630px\" \/><\/strong><\/p>\n<p>Las vacaciones de invierno se vivieron en Mercedes con una gran cantidad de actividades e inversi\u00f3n por parte de la Municipalidad de Mercedes. Cerca de 10 mil asistentes al Teatro, Circo, Kermesse, Museos, Deporte, Comedia Municipal y juegos que el clima no logr\u00f3 opacar. Con salas llenas y funciones completas las familias disfrutaron junto a los m\u00e1s peque\u00f1os. Se sortearon dos bicicletas.<\/p>\n<p>En el Complejo Cultural La Trocha se vivi\u00f3 la \u00faltima jornada de vacaciones con las funciones llenas del Circo Migra que la Direcci\u00f3n de Cultura program\u00f3.<\/p>\n<p>\u201cEstamos muy contentos\u201d, sostuvo el Jefe Comunal, Dr. Juan Ignacio Ustarroz, quien les cont\u00f3 a los nenes que \u201cvamos a seguir haciendo m\u00e1s talleres, obras para todos ustedes. Adem\u00e1s la kermesse recorrer\u00e1 los barrios, para poder seguir jugando\u201d sostuvo ante el gran marco de p\u00fablico en el gal\u00f3n de la recuperada Trocha. M\u00e1s adelante coment\u00f3 que \u201cha sido una gran tarea de los trabajadores municipales que fueron a buscar a los chicos a los barrios, crearon las estructuras de juegos, hicieron todo lo posible para que esto sea lo que es, un \u00e9xito y especialmente un encuentro familia. Muchas gracias. \u201d<\/p>\n<figure id=\"attachment_79136\" aria-describedby=\"caption-attachment-79136\" style=\"width: 620px\" class=\"wp-caption aligncenter\"><img loading=\"lazy\" decoding=\"async\" data-attachment-id=\"79136\" data-permalink=\"https:\/\/www.hoymercedes.com.ar\/principal\/2018\/07\/29\/cierre-de-vacaciones-de-invierno-con-sorteo-y-mas-de-10-000-asistentes-en-dos-semanas-de-fiesta\/asistentes-trocha\/#main\" data-orig-file=\"https:\/\/www.hoymercedes.com.ar\/principal\/wp-content\/uploads\/2018\/07\/Asistentes-Trocha.jpeg\" data-orig-size=\"1280,853\" data-comments-opened=\"0\" data-image-meta=\"{&quot;aperture&quot;:&quot;0&quot;,&quot;credit&quot;:&quot;&quot;,&quot;camera&quot;:&quot;&quot;,&quot;caption&quot;:&quot;&quot;,&quot;created_timestamp&quot;:&quot;0&quot;,&quot;copyright&quot;:&quot;&quot;,&quot;focal_length&quot;:&quot;0&quot;,&quot;iso&quot;:&quot;0&quot;,&quot;shutter_speed&quot;:&quot;0&quot;,&quot;title&quot;:&quot;&quot;,&quot;orientation&quot;:&quot;0&quot;}\" data-image-title=\"Asistentes-Trocha\" data-image-description=\"\" data-image-caption=\"&lt;p&gt;Galp\u00f3n de La Trocha con muchos nenes&lt;\/p&gt;\n\" data-large-file=\"https:\/\/www.hoymercedes.com.ar\/principal\/wp-content\/uploads\/2018\/07\/Asistentes-Trocha-1024x682.jpeg\" class=\"size-medium wp-image-79136\" src=\"https:\/\/www.hoymercedes.com.ar\/principal\/wp-content\/uploads\/2018\/07\/Asistentes-Trocha-630x420.jpeg\" alt=\"\" width=\"630\" height=\"420\" srcset=\"https:\/\/www.hoymercedes.com.ar\/principal\/wp-content\/uploads\/2018\/07\/Asistentes-Trocha-630x420.jpeg 630w, https:\/\/www.hoymercedes.com.ar\/principal\/wp-content\/uploads\/2018\/07\/Asistentes-Trocha-150x100.jpeg 150w, https:\/\/www.hoymercedes.com.ar\/principal\/wp-content\/uploads\/2018\/07\/Asistentes-Trocha-1024x682.jpeg 1024w, https:\/\/www.hoymercedes.com.ar\/principal\/wp-content\/uploads\/2018\/07\/Asistentes-Trocha.jpeg 1280w\" sizes=\"auto, (max-width: 630px) 100vw, 630px\" \/><figcaption id=\"caption-attachment-79136\" class=\"wp-caption-text\">Galp\u00f3n de La Trocha con muchos nenes<\/figcaption><\/figure>\n<p>Para la directora de cultura, Lucia Capaccio, \u201chan sido unas vacaciones espl\u00e9ndidas. El tiempo nos jug\u00f3 una mala pasada para las actividades al aire libre, pero las salas del teatro, museos, el circo, el galp\u00f3n de la Trocha estuvieron siempre repletas. Las familias, debemos agradecerles, dijeron presente y eso nos llena alegr\u00eda\u201d, coment\u00f3 y destac\u00f3 que \u201cestimamos alrededor de 10.000 vecinos estuvieron asistiendo estas dos semanas. El c\u00e1lculo es f\u00e1cil porque entreg\u00e1bamos ticket para las funciones de cada actividad\u201d coment\u00f3, donde por ejemplo el Circo hizo de mi\u00e9rcoles a domingo 4 funciones diarias a 250 personas, m\u00e1s el teatro que siempre cont\u00f3 con asistencia plena. Los museos tambi\u00e9n fueron elegidos por las familias con actividades l\u00fadicas para todos los nenes y nenas. Hubo actividades en los Jardines Primera Infancia, en el Unzu\u00e9 y la Comedia Municipal recorriendo barrios con la obra \u00abFortunata\u00bb bajo direcci\u00f3n de Mar\u00eda Cardenas, siempre pensando en la ni\u00f1ez como una prioridad, expresaron desde la Comuna.<\/p>\n<p>\u201cDeseo tambi\u00e9n agradecer al intendente todo el apoyo brindado\u201d, sostuvo Capaccio \u201cporque mientras en todos lados se ajusta y quita apoyo a la ni\u00f1ez y la cultura en Mercedes pudimos redoblar la apuesta y montar una kermesse realizada totalmente con trabajo e ideas mercedinas, entre otras actividades\u201d.<\/p>\n<p>Vale destacar que lo mini buses municipales estuvieron recorriendo barrios y zona rural, trayendo cada d\u00eda a nenes para que sean parte de las propuestas, como as\u00ed tambi\u00e9n desde diversas instituciones.<\/p>\n<p>&nbsp;<\/p>\n<p>Se realiz\u00f3 un nuevo sorteo de bicicleta, la segunda en estas vacaciones, que tuvo como ganador al peque\u00f1o Lorenzo Ezcudero, que recibi\u00f3 a manos del intendente el premio, siendo la semana pasada Maitena Barbieri la ganadora.<\/p>\n<p>\u201cDebemos, adem\u00e1s, decir gracias a todas las familias que fueron parte de los encuentros. Sin ellos no ser\u00eda el \u00e9xito que fue\u201d, coment\u00f3 Ustarroz destacando que \u201cpara nosotros invertir en cultura y cuidado de la ni\u00f1ez es pensar en futuro\u201d.<\/p>\n<p>De esta manera, al igual que el a\u00f1o pasado, el Programa \u201cVivi Mercedes\u201d dej\u00f3 un \u201csalgo muy positivo\u201d para la organizaci\u00f3n, con gran asistencia y encuentro familiar.<\/p>\n<p>&nbsp;<\/p>\n<p>Fuente: Direccion de Cultura<\/p>\n","protected":false},"excerpt":{"rendered":"<p>Las vacaciones de invierno se vivieron en Mercedes con una gran cantidad de actividades e inversi\u00f3n por parte de la &#8230; <a title=\"Cierre de vacaciones de invierno con sorteo y m\u00e1s de 10.000 asistentes en dos semanas de fiesta\" class=\"read-more\" href=\"https:\/\/www.hoymercedes.com.ar\/principal\/2018\/07\/29\/cierre-de-vacaciones-de-invierno-con-sorteo-y-mas-de-10-000-asistentes-en-dos-semanas-de-fiesta\/\" aria-label=\"Leer m\u00e1s sobre Cierre de vacaciones de invierno con sorteo y m\u00e1s de 10.000 asistentes en dos semanas de fiesta\">Leer m\u00e1s<\/a><\/p>\n","protected":false},"author":1,"featured_media":79136,"comment_status":"closed","ping_status":"open","sticky":false,"template":"","format":"standard","meta":{"_monsterinsights_skip_tracking":false,"_monsterinsights_sitenote_active":false,"_monsterinsights_sitenote_note":"","_monsterinsights_sitenote_category":0,"jetpack_post_was_ever_published":false,"_jetpack_newsletter_access":"","_jetpack_dont_email_post_to_subs":false,"_jetpack_newsletter_tier_id":0,"_jetpack_memberships_contains_paywalled_content":false,"_jetpack_memberships_contains_paid_content":false,"footnotes":"","jetpack_publicize_message":"","jetpack_publicize_feature_enabled":true,"jetpack_social_post_already_shared":true,"jetpack_social_options":{"image_generator_settings":{"template":"highway","default_image_id":0,"font":"","enabled":false},"version":2},"_wpas_customize_per_network":false},"categories":[104],"tags":[585,8589,7629,10403],"class_list":["post-79134","post","type-post","status-publish","format-standard","has-post-thumbnail","hentry","category-cultura","tag-juan-ustarroz","tag-lucia-capaccio","tag-vacaciones-de-invierno","tag-vivi-mercedes","generate-columns","tablet-grid-50","mobile-grid-100","grid-parent","grid-50"],"jetpack_publicize_connections":[],"jetpack_featured_media_url":"https:\/\/www.hoymercedes.com.ar\/principal\/wp-content\/uploads\/2018\/07\/Asistentes-Trocha.jpeg","wps_subtitle":"","jetpack_sharing_enabled":true,"_links":{"self":[{"href":"https:\/\/www.hoymercedes.com.ar\/principal\/wp-json\/wp\/v2\/posts\/79134","targetHints":{"allow":["GET"]}}],"collection":[{"href":"https:\/\/www.hoymercedes.com.ar\/principal\/wp-json\/wp\/v2\/posts"}],"about":[{"href":"https:\/\/www.hoymercedes.com.ar\/principal\/wp-json\/wp\/v2\/types\/post"}],"author":[{"embeddable":true,"href":"https:\/\/www.hoymercedes.com.ar\/principal\/wp-json\/wp\/v2\/users\/1"}],"replies":[{"embeddable":true,"href":"https:\/\/www.hoymercedes.com.ar\/principal\/wp-json\/wp\/v2\/comments?post=79134"}],"version-history":[{"count":0,"href":"https:\/\/www.hoymercedes.com.ar\/principal\/wp-json\/wp\/v2\/posts\/79134\/revisions"}],"wp:featuredmedia":[{"embeddable":true,"href":"https:\/\/www.hoymercedes.com.ar\/principal\/wp-json\/wp\/v2\/media\/79136"}],"wp:attachment":[{"href":"https:\/\/www.hoymercedes.com.ar\/principal\/wp-json\/wp\/v2\/media?parent=79134"}],"wp:term":[{"taxonomy":"category","embeddable":true,"href":"https:\/\/www.hoymercedes.com.ar\/principal\/wp-json\/wp\/v2\/categories?post=79134"},{"taxonomy":"post_tag","embeddable":true,"href":"https:\/\/www.hoymercedes.com.ar\/principal\/wp-json\/wp\/v2\/tags?post=79134"}],"curies":[{"name":"wp","href":"https:\/\/api.w.org\/{rel}","templated":true}]}}