{"id":79160,"date":"2018-07-30T21:00:27","date_gmt":"2018-07-31T00:00:27","guid":{"rendered":"http:\/\/www.hoymercedes.com.ar\/principal\/?p=79160"},"modified":"2018-07-30T20:24:53","modified_gmt":"2018-07-30T23:24:53","slug":"ustarroz-entrego-mas-equipamiento-medico-para-el-cuidado-de-la-ninez-en-los-caps","status":"publish","type":"post","link":"https:\/\/www.hoymercedes.com.ar\/principal\/2018\/07\/30\/ustarroz-entrego-mas-equipamiento-medico-para-el-cuidado-de-la-ninez-en-los-caps\/","title":{"rendered":"Ustarroz entreg\u00f3 m\u00e1s equipamiento m\u00e9dico para el cuidado de la ni\u00f1ez en los CAPS"},"content":{"rendered":"<figure id=\"attachment_79161\" aria-describedby=\"caption-attachment-79161\" style=\"width: 620px\" class=\"wp-caption aligncenter\"><img loading=\"lazy\" decoding=\"async\" data-attachment-id=\"79161\" data-permalink=\"https:\/\/www.hoymercedes.com.ar\/principal\/2018\/07\/30\/ustarroz-entrego-mas-equipamiento-medico-para-el-cuidado-de-la-ninez-en-los-caps\/caps-entrga\/#main\" data-orig-file=\"https:\/\/www.hoymercedes.com.ar\/principal\/wp-content\/uploads\/2018\/07\/Caps-entrga.jpg\" data-orig-size=\"980,654\" data-comments-opened=\"0\" data-image-meta=\"{&quot;aperture&quot;:&quot;0&quot;,&quot;credit&quot;:&quot;&quot;,&quot;camera&quot;:&quot;&quot;,&quot;caption&quot;:&quot;&quot;,&quot;created_timestamp&quot;:&quot;0&quot;,&quot;copyright&quot;:&quot;&quot;,&quot;focal_length&quot;:&quot;0&quot;,&quot;iso&quot;:&quot;0&quot;,&quot;shutter_speed&quot;:&quot;0&quot;,&quot;title&quot;:&quot;&quot;,&quot;orientation&quot;:&quot;0&quot;}\" data-image-title=\"Caps-entrga\" data-image-description=\"\" data-image-caption=\"&lt;p&gt;Caps Blandengues&lt;\/p&gt;\n\" data-large-file=\"https:\/\/www.hoymercedes.com.ar\/principal\/wp-content\/uploads\/2018\/07\/Caps-entrga.jpg\" class=\"size-medium wp-image-79161\" src=\"https:\/\/www.hoymercedes.com.ar\/principal\/wp-content\/uploads\/2018\/07\/Caps-entrga-630x420.jpg\" alt=\"\" width=\"630\" height=\"420\" srcset=\"https:\/\/www.hoymercedes.com.ar\/principal\/wp-content\/uploads\/2018\/07\/Caps-entrga-630x420.jpg 630w, https:\/\/www.hoymercedes.com.ar\/principal\/wp-content\/uploads\/2018\/07\/Caps-entrga-150x100.jpg 150w, https:\/\/www.hoymercedes.com.ar\/principal\/wp-content\/uploads\/2018\/07\/Caps-entrga.jpg 980w\" sizes=\"auto, (max-width: 630px) 100vw, 630px\" \/><figcaption id=\"caption-attachment-79161\" class=\"wp-caption-text\">Caps Blandengues<\/figcaption><\/figure>\n<p><strong>\u00a0<\/strong><\/p>\n<p>El intendente, el Dr. Juan Ignacio Ustarroz, junto al secretario de salud, Dr. Pablo Cassiani recorrieron el Centro de Atenci\u00f3n Primaria a la Salud (CAPS) del barrio Blandengues. A su vez, hicieron entrega de materiales y herramientas de salud que permitir\u00e1n una mejor atenci\u00f3n a todas las embarazadas que asisten al lugar. Este suministro de equipos est\u00e1 enmarcado dentro del programa Primeros Mil D\u00edas. \u201cQue los trabajadores de la salud tengan las herramientas y las condiciones adecuadas para poder atender a nuestros vecinos, nos parece algo necesario e importante\u201d se\u00f1al\u00f3 el jefe comunal.<\/p>\n<p>Conjuntamente, el Dr. Ustarroz, mencion\u00f3 \u201ceste CAPS es uno de los que hemos ampliado, remodelado e incorporado nuevos dispositivos de salud\u201d y destac\u00f3 \u201cpara nosotros hay un dispositivo que es fundamental, el programa Primeros Mil D\u00edas. Al cual el Municipio apuesta much\u00edsimo, porque se aboca al ni\u00f1o y a la madre\u201d.<\/p>\n<p><strong>Seguir invirtiendo<\/strong><\/p>\n<p>\u201cQuiero felicitar el trabajo que se vienen desarrollando a nivel salud desde el \u00e1rea municipal, que es reconocido y valorado por toda la comunidad\u201d subray\u00f3 el primer mandatario.<\/p>\n<p>Y a su vez remarc\u00f3 \u201cEstamos invirtiendo mucho en salud y queremos hacerlo cada d\u00eda m\u00e1s\u201d y expres\u00f3 \u201ccuando vemos los resultados concretos -que el vecino viene al CAPS, es atendido y se va agradecido por el cuidado profesional que tienen- realmente nos llena de orgullo\u201d.<\/p>\n<p><strong>M\u00e1s herramientas <\/strong><\/p>\n<p>Por su parte, el secretario de salud, Pablo Cassiani, expuso \u201cquiero destacar el trabajo que se realiza todos los d\u00edas desde los diferentes dispositivos, tanto a nivel salud, como en las diferentes \u00e1reas\u201d y a\u00f1adi\u00f3 \u201cel recurso m\u00e1s importante que tiene la municipalidad es el humano, nosotros lo que tratamos de hacer es facilitar su trabajo, intentando suministrar las mejores herramientas\u201d.<\/p>\n<p>Adem\u00e1s, el Dr. Cassiani, explic\u00f3 \u201cesto se traducir\u00e1 sin dudas en la mejora de atenci\u00f3n de calidad de los vecinos<\/p>\n<p><strong>Detector Fetal<\/strong><\/p>\n<p>Noelia Saavedra, ginec\u00f3loga que trabaja en el CAPS del barrio Blandengues, agradeci\u00f3 la entrega de detector de latidos fetal y dijo \u201cnos viene realmente muy bien, ya que hay mucha demanda, una numerosa cantidad de embarazadas vienen a hacerse el control ginecol\u00f3gico\u201d.<\/p>\n<p>Adem\u00e1s, la ginec\u00f3loga, describi\u00f3 \u201ceste detector de latidos fetales se usa mucho en el control\u201d y asegur\u00f3 \u201ccada vez que la paciente viene a realizarse los chequeos hay que escuchar los latidos, hay que hacer la medici\u00f3n de la altura uterina, tomar la presi\u00f3n, pesar a las pacientes, as\u00ed que son herramientas muy importantes para la obstetricia.<\/p>\n<p>&nbsp;<\/p>\n<p><span style=\"color: #808080;\">Fuente: Municipio<\/span><\/p>\n","protected":false},"excerpt":{"rendered":"<p>\u00a0 El intendente, el Dr. Juan Ignacio Ustarroz, junto al secretario de salud, Dr. Pablo Cassiani recorrieron el Centro de &#8230; <a title=\"Ustarroz entreg\u00f3 m\u00e1s equipamiento m\u00e9dico para el cuidado de la ni\u00f1ez en los CAPS\" class=\"read-more\" href=\"https:\/\/www.hoymercedes.com.ar\/principal\/2018\/07\/30\/ustarroz-entrego-mas-equipamiento-medico-para-el-cuidado-de-la-ninez-en-los-caps\/\" aria-label=\"Leer m\u00e1s sobre Ustarroz entreg\u00f3 m\u00e1s equipamiento m\u00e9dico para el cuidado de la ni\u00f1ez en los CAPS\">Leer m\u00e1s<\/a><\/p>\n","protected":false},"author":1,"featured_media":79161,"comment_status":"closed","ping_status":"open","sticky":false,"template":"","format":"standard","meta":{"_monsterinsights_skip_tracking":false,"_monsterinsights_sitenote_active":false,"_monsterinsights_sitenote_note":"","_monsterinsights_sitenote_category":0,"jetpack_post_was_ever_published":false,"_jetpack_newsletter_access":"","_jetpack_dont_email_post_to_subs":false,"_jetpack_newsletter_tier_id":0,"_jetpack_memberships_contains_paywalled_content":false,"_jetpack_memberships_contains_paid_content":false,"footnotes":"","jetpack_publicize_message":"","jetpack_publicize_feature_enabled":true,"jetpack_social_post_already_shared":true,"jetpack_social_options":{"image_generator_settings":{"template":"highway","default_image_id":0,"font":"","enabled":false},"version":2},"_wpas_customize_per_network":false},"categories":[30],"tags":[12998,13526,8637,424],"class_list":["post-79160","post","type-post","status-publish","format-standard","has-post-thumbnail","hentry","category-municipio","tag-1000-dias","tag-caps-blandenguez","tag-cassiani","tag-ustarroz","generate-columns","tablet-grid-50","mobile-grid-100","grid-parent","grid-50"],"jetpack_publicize_connections":[],"jetpack_featured_media_url":"https:\/\/www.hoymercedes.com.ar\/principal\/wp-content\/uploads\/2018\/07\/Caps-entrga.jpg","wps_subtitle":"Caps Blandengues","jetpack_sharing_enabled":true,"jetpack-related-posts":[{"id":89806,"url":"https:\/\/www.hoymercedes.com.ar\/principal\/2019\/03\/20\/suman-electrocardiograma-al-caps-blandengues\/","url_meta":{"origin":79160,"position":0},"title":"Suman electrocardiograma al CAPS Blandengues","author":"hoymercedes","date":"20 marzo, 2019","format":false,"excerpt":"El Municipio de Mercedes a trav\u00e9s de la Secretar\u00eda de Salud, entreg\u00f3 en el Centro de Atenci\u00f3n Primaria del barrio Blandengues, un equipo de electrocardiograf\u00edas y uniformes a todo el equipo de profesionales. La contribuci\u00f3n va en consonancia con el programa ProSaDeM (Programa de sanidad en el deporte municipal). En\u2026","rel":"","context":"En \u00abMunicipio\u00bb","block_context":{"text":"Municipio","link":"https:\/\/www.hoymercedes.com.ar\/principal\/category\/municipio\/"},"img":{"alt_text":"","src":"https:\/\/i0.wp.com\/www.hoymercedes.com.ar\/principal\/wp-content\/uploads\/2019\/03\/21-Blandenguez-Entrega.jpg?resize=350%2C200&ssl=1","width":350,"height":200,"srcset":"https:\/\/i0.wp.com\/www.hoymercedes.com.ar\/principal\/wp-content\/uploads\/2019\/03\/21-Blandenguez-Entrega.jpg?resize=350%2C200&ssl=1 1x, https:\/\/i0.wp.com\/www.hoymercedes.com.ar\/principal\/wp-content\/uploads\/2019\/03\/21-Blandenguez-Entrega.jpg?resize=525%2C300&ssl=1 1.5x, https:\/\/i0.wp.com\/www.hoymercedes.com.ar\/principal\/wp-content\/uploads\/2019\/03\/21-Blandenguez-Entrega.jpg?resize=700%2C400&ssl=1 2x"},"classes":[]},{"id":67794,"url":"https:\/\/www.hoymercedes.com.ar\/principal\/2017\/09\/29\/inician-obras-en-caps-del-barrio-blandengues\/","url_meta":{"origin":79160,"position":1},"title":"Inician obras en CAPS del Barrio Blandengues","author":"hoymercedes","date":"29 septiembre, 2017","format":false,"excerpt":"Una nueva obra vinculada a la salud de los mercedinos se inici\u00f3 esta semana. Se trata de la ampliaci\u00f3n y mejoras en infraestructura del CAPS del Barrio Blandengues. Juan Ignacio Ustarroz remarc\u00f3 que \u201ces parte de un plan integral. Cuidar a los mercedinos es cuidar el futuro\u201d. El anuncio lo\u2026","rel":"","context":"En \u00abMunicipio\u00bb","block_context":{"text":"Municipio","link":"https:\/\/www.hoymercedes.com.ar\/principal\/category\/municipio\/"},"img":{"alt_text":"","src":"https:\/\/i0.wp.com\/www.hoymercedes.com.ar\/principal\/wp-content\/uploads\/2017\/09\/29-muni-caps-blandengues.jpg?resize=350%2C200&ssl=1","width":350,"height":200,"srcset":"https:\/\/i0.wp.com\/www.hoymercedes.com.ar\/principal\/wp-content\/uploads\/2017\/09\/29-muni-caps-blandengues.jpg?resize=350%2C200&ssl=1 1x, https:\/\/i0.wp.com\/www.hoymercedes.com.ar\/principal\/wp-content\/uploads\/2017\/09\/29-muni-caps-blandengues.jpg?resize=525%2C300&ssl=1 1.5x"},"classes":[]},{"id":81949,"url":"https:\/\/www.hoymercedes.com.ar\/principal\/2018\/10\/04\/caps-facundo-quiroga-suman-profesionales-y-equipamiento\/","url_meta":{"origin":79160,"position":2},"title":"CAPS Facundo Quiroga: suman profesionales y equipamiento","author":"hoymercedes","date":"4 octubre, 2018","format":false,"excerpt":"En el CAPS del Barrio Facundo Quiroga se sum\u00f3 una nueva especialista en obstetricia L\u00eda Magiolo que atender\u00e1 a las beneficiarias del Programa Mil D\u00edas que est\u00e9n llevando los \u00faltimos d\u00edas de embarazos. En este mismo centro de salud incorporaron un detector fetal que permitir\u00e1 comprobar los latidos del coraz\u00f3n\u2026","rel":"","context":"En \u00abMunicipio\u00bb","block_context":{"text":"Municipio","link":"https:\/\/www.hoymercedes.com.ar\/principal\/category\/municipio\/"},"img":{"alt_text":"","src":"https:\/\/i0.wp.com\/www.hoymercedes.com.ar\/principal\/wp-content\/uploads\/2018\/10\/04-muni-caps-quiroga.jpg?resize=350%2C200&ssl=1","width":350,"height":200,"srcset":"https:\/\/i0.wp.com\/www.hoymercedes.com.ar\/principal\/wp-content\/uploads\/2018\/10\/04-muni-caps-quiroga.jpg?resize=350%2C200&ssl=1 1x, https:\/\/i0.wp.com\/www.hoymercedes.com.ar\/principal\/wp-content\/uploads\/2018\/10\/04-muni-caps-quiroga.jpg?resize=525%2C300&ssl=1 1.5x, https:\/\/i0.wp.com\/www.hoymercedes.com.ar\/principal\/wp-content\/uploads\/2018\/10\/04-muni-caps-quiroga.jpg?resize=700%2C400&ssl=1 2x"},"classes":[]},{"id":69231,"url":"https:\/\/www.hoymercedes.com.ar\/principal\/2017\/11\/05\/incorporan-especialista-en-pediatria-en-caps-barrio-marchetti\/","url_meta":{"origin":79160,"position":3},"title":"Incorporan especialista en pediatr\u00eda en CAPS Barrio Marchetti","author":"hoymercedes","date":"5 noviembre, 2017","format":false,"excerpt":"Se suma a partir de este jueves al Centro de Atenci\u00f3n a la Salud del barrio Marchetti, la doctora Claudia Colazzo especialista en pediatr\u00eda. En CAPS Trocha tambi\u00e9n hay los s\u00e1bados. \u201cPara nosotros es un orgullo. Cada nuevo anuncio en t\u00e9rminos de cuidado de nuestros chicos, que lleva tranquilidad a\u2026","rel":"","context":"En \u00abMunicipio\u00bb","block_context":{"text":"Municipio","link":"https:\/\/www.hoymercedes.com.ar\/principal\/category\/municipio\/"},"img":{"alt_text":"","src":"https:\/\/i0.wp.com\/www.hoymercedes.com.ar\/principal\/wp-content\/uploads\/2017\/11\/05-Caps-Marchetti-1.jpeg?resize=350%2C200&ssl=1","width":350,"height":200,"srcset":"https:\/\/i0.wp.com\/www.hoymercedes.com.ar\/principal\/wp-content\/uploads\/2017\/11\/05-Caps-Marchetti-1.jpeg?resize=350%2C200&ssl=1 1x, https:\/\/i0.wp.com\/www.hoymercedes.com.ar\/principal\/wp-content\/uploads\/2017\/11\/05-Caps-Marchetti-1.jpeg?resize=525%2C300&ssl=1 1.5x, https:\/\/i0.wp.com\/www.hoymercedes.com.ar\/principal\/wp-content\/uploads\/2017\/11\/05-Caps-Marchetti-1.jpeg?resize=700%2C400&ssl=1 2x"},"classes":[]},{"id":87966,"url":"https:\/\/www.hoymercedes.com.ar\/principal\/2019\/02\/11\/suman-un-electrocardiografo-al-caps-trocha\/","url_meta":{"origin":79160,"position":4},"title":"Suman un electrocardi\u00f3grafo al CAPS Trocha","author":"hoymercedes","date":"11 febrero, 2019","format":false,"excerpt":"El pasado viernes, se llev\u00f3 a cabo la entrega de un electrocari\u00f3grafo al Centro de Atenci\u00f3n a la Salud Trocha. El intendente Juan I. Ustarroz, junto al Secretario de Salud, el m\u00e9dico Pablo Cassiani, entreg\u00f3 al personal del centro de salud la nueva aparatolog\u00eda para ampliar la atenci\u00f3n a los\u2026","rel":"","context":"En \u00abMunicipio\u00bb","block_context":{"text":"Municipio","link":"https:\/\/www.hoymercedes.com.ar\/principal\/category\/municipio\/"},"img":{"alt_text":"","src":"https:\/\/i0.wp.com\/www.hoymercedes.com.ar\/principal\/wp-content\/uploads\/2019\/02\/11-caps-trocha.jpg?resize=350%2C200&ssl=1","width":350,"height":200,"srcset":"https:\/\/i0.wp.com\/www.hoymercedes.com.ar\/principal\/wp-content\/uploads\/2019\/02\/11-caps-trocha.jpg?resize=350%2C200&ssl=1 1x, https:\/\/i0.wp.com\/www.hoymercedes.com.ar\/principal\/wp-content\/uploads\/2019\/02\/11-caps-trocha.jpg?resize=525%2C300&ssl=1 1.5x, https:\/\/i0.wp.com\/www.hoymercedes.com.ar\/principal\/wp-content\/uploads\/2019\/02\/11-caps-trocha.jpg?resize=700%2C400&ssl=1 2x"},"classes":[]},{"id":79293,"url":"https:\/\/www.hoymercedes.com.ar\/principal\/2018\/08\/01\/ustarroz-inauguro-el-tercer-consultorio-odontologico-municipal\/","url_meta":{"origin":79160,"position":5},"title":"Ustarroz inaugur\u00f3 el tercer consultorio odontol\u00f3gico municipal","author":"hoymercedes","date":"1 agosto, 2018","format":false,"excerpt":"\u00a0 EL Jefe Comunal, Dr. Juan Ignacio Ustarroz, junto al Secretario de Salud, Pablo Cassiani inauguraron el tercer consultorio odontol\u00f3gico Municipal. El mismo se sit\u00faa en el barrio San Jos\u00e9. Este espacio se reconstruy\u00f3 a nuevo y cuenta con equipamiento de primer nivel. \u201cUna felicidad inmensa poder inaugurar este tercer\u2026","rel":"","context":"En \u00abMunicipio\u00bb","block_context":{"text":"Municipio","link":"https:\/\/www.hoymercedes.com.ar\/principal\/category\/municipio\/"},"img":{"alt_text":"","src":"https:\/\/i0.wp.com\/www.hoymercedes.com.ar\/principal\/wp-content\/uploads\/2018\/08\/Odontologia-Inauguraci%C3%B3n-I.jpg?resize=350%2C200&ssl=1","width":350,"height":200,"srcset":"https:\/\/i0.wp.com\/www.hoymercedes.com.ar\/principal\/wp-content\/uploads\/2018\/08\/Odontologia-Inauguraci%C3%B3n-I.jpg?resize=350%2C200&ssl=1 1x, https:\/\/i0.wp.com\/www.hoymercedes.com.ar\/principal\/wp-content\/uploads\/2018\/08\/Odontologia-Inauguraci%C3%B3n-I.jpg?resize=525%2C300&ssl=1 1.5x, https:\/\/i0.wp.com\/www.hoymercedes.com.ar\/principal\/wp-content\/uploads\/2018\/08\/Odontologia-Inauguraci%C3%B3n-I.jpg?resize=700%2C400&ssl=1 2x"},"classes":[]}],"_links":{"self":[{"href":"https:\/\/www.hoymercedes.com.ar\/principal\/wp-json\/wp\/v2\/posts\/79160","targetHints":{"allow":["GET"]}}],"collection":[{"href":"https:\/\/www.hoymercedes.com.ar\/principal\/wp-json\/wp\/v2\/posts"}],"about":[{"href":"https:\/\/www.hoymercedes.com.ar\/principal\/wp-json\/wp\/v2\/types\/post"}],"author":[{"embeddable":true,"href":"https:\/\/www.hoymercedes.com.ar\/principal\/wp-json\/wp\/v2\/users\/1"}],"replies":[{"embeddable":true,"href":"https:\/\/www.hoymercedes.com.ar\/principal\/wp-json\/wp\/v2\/comments?post=79160"}],"version-history":[{"count":0,"href":"https:\/\/www.hoymercedes.com.ar\/principal\/wp-json\/wp\/v2\/posts\/79160\/revisions"}],"wp:featuredmedia":[{"embeddable":true,"href":"https:\/\/www.hoymercedes.com.ar\/principal\/wp-json\/wp\/v2\/media\/79161"}],"wp:attachment":[{"href":"https:\/\/www.hoymercedes.com.ar\/principal\/wp-json\/wp\/v2\/media?parent=79160"}],"wp:term":[{"taxonomy":"category","embeddable":true,"href":"https:\/\/www.hoymercedes.com.ar\/principal\/wp-json\/wp\/v2\/categories?post=79160"},{"taxonomy":"post_tag","embeddable":true,"href":"https:\/\/www.hoymercedes.com.ar\/principal\/wp-json\/wp\/v2\/tags?post=79160"}],"curies":[{"name":"wp","href":"https:\/\/api.w.org\/{rel}","templated":true}]}}