{"id":79196,"date":"2018-08-02T07:46:00","date_gmt":"2018-08-02T10:46:00","guid":{"rendered":"http:\/\/www.hoymercedes.com.ar\/principal\/?p=79196"},"modified":"2018-07-31T21:30:42","modified_gmt":"2018-08-01T00:30:42","slug":"lanzan-un-bono-contribucion-para-colaborar-con-chiara-mainetti","status":"publish","type":"post","link":"https:\/\/www.hoymercedes.com.ar\/principal\/2018\/08\/02\/lanzan-un-bono-contribucion-para-colaborar-con-chiara-mainetti\/","title":{"rendered":"Lanzan un bono contribuci\u00f3n para colaborar con Chiara Mainetti"},"content":{"rendered":"<p>La m\u00faltiple campeona de atletismo Chiara Milena Mainetti busca estar en el Mundial de Monta\u00f1a de Andorra, para el cual ya est\u00e1 clasificada. Sin embargo, para poder afrontar los costos del viaje, se lanz\u00f3 un bono contribuci\u00f3n con el objetivo de poder ayudarla que tiene de costo $100.<\/p>\n<p><img loading=\"lazy\" decoding=\"async\" data-attachment-id=\"79197\" data-permalink=\"https:\/\/www.hoymercedes.com.ar\/principal\/2018\/08\/02\/lanzan-un-bono-contribucion-para-colaborar-con-chiara-mainetti\/chiara-mainetti-bono\/#main\" data-orig-file=\"https:\/\/www.hoymercedes.com.ar\/principal\/wp-content\/uploads\/2018\/07\/Chiara-Mainetti-Bono.jpg\" data-orig-size=\"512,384\" data-comments-opened=\"0\" data-image-meta=\"{&quot;aperture&quot;:&quot;0&quot;,&quot;credit&quot;:&quot;&quot;,&quot;camera&quot;:&quot;&quot;,&quot;caption&quot;:&quot;&quot;,&quot;created_timestamp&quot;:&quot;0&quot;,&quot;copyright&quot;:&quot;&quot;,&quot;focal_length&quot;:&quot;0&quot;,&quot;iso&quot;:&quot;0&quot;,&quot;shutter_speed&quot;:&quot;0&quot;,&quot;title&quot;:&quot;&quot;,&quot;orientation&quot;:&quot;0&quot;}\" data-image-title=\"Chiara Mainetti Bono\" data-image-description=\"\" data-image-caption=\"\" data-large-file=\"https:\/\/www.hoymercedes.com.ar\/principal\/wp-content\/uploads\/2018\/07\/Chiara-Mainetti-Bono.jpg\" class=\"aligncenter size-full wp-image-79197\" src=\"https:\/\/www.hoymercedes.com.ar\/principal\/wp-content\/uploads\/2018\/07\/Chiara-Mainetti-Bono.jpg\" alt=\"\" width=\"512\" height=\"384\" srcset=\"https:\/\/www.hoymercedes.com.ar\/principal\/wp-content\/uploads\/2018\/07\/Chiara-Mainetti-Bono.jpg 512w, https:\/\/www.hoymercedes.com.ar\/principal\/wp-content\/uploads\/2018\/07\/Chiara-Mainetti-Bono-150x113.jpg 150w\" sizes=\"auto, (max-width: 512px) 100vw, 512px\" \/><\/p>\n<p class=\"Estilo25\">Para aquellos que sean parte de la ayuda ingresar\u00e1n en un sorteo que ser\u00e1 el 8 de septiembre desde el Facebook de la atleta.\u00a0Los premios son un par de zapatillas New Balance, un buzo y una remera de la misma marca.\u00a0Los $100 se pueden depositar en la cuenta 0170099240000059079466 a nombre de Mart\u00edn Eduardo Mesa CUIL 20332841182 o en persona tambi\u00e9n se puede hacer.<\/p>\n<p>Mientras tanto, sigue con su puesta a punto para la m\u00e1xima competencia. El fin de semana estar\u00e1 en los 15 K de New Balance y para el 11 de agosto pr\u00f3ximo tiene planeado viajar a San Lorenzo (Salta) para encarar la preparaci\u00f3n final de cara a la competencia internacional.<\/p>\n<p>Luego de tener una aclimataci\u00f3n a los 1600 metros sobre el nivel del mar, buscando entrenar en senderos muy cerca de la capital salte\u00f1a, se vendr\u00e1 otro viaje a la localidad de Cachi el d\u00eda 18 pr\u00f3ximo.<\/p>\n","protected":false},"excerpt":{"rendered":"<p>La m\u00faltiple campeona de atletismo Chiara Milena Mainetti busca estar en el Mundial de Monta\u00f1a de Andorra, para el cual &#8230; <a title=\"Lanzan un bono contribuci\u00f3n para colaborar con Chiara Mainetti\" class=\"read-more\" href=\"https:\/\/www.hoymercedes.com.ar\/principal\/2018\/08\/02\/lanzan-un-bono-contribucion-para-colaborar-con-chiara-mainetti\/\" aria-label=\"Leer m\u00e1s sobre Lanzan un bono contribuci\u00f3n para colaborar con Chiara Mainetti\">Leer m\u00e1s<\/a><\/p>\n","protected":false},"author":1,"featured_media":79197,"comment_status":"closed","ping_status":"open","sticky":false,"template":"","format":"standard","meta":{"_monsterinsights_skip_tracking":false,"_monsterinsights_sitenote_active":false,"_monsterinsights_sitenote_note":"","_monsterinsights_sitenote_category":0,"jetpack_post_was_ever_published":false,"_jetpack_newsletter_access":"","_jetpack_dont_email_post_to_subs":false,"_jetpack_newsletter_tier_id":0,"_jetpack_memberships_contains_paywalled_content":false,"_jetpack_memberships_contains_paid_content":false,"footnotes":"","jetpack_publicize_message":"","jetpack_publicize_feature_enabled":true,"jetpack_social_post_already_shared":true,"jetpack_social_options":{"image_generator_settings":{"template":"highway","default_image_id":0,"font":"","enabled":false},"version":2},"_wpas_customize_per_network":false},"categories":[21],"tags":[803,8624,10414,204],"class_list":["post-79196","post","type-post","status-publish","format-standard","has-post-thumbnail","hentry","category-deportes","tag-atletismo","tag-bono-contribucion","tag-chiara-mainetti","tag-deportes-2","generate-columns","tablet-grid-50","mobile-grid-100","grid-parent","grid-50"],"jetpack_publicize_connections":[],"jetpack_featured_media_url":"https:\/\/www.hoymercedes.com.ar\/principal\/wp-content\/uploads\/2018\/07\/Chiara-Mainetti-Bono.jpg","wps_subtitle":"Atletismo","jetpack_sharing_enabled":true,"_links":{"self":[{"href":"https:\/\/www.hoymercedes.com.ar\/principal\/wp-json\/wp\/v2\/posts\/79196","targetHints":{"allow":["GET"]}}],"collection":[{"href":"https:\/\/www.hoymercedes.com.ar\/principal\/wp-json\/wp\/v2\/posts"}],"about":[{"href":"https:\/\/www.hoymercedes.com.ar\/principal\/wp-json\/wp\/v2\/types\/post"}],"author":[{"embeddable":true,"href":"https:\/\/www.hoymercedes.com.ar\/principal\/wp-json\/wp\/v2\/users\/1"}],"replies":[{"embeddable":true,"href":"https:\/\/www.hoymercedes.com.ar\/principal\/wp-json\/wp\/v2\/comments?post=79196"}],"version-history":[{"count":0,"href":"https:\/\/www.hoymercedes.com.ar\/principal\/wp-json\/wp\/v2\/posts\/79196\/revisions"}],"wp:featuredmedia":[{"embeddable":true,"href":"https:\/\/www.hoymercedes.com.ar\/principal\/wp-json\/wp\/v2\/media\/79197"}],"wp:attachment":[{"href":"https:\/\/www.hoymercedes.com.ar\/principal\/wp-json\/wp\/v2\/media?parent=79196"}],"wp:term":[{"taxonomy":"category","embeddable":true,"href":"https:\/\/www.hoymercedes.com.ar\/principal\/wp-json\/wp\/v2\/categories?post=79196"},{"taxonomy":"post_tag","embeddable":true,"href":"https:\/\/www.hoymercedes.com.ar\/principal\/wp-json\/wp\/v2\/tags?post=79196"}],"curies":[{"name":"wp","href":"https:\/\/api.w.org\/{rel}","templated":true}]}}