{"id":79200,"date":"2018-07-31T13:58:57","date_gmt":"2018-07-31T16:58:57","guid":{"rendered":"http:\/\/www.hoymercedes.com.ar\/principal\/?p=79200"},"modified":"2018-07-31T13:58:57","modified_gmt":"2018-07-31T16:58:57","slug":"defensor-del-pueblo-rechaza-aumento-del-transporte","status":"publish","type":"post","link":"https:\/\/www.hoymercedes.com.ar\/principal\/2018\/07\/31\/defensor-del-pueblo-rechaza-aumento-del-transporte\/","title":{"rendered":"Defensor del Pueblo rechaza aumento del transporte"},"content":{"rendered":"<p>El Defensor del Pueblo bonaerense, Guido Lorenzino, rechaz\u00f3 la decisi\u00f3n del gobierno nacional de subir las tarifas del transporte p\u00fablico, al considerar que \u201cse hace de espalda al bolsillo de la gente, cuando las econom\u00edas de las familias se encuentran duramente debilitadas por los incrementos en todos los servicios\u201d.<\/p>\n<p><img loading=\"lazy\" decoding=\"async\" data-attachment-id=\"79201\" data-permalink=\"https:\/\/www.hoymercedes.com.ar\/principal\/2018\/07\/31\/defensor-del-pueblo-rechaza-aumento-del-transporte\/base-comunicados-nuevo-layout-4\/#main\" data-orig-file=\"https:\/\/www.hoymercedes.com.ar\/principal\/wp-content\/uploads\/2018\/07\/31-defensor-pueblo.jpg\" data-orig-size=\"750,500\" data-comments-opened=\"0\" data-image-meta=\"{&quot;aperture&quot;:&quot;0&quot;,&quot;credit&quot;:&quot;&quot;,&quot;camera&quot;:&quot;&quot;,&quot;caption&quot;:&quot;base-comunicados-nuevo-LAYOUT&quot;,&quot;created_timestamp&quot;:&quot;1532974072&quot;,&quot;copyright&quot;:&quot;&quot;,&quot;focal_length&quot;:&quot;0&quot;,&quot;iso&quot;:&quot;0&quot;,&quot;shutter_speed&quot;:&quot;0&quot;,&quot;title&quot;:&quot;base-comunicados-nuevo-LAYOUT&quot;,&quot;orientation&quot;:&quot;0&quot;}\" data-image-title=\"base-comunicados-nuevo-LAYOUT\" data-image-description=\"\" data-image-caption=\"\" data-large-file=\"https:\/\/www.hoymercedes.com.ar\/principal\/wp-content\/uploads\/2018\/07\/31-defensor-pueblo.jpg\" class=\"aligncenter size-medium wp-image-79201\" src=\"https:\/\/www.hoymercedes.com.ar\/principal\/wp-content\/uploads\/2018\/07\/31-defensor-pueblo-630x420.jpg\" alt=\"\" width=\"630\" height=\"420\" srcset=\"https:\/\/www.hoymercedes.com.ar\/principal\/wp-content\/uploads\/2018\/07\/31-defensor-pueblo-630x420.jpg 630w, https:\/\/www.hoymercedes.com.ar\/principal\/wp-content\/uploads\/2018\/07\/31-defensor-pueblo-150x100.jpg 150w, https:\/\/www.hoymercedes.com.ar\/principal\/wp-content\/uploads\/2018\/07\/31-defensor-pueblo.jpg 750w\" sizes=\"auto, (max-width: 630px) 100vw, 630px\" \/><\/p>\n<p><!--more--><\/p>\n<p>Esta posici\u00f3n tiene que ver con la medida impulsada por la Naci\u00f3n de subir el valor de los boletos de los colectivos y trenes entre un 30 y 70%. Si bien se anunci\u00f3 que este cuadro ser\u00e1 escalonado, Lorenzino reconoci\u00f3 que \u201caunque se lo disfrace de cualquier forma, los trabajadores y los jubilados no soportan un aumento m\u00e1s\u201d.<\/p>\n<p>\u201cEl gobierno nacional parece no reconocer los problemas que atraviesan los bonaerenses, ya que los vuelven a castigar con un incremento que se suma a las subas irracionales de los servicios p\u00fablicos b\u00e1sicos como la luz, el gas y el agua\u201d, indic\u00f3 el Defensor del Pueblo.<\/p>\n<p>Seg\u00fan un estudio de la Defensor\u00eda y la Facultad de Sociolog\u00eda de la Universidad de Buenos Aires (UBA), el 29% de los bonaerenses dicen tener problemas con los transportes p\u00fablicos. De este grupo, el 79% no hace ning\u00fan reclamo porque sostiene que el gobierno (principal responsable de estas vulneraciones, seg\u00fan el 34% de los encuestados) no lleva adelante ning\u00fan tipo de acciones para solucionarlas.<\/p>\n<p>\u201cAnte este contexto de descontento generalizado con el transporte p\u00fablico, se suma la nueva suba, que queda en contramano con la calidad del servicio y con la seguidilla de incrementos que se aplicaron desde un tiempo a esta parte\u201d, puntualiz\u00f3 Lorenzino.<\/p>\n<p>Adem\u00e1s, precis\u00f3 que \u201cqueda claro que las paritarias cerradas en torno al 15% quedaron desdibujadas, tanto por el proceso inflacionario que atraviesa el pa\u00eds, que parece descontrolado, como por la corrida cambiaria de los \u00faltimas d\u00edas, que puso en jaque al modelo econ\u00f3mico del gobierno\u201d.<\/p>\n<p>\u201cNos ofrecen pagar los servicios en cuotas, con la agravante de recibir boletas con publicidad de entidades financieras, dando por sentado que las familias no pueden pagar, adem\u00e1s de incentivarlas a tomar cr\u00e9ditos a tasas usurarias\u201d, manifest\u00f3 Lorenzino, y agreg\u00f3 que \u201clas familias no soportan m\u00e1s la ineficiencia de las pol\u00edticas p\u00fablicas que se vienen aplicando y que, salvo la mirada de unos pocos, no encuentra correlato con la realidad\u201d.<\/p>\n<p>&nbsp;<\/p>\n<p>Fuente: Delegaci\u00f3n Mercedes Defensor del Pueblo Provincia de Buenos Aires<\/p>\n","protected":false},"excerpt":{"rendered":"<p>El Defensor del Pueblo bonaerense, Guido Lorenzino, rechaz\u00f3 la decisi\u00f3n del gobierno nacional de subir las tarifas del transporte p\u00fablico, &#8230; <a title=\"Defensor del Pueblo rechaza aumento del transporte\" class=\"read-more\" href=\"https:\/\/www.hoymercedes.com.ar\/principal\/2018\/07\/31\/defensor-del-pueblo-rechaza-aumento-del-transporte\/\" aria-label=\"Leer m\u00e1s sobre Defensor del Pueblo rechaza aumento del transporte\">Leer m\u00e1s<\/a><\/p>\n","protected":false},"author":1,"featured_media":79201,"comment_status":"closed","ping_status":"open","sticky":false,"template":"","format":"standard","meta":{"_monsterinsights_skip_tracking":false,"_monsterinsights_sitenote_active":false,"_monsterinsights_sitenote_note":"","_monsterinsights_sitenote_category":0,"jetpack_post_was_ever_published":false,"_jetpack_newsletter_access":"","_jetpack_dont_email_post_to_subs":false,"_jetpack_newsletter_tier_id":0,"_jetpack_memberships_contains_paywalled_content":false,"_jetpack_memberships_contains_paid_content":false,"footnotes":"","jetpack_publicize_message":"","jetpack_publicize_feature_enabled":true,"jetpack_social_post_already_shared":true,"jetpack_social_options":{"image_generator_settings":{"template":"highway","default_image_id":0,"font":"","enabled":false},"version":2},"_wpas_customize_per_network":false},"categories":[8881],"tags":[13530,9284,10,1803],"class_list":["post-79200","post","type-post","status-publish","format-standard","has-post-thumbnail","hentry","category-provincia","tag-aumento-transporte","tag-defensor-del-pueblo","tag-mercedes","tag-provincia","generate-columns","tablet-grid-50","mobile-grid-100","grid-parent","grid-50"],"jetpack_publicize_connections":[],"jetpack_featured_media_url":"https:\/\/www.hoymercedes.com.ar\/principal\/wp-content\/uploads\/2018\/07\/31-defensor-pueblo.jpg","wps_subtitle":"Presentaci\u00f3n provincial","jetpack_sharing_enabled":true,"jetpack-related-posts":[{"id":72291,"url":"https:\/\/www.hoymercedes.com.ar\/principal\/2018\/02\/08\/el-defensor-del-pueblo-bonaerense-contra-el-aumento-de-los-peajes\/","url_meta":{"origin":79200,"position":0},"title":"El Defensor del Pueblo bonaerense contra el aumento de los peajes","author":"hoymercedes","date":"8 febrero, 2018","format":false,"excerpt":"El Defensor del Pueblo bonaerense, Guido Lorenzino, rechaz\u00f3 el aumento de peajes previsto para los accesos Norte y Oeste al asegurar, durante una audiencia p\u00fablica en Luj\u00e1n para tratar estas subas, que \u201cestamos frente a un Estado que interviene a favor de las empresas y en ning\u00fan momento en beneficio\u2026","rel":"","context":"En \u00abSociedad\u00bb","block_context":{"text":"Sociedad","link":"https:\/\/www.hoymercedes.com.ar\/principal\/category\/sociedad\/"},"img":{"alt_text":"","src":"https:\/\/i0.wp.com\/www.hoymercedes.com.ar\/principal\/wp-content\/uploads\/2018\/02\/08-Lorenzino.jpeg?resize=350%2C200&ssl=1","width":350,"height":200,"srcset":"https:\/\/i0.wp.com\/www.hoymercedes.com.ar\/principal\/wp-content\/uploads\/2018\/02\/08-Lorenzino.jpeg?resize=350%2C200&ssl=1 1x, https:\/\/i0.wp.com\/www.hoymercedes.com.ar\/principal\/wp-content\/uploads\/2018\/02\/08-Lorenzino.jpeg?resize=525%2C300&ssl=1 1.5x, https:\/\/i0.wp.com\/www.hoymercedes.com.ar\/principal\/wp-content\/uploads\/2018\/02\/08-Lorenzino.jpeg?resize=700%2C400&ssl=1 2x"},"classes":[]},{"id":81841,"url":"https:\/\/www.hoymercedes.com.ar\/principal\/2018\/09\/30\/el-defensor-bonaerense-recurrira-el-recorte-de-la-tarifa-social-del-gas\/","url_meta":{"origin":79200,"position":1},"title":"El Defensor bonaerense recurrir\u00e1 el recorte de la tarifa social del gas","author":"hoymercedes","date":"30 septiembre, 2018","format":false,"excerpt":"El titular de la Defensor\u00eda del Pueblo de la Provincia de Buenos,\u00a0que conduce Guido Lorenzino, recurrir\u00e1 la medida oficial que eliminar\u00e1 en parte este beneficio, adem\u00e1s de la bonificaci\u00f3n por ahorrar en el consumo. El Defensor del Pueblo bonaerense segura que la medida \u201cse trata de otro golpe m\u00e1s contra\u2026","rel":"","context":"En \u00abProvincia\u00bb","block_context":{"text":"Provincia","link":"https:\/\/www.hoymercedes.com.ar\/principal\/category\/provincia\/"},"img":{"alt_text":"","src":"https:\/\/i0.wp.com\/www.hoymercedes.com.ar\/principal\/wp-content\/uploads\/2018\/09\/30-lorenzino.jpg?resize=350%2C200&ssl=1","width":350,"height":200,"srcset":"https:\/\/i0.wp.com\/www.hoymercedes.com.ar\/principal\/wp-content\/uploads\/2018\/09\/30-lorenzino.jpg?resize=350%2C200&ssl=1 1x, https:\/\/i0.wp.com\/www.hoymercedes.com.ar\/principal\/wp-content\/uploads\/2018\/09\/30-lorenzino.jpg?resize=525%2C300&ssl=1 1.5x, https:\/\/i0.wp.com\/www.hoymercedes.com.ar\/principal\/wp-content\/uploads\/2018\/09\/30-lorenzino.jpg?resize=700%2C400&ssl=1 2x"},"classes":[]},{"id":102375,"url":"https:\/\/www.hoymercedes.com.ar\/principal\/2019\/11\/14\/la-defensoria-fue-a-la-justicia-para-que-se-frene-el-aumento-de-la-luz\/","url_meta":{"origin":79200,"position":2},"title":"La Defensor\u00eda fue a la Justicia para que se frene el aumento de la luz","author":"hoymercedes","date":"14 noviembre, 2019","format":false,"excerpt":"El organismo que conduce Guido Lorenzino se present\u00f3 en la Justicia con la intenci\u00f3n de que se anule la suba del 25% que el gobierno provincial habilit\u00f3 a partir de 2020. Con un planteo de nulidad hecho al Juzgado Contencioso Administrativo N\u00b04 de La Plata, el organismo reclam\u00f3 que el\u2026","rel":"","context":"En \u00abProvincia\u00bb","block_context":{"text":"Provincia","link":"https:\/\/www.hoymercedes.com.ar\/principal\/category\/provincia\/"},"img":{"alt_text":"","src":"https:\/\/i0.wp.com\/www.hoymercedes.com.ar\/principal\/wp-content\/uploads\/2016\/06\/09-medida-luz.jpg?resize=350%2C200&ssl=1","width":350,"height":200},"classes":[]},{"id":142073,"url":"https:\/\/www.hoymercedes.com.ar\/principal\/2021\/12\/29\/guido-lorenzino-continua-como-defensor-del-pueblo-bonaerense\/","url_meta":{"origin":79200,"position":3},"title":"Guido Lorenzino contin\u00faa como Defensor del Pueblo Bonaerense","author":"hoymercedes","date":"29 diciembre, 2021","format":false,"excerpt":"En el marco de las sesiones de la legislatura provincial, se aprob\u00f3 la continuidad de Guido Lorenzino como Defensor del Pueblo de la provincia de Buenos Aires por un per\u00edodo m\u00e1s. Con m\u00e1s de dos tercios de los votos, tanto en el Senado Bonaerense como en Diputados, fue aprobada su\u2026","rel":"","context":"En \u00abProvincia\u00bb","block_context":{"text":"Provincia","link":"https:\/\/www.hoymercedes.com.ar\/principal\/category\/provincia\/"},"img":{"alt_text":"","src":"https:\/\/i0.wp.com\/www.hoymercedes.com.ar\/principal\/wp-content\/uploads\/2021\/12\/WhatsApp-Image-2021-12-29-at-10.36.44.jpeg?resize=350%2C200&ssl=1","width":350,"height":200,"srcset":"https:\/\/i0.wp.com\/www.hoymercedes.com.ar\/principal\/wp-content\/uploads\/2021\/12\/WhatsApp-Image-2021-12-29-at-10.36.44.jpeg?resize=350%2C200&ssl=1 1x, https:\/\/i0.wp.com\/www.hoymercedes.com.ar\/principal\/wp-content\/uploads\/2021\/12\/WhatsApp-Image-2021-12-29-at-10.36.44.jpeg?resize=525%2C300&ssl=1 1.5x, https:\/\/i0.wp.com\/www.hoymercedes.com.ar\/principal\/wp-content\/uploads\/2021\/12\/WhatsApp-Image-2021-12-29-at-10.36.44.jpeg?resize=700%2C400&ssl=1 2x"},"classes":[]},{"id":94847,"url":"https:\/\/www.hoymercedes.com.ar\/principal\/2019\/06\/10\/la-defensoria-recurrira-el-fallo-de-la-corte-que-habilita-los-tarifazos\/","url_meta":{"origin":79200,"position":4},"title":"La Defensor\u00eda recurrir\u00e1 el fallo de la Corte que habilita los tarifazos","author":"hoymercedes","date":"10 junio, 2019","format":false,"excerpt":"El m\u00e1ximo tribunal hab\u00eda rechazado la semana pasada un pedido del organismo para frenar aumentos de gas. La Defensor\u00eda del Pueblo de la Provincia, a cargo de Guido Lorenzino, recurrir\u00e1 el fallo de la Corte Suprema de Justicia de la Naci\u00f3n, que rechaz\u00f3 la presentaci\u00f3n del organismo provincial para intervenir\u2026","rel":"","context":"En \u00abProvincia\u00bb","block_context":{"text":"Provincia","link":"https:\/\/www.hoymercedes.com.ar\/principal\/category\/provincia\/"},"img":{"alt_text":"","src":"https:\/\/i0.wp.com\/www.hoymercedes.com.ar\/principal\/wp-content\/uploads\/2018\/06\/12-corte-gas.jpg?resize=350%2C200&ssl=1","width":350,"height":200,"srcset":"https:\/\/i0.wp.com\/www.hoymercedes.com.ar\/principal\/wp-content\/uploads\/2018\/06\/12-corte-gas.jpg?resize=350%2C200&ssl=1 1x, https:\/\/i0.wp.com\/www.hoymercedes.com.ar\/principal\/wp-content\/uploads\/2018\/06\/12-corte-gas.jpg?resize=525%2C300&ssl=1 1.5x, https:\/\/i0.wp.com\/www.hoymercedes.com.ar\/principal\/wp-content\/uploads\/2018\/06\/12-corte-gas.jpg?resize=700%2C400&ssl=1 2x"},"classes":[]},{"id":96747,"url":"https:\/\/www.hoymercedes.com.ar\/principal\/2019\/07\/17\/lorenzino-se-opuso-duramente-al-servicio-civico-voluntario\/","url_meta":{"origin":79200,"position":5},"title":"Lorenzino se opuso duramente al \u00abServicio C\u00edvico Voluntario\u00bb","author":"hoymercedes","date":"17 julio, 2019","format":false,"excerpt":"\"La capacitaci\u00f3n en valores democr\u00e1ticos y republicanos para los j\u00f3venes es potestad de la educaci\u00f3n p\u00fablica y no de las fuerzas de seguridad\", indic\u00f3 el Defensor. El Defensor del Pueblo de la provincia de Buenos Aires, Guido Lorenzino, rechaz\u00f3 la resoluci\u00f3n del gobierno nacional de crear un \"Servicio C\u00edvico Voluntario\u2026","rel":"","context":"En \u00abProvincia\u00bb","block_context":{"text":"Provincia","link":"https:\/\/www.hoymercedes.com.ar\/principal\/category\/provincia\/"},"img":{"alt_text":"","src":"https:\/\/i0.wp.com\/www.hoymercedes.com.ar\/principal\/wp-content\/uploads\/2018\/09\/30-lorenzino.jpg?resize=350%2C200&ssl=1","width":350,"height":200,"srcset":"https:\/\/i0.wp.com\/www.hoymercedes.com.ar\/principal\/wp-content\/uploads\/2018\/09\/30-lorenzino.jpg?resize=350%2C200&ssl=1 1x, https:\/\/i0.wp.com\/www.hoymercedes.com.ar\/principal\/wp-content\/uploads\/2018\/09\/30-lorenzino.jpg?resize=525%2C300&ssl=1 1.5x, https:\/\/i0.wp.com\/www.hoymercedes.com.ar\/principal\/wp-content\/uploads\/2018\/09\/30-lorenzino.jpg?resize=700%2C400&ssl=1 2x"},"classes":[]}],"_links":{"self":[{"href":"https:\/\/www.hoymercedes.com.ar\/principal\/wp-json\/wp\/v2\/posts\/79200","targetHints":{"allow":["GET"]}}],"collection":[{"href":"https:\/\/www.hoymercedes.com.ar\/principal\/wp-json\/wp\/v2\/posts"}],"about":[{"href":"https:\/\/www.hoymercedes.com.ar\/principal\/wp-json\/wp\/v2\/types\/post"}],"author":[{"embeddable":true,"href":"https:\/\/www.hoymercedes.com.ar\/principal\/wp-json\/wp\/v2\/users\/1"}],"replies":[{"embeddable":true,"href":"https:\/\/www.hoymercedes.com.ar\/principal\/wp-json\/wp\/v2\/comments?post=79200"}],"version-history":[{"count":0,"href":"https:\/\/www.hoymercedes.com.ar\/principal\/wp-json\/wp\/v2\/posts\/79200\/revisions"}],"wp:featuredmedia":[{"embeddable":true,"href":"https:\/\/www.hoymercedes.com.ar\/principal\/wp-json\/wp\/v2\/media\/79201"}],"wp:attachment":[{"href":"https:\/\/www.hoymercedes.com.ar\/principal\/wp-json\/wp\/v2\/media?parent=79200"}],"wp:term":[{"taxonomy":"category","embeddable":true,"href":"https:\/\/www.hoymercedes.com.ar\/principal\/wp-json\/wp\/v2\/categories?post=79200"},{"taxonomy":"post_tag","embeddable":true,"href":"https:\/\/www.hoymercedes.com.ar\/principal\/wp-json\/wp\/v2\/tags?post=79200"}],"curies":[{"name":"wp","href":"https:\/\/api.w.org\/{rel}","templated":true}]}}