{"id":79208,"date":"2018-08-01T01:27:52","date_gmt":"2018-08-01T04:27:52","guid":{"rendered":"http:\/\/www.hoymercedes.com.ar\/principal\/?p=79208"},"modified":"2018-07-31T21:29:09","modified_gmt":"2018-08-01T00:29:09","slug":"buscando-la-instrumentacion-de-politicas-ambientales","status":"publish","type":"post","link":"https:\/\/www.hoymercedes.com.ar\/principal\/2018\/08\/01\/buscando-la-instrumentacion-de-politicas-ambientales\/","title":{"rendered":"Buscando la instrumentaci\u00f3n de pol\u00edticas ambientales"},"content":{"rendered":"<p>(Por Cristi\u00e1n Frers*) La pol\u00edtica ambiental es la preocupaci\u00f3n y desarrollo de objetivos con fines para mejorar el ambiente, conservar los principios naturales de la vida humana y fomentar un desarrollo sostenible. Tanto en el \u00e1mbito p\u00fablico como privado<\/p>\n<p>Una buena pol\u00edtica implica un desaf\u00edo, y al mismo tiempo un compromiso. Como parte de un concepto innovador, no se debe separar lo ambiental de lo social. Hay que tomar conciencia de que los aspectos sociales est\u00e1n ligados al ambiente, as\u00ed como el ambiente est\u00e1 ligado a la sociedad. Una pol\u00edtica ambiental busca que los ciudadanos sean un gran aporte a la consecuci\u00f3n de los objetivos propuestos. Conseguir estos objetivos va m\u00e1s all\u00e1 de incorporar cambios de actitud en pr\u00e1cticas diarias de trabajo, ya que tambi\u00e9n se busca que el ciudadano lleve estas nuevas pr\u00e1cticas a los hogares, aplic\u00e1ndolos, y as\u00ed generar ambientes m\u00e1s saludables, llenos de vida, elaborados a conciencia, y sobre todo pensando en el legado que se est\u00e1 dejando a las futuras generaciones. Los conceptos de gobernabilidad e institucionalidad son fundamentales para la construcci\u00f3n de una pol\u00edtica ambiental sustentable<\/p>\n<p>No se cuenta a\u00fan con una institucionalidad leg\u00edtima y eficaz, que nos aleje de la senda de una insostenibilidad que da\u00f1a el patrimonio natural, deteriora la calidad de la vida de las personas y siembra condiciones para los conflictos sociales. Muchas veces la falta de coordinaci\u00f3n y de planificaci\u00f3n de las acciones de los gobiernos ha derivado en una total ineficacia de sus pol\u00edticas, y ha significado, en las cuestiones ambiente y de infraestructura, la necesidad de volver al principio, a cero. Por ejemplo, las muy pocas veces que se han establecido medidas anticontaminaci\u00f3n de los cursos de agua, se acciona contra diversas empresas, pero no se tienen en cuenta los basureros a cielo abierto, que siempre se encuentran a la vera de los r\u00edos, o se vierten l\u00edquidos cloacales sin tratamiento alguno, o simplemente se fugan efluentes con la complicidad de ciertos funcionarios que se hacen de la vista gorda. Las pol\u00edticas ambientales, sobre todo aquellas dirigidas a frenar el da\u00f1o que causa la contaminaci\u00f3n, deben ser a todo o nada, es decir, que si se emprende una campa\u00f1a no se pueden dejar fisuras o empezar por peque\u00f1eces. No sirve llevar los jardines de infantes a juntar papelitos, mientras se deja que una poderosa industria desv\u00ede su efluente contaminante de la planta de tratamiento. No es eficiente hacer un llamado a la adhesi\u00f3n voluntaria a un plan de producci\u00f3n limpia, al que acudir\u00e1n los que siempre colaboran, pues aquellos a quienes la producci\u00f3n limpia no les interesa seguir\u00e1n contaminando libremente.<\/p>\n<p>En Argentina, contamos con la Ley Nacional 25.675, que es la Ley General del Ambiente. Los principios de la pol\u00edtica ambiental, incluyen, el presupuesto m\u00ednimo para su implementaci\u00f3n, la competencia judicial, los instrumentos de pol\u00edtica, gesti\u00f3n y ordenamiento ambiental; Evaluaci\u00f3n de impacto ambiental, educaci\u00f3n e informaci\u00f3n, participaci\u00f3n ciudadana, seguro ambiental y fondo de restauraci\u00f3n, Sistema Federal Ambiental, ratificaci\u00f3n de acuerdos federales, autogesti\u00f3n, da\u00f1o ambiental y Fondo de Compensaci\u00f3n Ambiental.<\/p>\n<p>En Carmen de Areco \u2013 Provincia de Buenos Aires, evidentemente algo est\u00e1 fallando puesto que no se est\u00e1n abriendo canales de participaci\u00f3n para tener una mejor calidad ambiental. La poblaci\u00f3n de la localidad es importante, ya que por sus exigencias por una mejor calidad de vida pueden movilizar la problem\u00e1tica ambiental. Sin embargo en esta localidad se han carecido de estos mecanismos donde los problemas ambientales se han acumulado sin soluci\u00f3n.<\/p>\n<p>Hace a\u00f1os, que se han presentado pruebas sobre la contaminaci\u00f3n por fosfatos (detergentes) en el r\u00edo Areco, y\u2026 Nadie ha hecho nada.<\/p>\n<p>Hace a\u00f1os que se espera la Planta de Reciclaje en la localidad, y\u2026 Jam\u00e1s a funcionado.<\/p>\n<p>La gesti\u00f3n del actual gobierno municipal de Carmen de Areco ha demostrado nula capacidad para llevar a cabo una pol\u00edtica eficiente contra el problema ambiental, como, por ejemplo eliminar los focos de poluci\u00f3n y haciendo aplicar sanciones administrativas en contra los infractores de las diferentes normas que regulan la materia ambiental.<\/p>\n<p>Se debe entender que el dise\u00f1o e implementaci\u00f3n de una pol\u00edtica ambiental se erige como una condicionante importante para lograr la equidad, el desarrollo econ\u00f3mico e indiscutiblemente, el cuidado del ambiente. Dicha pol\u00edtica ambiental deber\u00e1 reunir caracter\u00edsticas de estabilidad a trav\u00e9s del tiempo; consistencia con el desempe\u00f1o institucional y general; y de consideraci\u00f3n de las capacidades de liderazgo p\u00fablico y privado, as\u00ed como de las condiciones econ\u00f3micas, pol\u00edticas y sociales municipales. A\u00fan m\u00e1s, el \u00e9xito de la gesti\u00f3n ambiental deber\u00e1 fundarse en una clara definici\u00f3n de objetivos y prioridades que, adem\u00e1s debe ser congruentes con las necesidades reales de la sociedad.<\/p>\n<p>&nbsp;<\/p>\n<p>*Cristi\u00e1n Frers \u2013 T\u00e9cnico Superior en Gesti\u00f3n Ambiental y T\u00e9cnico Superior en Comunicaci\u00f3n Social (Periodista).<\/p>\n","protected":false},"excerpt":{"rendered":"<p>(Por Cristi\u00e1n Frers*) La pol\u00edtica ambiental es la preocupaci\u00f3n y desarrollo de objetivos con fines para mejorar el ambiente, conservar &#8230; <a title=\"Buscando la instrumentaci\u00f3n de pol\u00edticas ambientales\" class=\"read-more\" href=\"https:\/\/www.hoymercedes.com.ar\/principal\/2018\/08\/01\/buscando-la-instrumentacion-de-politicas-ambientales\/\" aria-label=\"Leer m\u00e1s sobre Buscando la instrumentaci\u00f3n de pol\u00edticas ambientales\">Leer m\u00e1s<\/a><\/p>\n","protected":false},"author":1,"featured_media":0,"comment_status":"closed","ping_status":"open","sticky":false,"template":"","format":"standard","meta":{"_monsterinsights_skip_tracking":false,"_monsterinsights_sitenote_active":false,"_monsterinsights_sitenote_note":"","_monsterinsights_sitenote_category":0,"jetpack_post_was_ever_published":false,"_jetpack_newsletter_access":"","_jetpack_dont_email_post_to_subs":false,"_jetpack_newsletter_tier_id":0,"_jetpack_memberships_contains_paywalled_content":false,"_jetpack_memberships_contains_paid_content":false,"footnotes":"","jetpack_publicize_message":"","jetpack_publicize_feature_enabled":true,"jetpack_social_post_already_shared":true,"jetpack_social_options":{"image_generator_settings":{"template":"highway","default_image_id":0,"font":"","enabled":false},"version":2},"_wpas_customize_per_network":false},"categories":[1],"tags":[8748,13532],"class_list":["post-79208","post","type-post","status-publish","format-standard","hentry","category-opinion","tag-opinion","tag-politica-ambiental","generate-columns","tablet-grid-50","mobile-grid-100","grid-parent","grid-50"],"jetpack_publicize_connections":[],"jetpack_featured_media_url":"","wps_subtitle":"","jetpack_sharing_enabled":true,"jetpack-related-posts":[{"id":86915,"url":"https:\/\/www.hoymercedes.com.ar\/principal\/2019\/01\/16\/construir-el-ambiente-sociedad-estado-y-politicas-ambientales\/","url_meta":{"origin":79208,"position":0},"title":"Construir el ambiente\u2026 Sociedad, Estado y pol\u00edticas ambientales","author":"hoymercedes","date":"16 enero, 2019","format":false,"excerpt":"Por Cristi\u00e1n Frers* - Hoy en d\u00eda es un lugar com\u00fan afirmar que la cuesti\u00f3n ambiental es un problema pol\u00edtico. Menos evidente sin embargo es el hecho de que la cuesti\u00f3n pol\u00edtica sea, en gran medida, un problema ecol\u00f3gico. Resolver los problemas ecol\u00f3gicos deber\u00eda suponer una voluntad pol\u00edtica que contemple\u2026","rel":"","context":"En \u00abOpini\u00f3n\u00bb","block_context":{"text":"Opini\u00f3n","link":"https:\/\/www.hoymercedes.com.ar\/principal\/category\/opinion\/"},"img":{"alt_text":"","src":"https:\/\/i0.wp.com\/www.hoymercedes.com.ar\/principal\/wp-content\/uploads\/2018\/12\/16-biodiversidad-ambiente.jpg?resize=350%2C200&ssl=1","width":350,"height":200,"srcset":"https:\/\/i0.wp.com\/www.hoymercedes.com.ar\/principal\/wp-content\/uploads\/2018\/12\/16-biodiversidad-ambiente.jpg?resize=350%2C200&ssl=1 1x, https:\/\/i0.wp.com\/www.hoymercedes.com.ar\/principal\/wp-content\/uploads\/2018\/12\/16-biodiversidad-ambiente.jpg?resize=525%2C300&ssl=1 1.5x, https:\/\/i0.wp.com\/www.hoymercedes.com.ar\/principal\/wp-content\/uploads\/2018\/12\/16-biodiversidad-ambiente.jpg?resize=700%2C400&ssl=1 2x"},"classes":[]},{"id":93485,"url":"https:\/\/www.hoymercedes.com.ar\/principal\/2019\/05\/23\/por-que-no-se-generan-politicas-ambientales-en-argentina\/","url_meta":{"origin":79208,"position":1},"title":"\u00bfPor qu\u00e9 no se generan pol\u00edticas ambientales en Argentina?","author":"hoymercedes","date":"23 mayo, 2019","format":false,"excerpt":"Por Cristi\u00e1n Frers* - Muchas veces, muchos de nosotros nos preguntamos su significado. Es \u00a0la preocupaci\u00f3n y desarrollo de objetivos con fines para mejorar el ambiente, conservar los principios naturales de la vida humana\u00a0 fomentando un desarrollo sostenible. Deber\u00eda ser considerada POL\u00cdTICA de Estado, para poder aplicarla en cualquier regi\u00f3n\u2026","rel":"","context":"En \u00abOpini\u00f3n\u00bb","block_context":{"text":"Opini\u00f3n","link":"https:\/\/www.hoymercedes.com.ar\/principal\/category\/opinion\/"},"img":{"alt_text":"","src":"https:\/\/i0.wp.com\/www.hoymercedes.com.ar\/principal\/wp-content\/uploads\/2019\/05\/02-ambiente.jpg?resize=350%2C200&ssl=1","width":350,"height":200,"srcset":"https:\/\/i0.wp.com\/www.hoymercedes.com.ar\/principal\/wp-content\/uploads\/2019\/05\/02-ambiente.jpg?resize=350%2C200&ssl=1 1x, https:\/\/i0.wp.com\/www.hoymercedes.com.ar\/principal\/wp-content\/uploads\/2019\/05\/02-ambiente.jpg?resize=525%2C300&ssl=1 1.5x, https:\/\/i0.wp.com\/www.hoymercedes.com.ar\/principal\/wp-content\/uploads\/2019\/05\/02-ambiente.jpg?resize=700%2C400&ssl=1 2x"},"classes":[]},{"id":87878,"url":"https:\/\/www.hoymercedes.com.ar\/principal\/2019\/02\/08\/habra-politicas-ambientales-en-argentina-a-partir-del-2019\/","url_meta":{"origin":79208,"position":2},"title":"\u00bfHabr\u00e1 pol\u00edticas ambientales en Argentina a partir del 2019?","author":"hoymercedes","date":"8 febrero, 2019","format":false,"excerpt":"Por Cristi\u00e1n Frers* - El cuidado de la calidad del ambiente es un destino, un deseo y una imposici\u00f3n. Es un derecho y, al mismo tiempo, una obligaci\u00f3n. Es una de las primeras obligaciones humanas: el derecho a la vida, sin la cual no se entienden los derechos que vienen\u2026","rel":"","context":"En \u00abOpini\u00f3n\u00bb","block_context":{"text":"Opini\u00f3n","link":"https:\/\/www.hoymercedes.com.ar\/principal\/category\/opinion\/"},"img":{"alt_text":"","src":"https:\/\/i0.wp.com\/www.hoymercedes.com.ar\/principal\/wp-content\/uploads\/2018\/08\/09-cambioclimatico.jpg?resize=350%2C200&ssl=1","width":350,"height":200,"srcset":"https:\/\/i0.wp.com\/www.hoymercedes.com.ar\/principal\/wp-content\/uploads\/2018\/08\/09-cambioclimatico.jpg?resize=350%2C200&ssl=1 1x, https:\/\/i0.wp.com\/www.hoymercedes.com.ar\/principal\/wp-content\/uploads\/2018\/08\/09-cambioclimatico.jpg?resize=525%2C300&ssl=1 1.5x, https:\/\/i0.wp.com\/www.hoymercedes.com.ar\/principal\/wp-content\/uploads\/2018\/08\/09-cambioclimatico.jpg?resize=700%2C400&ssl=1 2x"},"classes":[]},{"id":83098,"url":"https:\/\/www.hoymercedes.com.ar\/principal\/2018\/10\/26\/la-poca-importancia-que-se-le-da-a-la-basura\/","url_meta":{"origin":79208,"position":3},"title":"La poca importancia que se le da a la basura","author":"hoymercedes","date":"26 octubre, 2018","format":false,"excerpt":"Cristi\u00e1n Frers * - \u201cSi lo que queremos es que los adultos reciclen solamente hay que hablarle a los peque\u00f1os sobre la importancia de hacerlo\u201d. El entonces, presidente del Concejo Deliberante de Carmen de Areco \u2013 Provincia de Buenos Aires, Marcelo A. Skansi, y\u2026 Actual intendente de la ciudad (2018),\u2026","rel":"","context":"En \u00abOpini\u00f3n\u00bb","block_context":{"text":"Opini\u00f3n","link":"https:\/\/www.hoymercedes.com.ar\/principal\/category\/opinion\/"},"img":{"alt_text":"","src":"https:\/\/i0.wp.com\/www.hoymercedes.com.ar\/principal\/wp-content\/uploads\/2013\/12\/basura-a.jpg?resize=350%2C200&ssl=1","width":350,"height":200,"srcset":"https:\/\/i0.wp.com\/www.hoymercedes.com.ar\/principal\/wp-content\/uploads\/2013\/12\/basura-a.jpg?resize=350%2C200&ssl=1 1x, https:\/\/i0.wp.com\/www.hoymercedes.com.ar\/principal\/wp-content\/uploads\/2013\/12\/basura-a.jpg?resize=525%2C300&ssl=1 1.5x"},"classes":[]},{"id":3468,"url":"https:\/\/www.hoymercedes.com.ar\/principal\/2011\/04\/13\/se-realiza-un-taller-sobre-medio-ambiente-en-el-fmpv\/","url_meta":{"origin":79208,"position":4},"title":"Se realiza un taller sobre medio ambiente en el FMPV","author":"hoymercedes","date":"13 abril, 2011","format":false,"excerpt":"Este jueves se llevar\u00e1 a cabo a partir de las 19.00\u00a0 un taller de medio ambiente para j\u00f3venes organizado por el Frente Mercedino para la Victoria en su local de calle 25 entre 14 y 16 con la presencia de la Subsecretaria de Medio Ambiente de la Naci\u00f3n, Dra. Silvia\u2026","rel":"","context":"En \u00abOpini\u00f3n\u00bb","block_context":{"text":"Opini\u00f3n","link":"https:\/\/www.hoymercedes.com.ar\/principal\/category\/opinion\/"},"img":{"alt_text":"","src":"","width":0,"height":0},"classes":[]},{"id":80368,"url":"https:\/\/www.hoymercedes.com.ar\/principal\/2018\/08\/26\/la-importancia-de-una-politica-ambiental-como-politica-de-estado\/","url_meta":{"origin":79208,"position":5},"title":"La importancia de una pol\u00edtica ambiental como pol\u00edtica de  Estado","author":"hoymercedes","date":"26 agosto, 2018","format":false,"excerpt":"Por Cristi\u00e1n Frers* - \u00a0La expansi\u00f3n, diversificaci\u00f3n y mayor impacto del ambientalismo social son aspectos de una agenda ambiental. Si bien esta cuesti\u00f3n \u00a0hoy en d\u00eda no es una prioridad, es innegable que tiene una fuerte presencia en el debate p\u00fablico y que constituye una preocupaci\u00f3n generalizada entre actores estatales\u2026","rel":"","context":"En \u00abOpini\u00f3n\u00bb","block_context":{"text":"Opini\u00f3n","link":"https:\/\/www.hoymercedes.com.ar\/principal\/category\/opinion\/"},"img":{"alt_text":"","src":"https:\/\/i0.wp.com\/www.hoymercedes.com.ar\/principal\/wp-content\/uploads\/2018\/08\/26-ambiente.png?resize=350%2C200&ssl=1","width":350,"height":200},"classes":[]}],"_links":{"self":[{"href":"https:\/\/www.hoymercedes.com.ar\/principal\/wp-json\/wp\/v2\/posts\/79208","targetHints":{"allow":["GET"]}}],"collection":[{"href":"https:\/\/www.hoymercedes.com.ar\/principal\/wp-json\/wp\/v2\/posts"}],"about":[{"href":"https:\/\/www.hoymercedes.com.ar\/principal\/wp-json\/wp\/v2\/types\/post"}],"author":[{"embeddable":true,"href":"https:\/\/www.hoymercedes.com.ar\/principal\/wp-json\/wp\/v2\/users\/1"}],"replies":[{"embeddable":true,"href":"https:\/\/www.hoymercedes.com.ar\/principal\/wp-json\/wp\/v2\/comments?post=79208"}],"version-history":[{"count":0,"href":"https:\/\/www.hoymercedes.com.ar\/principal\/wp-json\/wp\/v2\/posts\/79208\/revisions"}],"wp:attachment":[{"href":"https:\/\/www.hoymercedes.com.ar\/principal\/wp-json\/wp\/v2\/media?parent=79208"}],"wp:term":[{"taxonomy":"category","embeddable":true,"href":"https:\/\/www.hoymercedes.com.ar\/principal\/wp-json\/wp\/v2\/categories?post=79208"},{"taxonomy":"post_tag","embeddable":true,"href":"https:\/\/www.hoymercedes.com.ar\/principal\/wp-json\/wp\/v2\/tags?post=79208"}],"curies":[{"name":"wp","href":"https:\/\/api.w.org\/{rel}","templated":true}]}}