{"id":79224,"date":"2018-08-02T11:20:52","date_gmt":"2018-08-02T14:20:52","guid":{"rendered":"http:\/\/www.hoymercedes.com.ar\/principal\/?p=79224"},"modified":"2018-08-01T15:29:56","modified_gmt":"2018-08-01T18:29:56","slug":"mercedinos-compitieron-en-chivilcoy-y-saladillo","status":"publish","type":"post","link":"https:\/\/www.hoymercedes.com.ar\/principal\/2018\/08\/02\/mercedinos-compitieron-en-chivilcoy-y-saladillo\/","title":{"rendered":"Mercedinos compitieron en Chivilcoy y Saladillo"},"content":{"rendered":"<p>Roberto Potes fue segundo en su categor\u00eda en la XV Edici\u00f3n del medio Marat\u00f3n Eduardo Pollaroli, que tuvo una concurrencia superior a los 250 atletas y fue organizado por el C\u00edrculo de Atletas de la ciudad de Chivilcoy.<\/p>\n<p><img loading=\"lazy\" decoding=\"async\" data-attachment-id=\"79234\" data-permalink=\"https:\/\/www.hoymercedes.com.ar\/principal\/2018\/08\/02\/mercedinos-compitieron-en-chivilcoy-y-saladillo\/dario-gallo-marcelo-zarate-y-daniel-biale-10k-saladillo\/#main\" data-orig-file=\"https:\/\/www.hoymercedes.com.ar\/principal\/wp-content\/uploads\/2018\/08\/Dar\u00edo-Gallo-Marcelo-Z\u00e1rate-y-Daniel-Biale-10k-Saladillo.jpg\" data-orig-size=\"800,668\" data-comments-opened=\"0\" data-image-meta=\"{&quot;aperture&quot;:&quot;0&quot;,&quot;credit&quot;:&quot;&quot;,&quot;camera&quot;:&quot;&quot;,&quot;caption&quot;:&quot;&quot;,&quot;created_timestamp&quot;:&quot;0&quot;,&quot;copyright&quot;:&quot;&quot;,&quot;focal_length&quot;:&quot;0&quot;,&quot;iso&quot;:&quot;0&quot;,&quot;shutter_speed&quot;:&quot;0&quot;,&quot;title&quot;:&quot;&quot;,&quot;orientation&quot;:&quot;0&quot;}\" data-image-title=\"Dar\u00edo Gallo, Marcelo Z\u00e1rate y Daniel Biale 10k Saladillo\" data-image-description=\"\" data-image-caption=\"\" data-large-file=\"https:\/\/www.hoymercedes.com.ar\/principal\/wp-content\/uploads\/2018\/08\/Dar\u00edo-Gallo-Marcelo-Z\u00e1rate-y-Daniel-Biale-10k-Saladillo.jpg\" class=\"aligncenter size-medium wp-image-79234\" src=\"https:\/\/www.hoymercedes.com.ar\/principal\/wp-content\/uploads\/2018\/08\/Dar\u00edo-Gallo-Marcelo-Z\u00e1rate-y-Daniel-Biale-10k-Saladillo-630x526.jpg\" alt=\"\" width=\"630\" height=\"526\" srcset=\"https:\/\/www.hoymercedes.com.ar\/principal\/wp-content\/uploads\/2018\/08\/Dar\u00edo-Gallo-Marcelo-Z\u00e1rate-y-Daniel-Biale-10k-Saladillo-630x526.jpg 630w, https:\/\/www.hoymercedes.com.ar\/principal\/wp-content\/uploads\/2018\/08\/Dar\u00edo-Gallo-Marcelo-Z\u00e1rate-y-Daniel-Biale-10k-Saladillo-150x125.jpg 150w, https:\/\/www.hoymercedes.com.ar\/principal\/wp-content\/uploads\/2018\/08\/Dar\u00edo-Gallo-Marcelo-Z\u00e1rate-y-Daniel-Biale-10k-Saladillo.jpg 800w\" sizes=\"auto, (max-width: 630px) 100vw, 630px\" \/><\/p>\n<p>En la categor\u00eda 45 a 49 a\u00f1os, Roberto Potes fue segundo con un tiempo de 1 hora 20 minutos, quedando sexto en la General, que lider\u00f3 el navarrense Claudio Cirone con siete minutos menos que el mercedino. El mercedino Hern\u00e1n Cestari fue tercero en la misma categor\u00eda y Rafael Fajardo, sexto. Tambi\u00e9n corrieron los mercedinos Jorge Santana, Dar\u00edo Gallo, Susana Spinelli y Marcelo Z\u00e1rate.<\/p>\n<p>Por su parte,\u00a0Dar\u00edo Gallo, Marcelo Z\u00e1rate y Daniel Biale representaron a Mercedes en los 10K en Saladillo, en el marco del festejo por los 155 a\u00f1os de la localidad este domingo.<\/p>\n<p><img loading=\"lazy\" decoding=\"async\" data-attachment-id=\"79235\" data-permalink=\"https:\/\/www.hoymercedes.com.ar\/principal\/2018\/08\/02\/mercedinos-compitieron-en-chivilcoy-y-saladillo\/roberto-potes-21k-chivilcoy\/#main\" data-orig-file=\"https:\/\/www.hoymercedes.com.ar\/principal\/wp-content\/uploads\/2018\/08\/Roberto-Potes-21K-Chivilcoy.jpg\" data-orig-size=\"600,1067\" data-comments-opened=\"0\" data-image-meta=\"{&quot;aperture&quot;:&quot;0&quot;,&quot;credit&quot;:&quot;&quot;,&quot;camera&quot;:&quot;&quot;,&quot;caption&quot;:&quot;&quot;,&quot;created_timestamp&quot;:&quot;0&quot;,&quot;copyright&quot;:&quot;&quot;,&quot;focal_length&quot;:&quot;0&quot;,&quot;iso&quot;:&quot;0&quot;,&quot;shutter_speed&quot;:&quot;0&quot;,&quot;title&quot;:&quot;&quot;,&quot;orientation&quot;:&quot;0&quot;}\" data-image-title=\"Roberto Potes 21K Chivilcoy\" data-image-description=\"\" data-image-caption=\"\" data-large-file=\"https:\/\/www.hoymercedes.com.ar\/principal\/wp-content\/uploads\/2018\/08\/Roberto-Potes-21K-Chivilcoy-576x1024.jpg\" class=\"aligncenter size-medium wp-image-79235\" src=\"https:\/\/www.hoymercedes.com.ar\/principal\/wp-content\/uploads\/2018\/08\/Roberto-Potes-21K-Chivilcoy-349x620.jpg\" alt=\"\" width=\"349\" height=\"620\" srcset=\"https:\/\/www.hoymercedes.com.ar\/principal\/wp-content\/uploads\/2018\/08\/Roberto-Potes-21K-Chivilcoy-349x620.jpg 349w, https:\/\/www.hoymercedes.com.ar\/principal\/wp-content\/uploads\/2018\/08\/Roberto-Potes-21K-Chivilcoy-84x150.jpg 84w, https:\/\/www.hoymercedes.com.ar\/principal\/wp-content\/uploads\/2018\/08\/Roberto-Potes-21K-Chivilcoy-576x1024.jpg 576w, https:\/\/www.hoymercedes.com.ar\/principal\/wp-content\/uploads\/2018\/08\/Roberto-Potes-21K-Chivilcoy.jpg 600w\" sizes=\"auto, (max-width: 349px) 100vw, 349px\" \/><\/p>\n<p>Gallo hizo un tiempo de 43 minutos 20 segundos, Z\u00e1rate de 55\u00b428&#8243; y Biale, 64\u00b405&#8243; en una competencia organizado por el\u00a0Circulo de Atletas de Saladillo y la Secretaria de Deportes.\u00a0En la general se impuso el local Ezequiel Aguilera, mientras que en categor\u00eda damas, fue su coterr\u00e1nea la que subi\u00f3 a lo m\u00e1s alto del podio, Francisca Almir\u00f3n.<\/p>\n","protected":false},"excerpt":{"rendered":"<p>Roberto Potes fue segundo en su categor\u00eda en la XV Edici\u00f3n del medio Marat\u00f3n Eduardo Pollaroli, que tuvo una concurrencia &#8230; <a title=\"Mercedinos compitieron en Chivilcoy y Saladillo\" class=\"read-more\" href=\"https:\/\/www.hoymercedes.com.ar\/principal\/2018\/08\/02\/mercedinos-compitieron-en-chivilcoy-y-saladillo\/\" aria-label=\"Leer m\u00e1s sobre Mercedinos compitieron en Chivilcoy y Saladillo\">Leer m\u00e1s<\/a><\/p>\n","protected":false},"author":1,"featured_media":79234,"comment_status":"closed","ping_status":"open","sticky":false,"template":"","format":"standard","meta":{"_monsterinsights_skip_tracking":false,"_monsterinsights_sitenote_active":false,"_monsterinsights_sitenote_note":"","_monsterinsights_sitenote_category":0,"jetpack_post_was_ever_published":false,"_jetpack_newsletter_access":"","_jetpack_dont_email_post_to_subs":false,"_jetpack_newsletter_tier_id":0,"_jetpack_memberships_contains_paywalled_content":false,"_jetpack_memberships_contains_paid_content":false,"footnotes":"","jetpack_publicize_message":"","jetpack_publicize_feature_enabled":true,"jetpack_social_post_already_shared":true,"jetpack_social_options":{"image_generator_settings":{"template":"highway","default_image_id":0,"font":"","enabled":false},"version":2},"_wpas_customize_per_network":false},"categories":[21],"tags":[803,13537,204,10,11057],"class_list":["post-79224","post","type-post","status-publish","format-standard","has-post-thumbnail","hentry","category-deportes","tag-atletismo","tag-chivilcpy","tag-deportes-2","tag-mercedes","tag-saladillo","generate-columns","tablet-grid-50","mobile-grid-100","grid-parent","grid-50"],"jetpack_publicize_connections":[],"jetpack_featured_media_url":"https:\/\/www.hoymercedes.com.ar\/principal\/wp-content\/uploads\/2018\/08\/Dar\u00edo-Gallo-Marcelo-Z\u00e1rate-y-Daniel-Biale-10k-Saladillo.jpg","wps_subtitle":"Atletismo","jetpack_sharing_enabled":true,"_links":{"self":[{"href":"https:\/\/www.hoymercedes.com.ar\/principal\/wp-json\/wp\/v2\/posts\/79224","targetHints":{"allow":["GET"]}}],"collection":[{"href":"https:\/\/www.hoymercedes.com.ar\/principal\/wp-json\/wp\/v2\/posts"}],"about":[{"href":"https:\/\/www.hoymercedes.com.ar\/principal\/wp-json\/wp\/v2\/types\/post"}],"author":[{"embeddable":true,"href":"https:\/\/www.hoymercedes.com.ar\/principal\/wp-json\/wp\/v2\/users\/1"}],"replies":[{"embeddable":true,"href":"https:\/\/www.hoymercedes.com.ar\/principal\/wp-json\/wp\/v2\/comments?post=79224"}],"version-history":[{"count":0,"href":"https:\/\/www.hoymercedes.com.ar\/principal\/wp-json\/wp\/v2\/posts\/79224\/revisions"}],"wp:featuredmedia":[{"embeddable":true,"href":"https:\/\/www.hoymercedes.com.ar\/principal\/wp-json\/wp\/v2\/media\/79234"}],"wp:attachment":[{"href":"https:\/\/www.hoymercedes.com.ar\/principal\/wp-json\/wp\/v2\/media?parent=79224"}],"wp:term":[{"taxonomy":"category","embeddable":true,"href":"https:\/\/www.hoymercedes.com.ar\/principal\/wp-json\/wp\/v2\/categories?post=79224"},{"taxonomy":"post_tag","embeddable":true,"href":"https:\/\/www.hoymercedes.com.ar\/principal\/wp-json\/wp\/v2\/tags?post=79224"}],"curies":[{"name":"wp","href":"https:\/\/api.w.org\/{rel}","templated":true}]}}