{"id":79225,"date":"2018-08-01T10:30:12","date_gmt":"2018-08-01T13:30:12","guid":{"rendered":"http:\/\/www.hoymercedes.com.ar\/principal\/?p=79225"},"modified":"2018-08-01T09:52:38","modified_gmt":"2018-08-01T12:52:38","slug":"se-realizara-una-jornada-informativa-sobre-diabetes","status":"publish","type":"post","link":"https:\/\/www.hoymercedes.com.ar\/principal\/2018\/08\/01\/se-realizara-una-jornada-informativa-sobre-diabetes\/","title":{"rendered":"Se realizar\u00e1 una jornada informativa sobre diabetes"},"content":{"rendered":"<p>Desde\u00a0la Municipalidad\u00a0de Mercedes y en conjunto con el Centro Comunitario del barrio Blandengues, se llevar\u00e1 a cabo una charla sobre diabetes abierta a toda la comunidad de Mercedes. La misma tendr\u00e1 lugar el mi\u00e9rcoles 8 de agosto a las 15 en la sede de\u00a0la Sociedad de Fomento.<\/p>\n<p>El encuentro ser\u00e1 dictado por profesionales de la salud y se realizar\u00e1 una introducci\u00f3n a la tem\u00e1tica, informaci\u00f3n propia para las personas que padecen este trastorno metab\u00f3lico, pie diab\u00e9tico, datos nutricionales, controles m\u00e9dicos y se evacuaran dudas de los presentes. Adem\u00e1s, compartir\u00e1n una merienda.<\/p>\n<p>La jornada ser\u00e1 el mi\u00e9rcoles 8 de agosto a las 15 en la sede del Centro Comunitario del barrio Blandengues ubicado en calle 105 entre 12 y 14.<\/p>\n<p>Fuente: Prensa Municipal<\/p>\n","protected":false},"excerpt":{"rendered":"<p>Desde\u00a0la Municipalidad\u00a0de Mercedes y en conjunto con el Centro Comunitario del barrio Blandengues, se llevar\u00e1 a cabo una charla sobre &#8230; <a title=\"Se realizar\u00e1 una jornada informativa sobre diabetes\" class=\"read-more\" href=\"https:\/\/www.hoymercedes.com.ar\/principal\/2018\/08\/01\/se-realizara-una-jornada-informativa-sobre-diabetes\/\" aria-label=\"Leer m\u00e1s sobre Se realizar\u00e1 una jornada informativa sobre diabetes\">Leer m\u00e1s<\/a><\/p>\n","protected":false},"author":1,"featured_media":79226,"comment_status":"closed","ping_status":"open","sticky":false,"template":"","format":"standard","meta":{"_monsterinsights_skip_tracking":false,"_monsterinsights_sitenote_active":false,"_monsterinsights_sitenote_note":"","_monsterinsights_sitenote_category":0,"jetpack_post_was_ever_published":false,"_jetpack_newsletter_access":"","_jetpack_dont_email_post_to_subs":false,"_jetpack_newsletter_tier_id":0,"_jetpack_memberships_contains_paywalled_content":false,"_jetpack_memberships_contains_paid_content":false,"footnotes":"","jetpack_publicize_message":"","jetpack_publicize_feature_enabled":true,"jetpack_social_post_already_shared":true,"jetpack_social_options":{"image_generator_settings":{"template":"highway","default_image_id":0,"font":"","enabled":false},"version":2},"_wpas_customize_per_network":false},"categories":[30],"tags":[10170,244,134],"class_list":["post-79225","post","type-post","status-publish","format-standard","has-post-thumbnail","hentry","category-municipio","tag-diabetes","tag-municipio-2","tag-salud","generate-columns","tablet-grid-50","mobile-grid-100","grid-parent","grid-50"],"jetpack_publicize_connections":[],"jetpack_featured_media_url":"https:\/\/www.hoymercedes.com.ar\/principal\/wp-content\/uploads\/2018\/08\/01-muni-diabetes.jpeg","wps_subtitle":"El 8 de agosto","jetpack_sharing_enabled":true,"jetpack-related-posts":[{"id":187715,"url":"https:\/\/www.hoymercedes.com.ar\/principal\/2025\/09\/08\/cine-al-barrio-llego-a-mercedes-con-talleres-de-cine-comunitario\/","url_meta":{"origin":79225,"position":0},"title":"\u201cCine al Barrio\u201d lleg\u00f3 a Mercedes con talleres de cine comunitario","author":"hoymercedes","date":"8 septiembre, 2025","format":false,"excerpt":"Ni\u00f1os y ni\u00f1as de Mercedes vivieron una serie de jornadas repletas de aprendizajes y entretenimiento, desarrollando su propia experiencia en el s\u00e9ptimo arte. Fue a trav\u00e9s del ciclo \u201cCine en tu barrio\u201d donde ellas y ellos se convierten en productores de su propia filmaci\u00f3n, destacaron desde la direcci\u00f3n de cultura\u2026","rel":"","context":"En \u00abCultura\u00bb","block_context":{"text":"Cultura","link":"https:\/\/www.hoymercedes.com.ar\/principal\/category\/cultura\/"},"img":{"alt_text":"\u201cCine al Barrio\u201d lleg\u00f3 a Mercedes con talleres de cine comunitario","src":"https:\/\/i0.wp.com\/www.hoymercedes.com.ar\/principal\/wp-content\/uploads\/2025\/09\/Filmacion-Ninos-as.jpg?resize=350%2C200&ssl=1","width":350,"height":200,"srcset":"https:\/\/i0.wp.com\/www.hoymercedes.com.ar\/principal\/wp-content\/uploads\/2025\/09\/Filmacion-Ninos-as.jpg?resize=350%2C200&ssl=1 1x, https:\/\/i0.wp.com\/www.hoymercedes.com.ar\/principal\/wp-content\/uploads\/2025\/09\/Filmacion-Ninos-as.jpg?resize=525%2C300&ssl=1 1.5x, https:\/\/i0.wp.com\/www.hoymercedes.com.ar\/principal\/wp-content\/uploads\/2025\/09\/Filmacion-Ninos-as.jpg?resize=700%2C400&ssl=1 2x, https:\/\/i0.wp.com\/www.hoymercedes.com.ar\/principal\/wp-content\/uploads\/2025\/09\/Filmacion-Ninos-as.jpg?resize=1050%2C600&ssl=1 3x"},"classes":[]},{"id":123369,"url":"https:\/\/www.hoymercedes.com.ar\/principal\/2021\/01\/16\/coronavirus-hisoparan-en-los-caps-de-agote-blandengues-y-san-martin\/","url_meta":{"origin":79225,"position":1},"title":"Coronavirus: hisopar\u00e1n en los CAPS de Agote, Blandengues y San Mart\u00edn","author":"hoymercedes","date":"16 enero, 2021","format":false,"excerpt":"En el marco de la presentaci\u00f3n que el Municipio de Mercedes llev\u00f3 adelante d\u00edas atr\u00e1s sobre las medidas a tomar en esta nueva etapa de la pandemia, las autoriades comunales confirmaron que dispondr\u00e1n de tres centros de atenci\u00f3n primaria de la salud (CAPS) para atender a los pacientes con s\u00edntomas\u2026","rel":"","context":"En \u00abSalud\u00bb","block_context":{"text":"Salud","link":"https:\/\/www.hoymercedes.com.ar\/principal\/category\/salud\/"},"img":{"alt_text":"","src":"https:\/\/i0.wp.com\/www.hoymercedes.com.ar\/principal\/wp-content\/uploads\/2021\/01\/IMG_20210114_100904305.jpg?resize=350%2C200&ssl=1","width":350,"height":200,"srcset":"https:\/\/i0.wp.com\/www.hoymercedes.com.ar\/principal\/wp-content\/uploads\/2021\/01\/IMG_20210114_100904305.jpg?resize=350%2C200&ssl=1 1x, https:\/\/i0.wp.com\/www.hoymercedes.com.ar\/principal\/wp-content\/uploads\/2021\/01\/IMG_20210114_100904305.jpg?resize=525%2C300&ssl=1 1.5x, https:\/\/i0.wp.com\/www.hoymercedes.com.ar\/principal\/wp-content\/uploads\/2021\/01\/IMG_20210114_100904305.jpg?resize=700%2C400&ssl=1 2x"},"classes":[]},{"id":120328,"url":"https:\/\/www.hoymercedes.com.ar\/principal\/2020\/11\/17\/ponen-en-valor-y-jerarquizan-la-sede-envion-del-barrio-obrero\/","url_meta":{"origin":79225,"position":2},"title":"Ponen en valor y jerarquizan la Sede Envi\u00f3n del Barrio Obrero","author":"Clarisa Altieri","date":"17 noviembre, 2020","format":false,"excerpt":"Desde la Subdirecci\u00f3n de Juventud de la Secretar\u00eda de Desarrollo Social de la Municipalidad y en conjunto con las Cooperativas PotenciAR del Centro de Referencia del Ministerio de Desarrollo Social de Naci\u00f3n se est\u00e1 llevando adelante una obra de refacci\u00f3n y puesta en valor de la sede \u201cEnvi\u00f3n Comunitario\u201d en\u2026","rel":"","context":"En \u00abMunicipio\u00bb","block_context":{"text":"Municipio","link":"https:\/\/www.hoymercedes.com.ar\/principal\/category\/municipio\/"},"img":{"alt_text":"","src":"https:\/\/i0.wp.com\/www.hoymercedes.com.ar\/principal\/wp-content\/uploads\/2020\/11\/82.jpeg?resize=350%2C200&ssl=1","width":350,"height":200,"srcset":"https:\/\/i0.wp.com\/www.hoymercedes.com.ar\/principal\/wp-content\/uploads\/2020\/11\/82.jpeg?resize=350%2C200&ssl=1 1x, https:\/\/i0.wp.com\/www.hoymercedes.com.ar\/principal\/wp-content\/uploads\/2020\/11\/82.jpeg?resize=525%2C300&ssl=1 1.5x, https:\/\/i0.wp.com\/www.hoymercedes.com.ar\/principal\/wp-content\/uploads\/2020\/11\/82.jpeg?resize=700%2C400&ssl=1 2x"},"classes":[]},{"id":91638,"url":"https:\/\/www.hoymercedes.com.ar\/principal\/2019\/04\/19\/la-casa-de-la-mujer-propone-ronda-de-mujeres\/","url_meta":{"origin":79225,"position":3},"title":"La Casa de la Mujer propone \u00abronda de mujeres\u00bb","author":"hoymercedes","date":"19 abril, 2019","format":false,"excerpt":"En la Casa de la Mujer Juan Azurduy de Mercedes se inici\u00f3 la ronda de mujeres, un espacio de encuentro coordinado por la Lic. Guadalupe Gonz\u00e1lez. Las reuniones son todos los mi\u00e9rcoles, de 15 a 16:30 horas, en el Centro Cultural Barrio Blandengues en calle 105, entre 12 y 14.\u2026","rel":"","context":"En \u00abMunicipio\u00bb","block_context":{"text":"Municipio","link":"https:\/\/www.hoymercedes.com.ar\/principal\/category\/municipio\/"},"img":{"alt_text":"","src":"https:\/\/i0.wp.com\/www.hoymercedes.com.ar\/principal\/wp-content\/uploads\/2019\/04\/19-ronda-de-mujers-1.jpg?resize=350%2C200&ssl=1","width":350,"height":200,"srcset":"https:\/\/i0.wp.com\/www.hoymercedes.com.ar\/principal\/wp-content\/uploads\/2019\/04\/19-ronda-de-mujers-1.jpg?resize=350%2C200&ssl=1 1x, https:\/\/i0.wp.com\/www.hoymercedes.com.ar\/principal\/wp-content\/uploads\/2019\/04\/19-ronda-de-mujers-1.jpg?resize=525%2C300&ssl=1 1.5x, https:\/\/i0.wp.com\/www.hoymercedes.com.ar\/principal\/wp-content\/uploads\/2019\/04\/19-ronda-de-mujers-1.jpg?resize=700%2C400&ssl=1 2x"},"classes":[]},{"id":77829,"url":"https:\/\/www.hoymercedes.com.ar\/principal\/2018\/06\/27\/este-jueves-habra-vacunacion-en-el-barrio-la-nueva-austral\/","url_meta":{"origin":79225,"position":4},"title":"Este jueves habr\u00e1 vacunaci\u00f3n en el barrio La Nueva Austral","author":"hoymercedes","date":"27 junio, 2018","format":false,"excerpt":"La Secretar\u00eda de Desarrollo Social, mediante el Centro Integrador Comunitario y su equipo de profesionales de la salud, contin\u00faa con su recorrido semanal por diferentes puntos de la ciudad con el \"Plan de Vacunaci\u00f3n Territorial\". En este contexto, estar\u00e1n este jueves 28 de junio en la plaza de calle 45\u2026","rel":"","context":"En \u00abMunicipio\u00bb","block_context":{"text":"Municipio","link":"https:\/\/www.hoymercedes.com.ar\/principal\/category\/municipio\/"},"img":{"alt_text":"","src":"https:\/\/i0.wp.com\/www.hoymercedes.com.ar\/principal\/wp-content\/uploads\/2018\/06\/27-vacunacion.jpg?resize=350%2C200&ssl=1","width":350,"height":200,"srcset":"https:\/\/i0.wp.com\/www.hoymercedes.com.ar\/principal\/wp-content\/uploads\/2018\/06\/27-vacunacion.jpg?resize=350%2C200&ssl=1 1x, https:\/\/i0.wp.com\/www.hoymercedes.com.ar\/principal\/wp-content\/uploads\/2018\/06\/27-vacunacion.jpg?resize=525%2C300&ssl=1 1.5x, https:\/\/i0.wp.com\/www.hoymercedes.com.ar\/principal\/wp-content\/uploads\/2018\/06\/27-vacunacion.jpg?resize=700%2C400&ssl=1 2x"},"classes":[]},{"id":60650,"url":"https:\/\/www.hoymercedes.com.ar\/principal\/2017\/03\/19\/comenzo-la-inscripcion-para-los-talleres-culturales-municipales\/","url_meta":{"origin":79225,"position":5},"title":"Comenz\u00f3 la inscripci\u00f3n para los Talleres Culturales Municipales","author":"hoymercedes","date":"19 marzo, 2017","format":false,"excerpt":"La Direcci\u00f3n de Cultura y Educaci\u00f3n de la Municipalidad de Mercedes anunci\u00f3 que en la ma\u00f1ana del lunes 13 de marzo y hasta el viernes 31 de marzo se llevar\u00e1 a cabo la inscripci\u00f3n para los Talleres Culturales Municipales. VER D\u00cdAS y HORARIOS En el primer piso del Centro Cultural\u2026","rel":"","context":"En \u00abCultura\u00bb","block_context":{"text":"Cultura","link":"https:\/\/www.hoymercedes.com.ar\/principal\/category\/cultura\/"},"img":{"alt_text":"","src":"https:\/\/i0.wp.com\/www.hoymercedes.com.ar\/principal\/wp-content\/uploads\/2016\/12\/11-taller-cultural-1.jpg?resize=350%2C200&ssl=1","width":350,"height":200,"srcset":"https:\/\/i0.wp.com\/www.hoymercedes.com.ar\/principal\/wp-content\/uploads\/2016\/12\/11-taller-cultural-1.jpg?resize=350%2C200&ssl=1 1x, https:\/\/i0.wp.com\/www.hoymercedes.com.ar\/principal\/wp-content\/uploads\/2016\/12\/11-taller-cultural-1.jpg?resize=525%2C300&ssl=1 1.5x"},"classes":[]}],"_links":{"self":[{"href":"https:\/\/www.hoymercedes.com.ar\/principal\/wp-json\/wp\/v2\/posts\/79225","targetHints":{"allow":["GET"]}}],"collection":[{"href":"https:\/\/www.hoymercedes.com.ar\/principal\/wp-json\/wp\/v2\/posts"}],"about":[{"href":"https:\/\/www.hoymercedes.com.ar\/principal\/wp-json\/wp\/v2\/types\/post"}],"author":[{"embeddable":true,"href":"https:\/\/www.hoymercedes.com.ar\/principal\/wp-json\/wp\/v2\/users\/1"}],"replies":[{"embeddable":true,"href":"https:\/\/www.hoymercedes.com.ar\/principal\/wp-json\/wp\/v2\/comments?post=79225"}],"version-history":[{"count":0,"href":"https:\/\/www.hoymercedes.com.ar\/principal\/wp-json\/wp\/v2\/posts\/79225\/revisions"}],"wp:featuredmedia":[{"embeddable":true,"href":"https:\/\/www.hoymercedes.com.ar\/principal\/wp-json\/wp\/v2\/media\/79226"}],"wp:attachment":[{"href":"https:\/\/www.hoymercedes.com.ar\/principal\/wp-json\/wp\/v2\/media?parent=79225"}],"wp:term":[{"taxonomy":"category","embeddable":true,"href":"https:\/\/www.hoymercedes.com.ar\/principal\/wp-json\/wp\/v2\/categories?post=79225"},{"taxonomy":"post_tag","embeddable":true,"href":"https:\/\/www.hoymercedes.com.ar\/principal\/wp-json\/wp\/v2\/tags?post=79225"}],"curies":[{"name":"wp","href":"https:\/\/api.w.org\/{rel}","templated":true}]}}