{"id":79229,"date":"2018-08-01T09:47:50","date_gmt":"2018-08-01T12:47:50","guid":{"rendered":"http:\/\/www.hoymercedes.com.ar\/principal\/?p=79229"},"modified":"2018-08-01T10:53:32","modified_gmt":"2018-08-01T13:53:32","slug":"corte-de-energia-electrica-en-la-zona-de-la-escuela-19","status":"publish","type":"post","link":"https:\/\/www.hoymercedes.com.ar\/principal\/2018\/08\/01\/corte-de-energia-electrica-en-la-zona-de-la-escuela-19\/","title":{"rendered":"Corte de energ\u00eda el\u00e9ctrica en la zona de la Escuela 19"},"content":{"rendered":"<p>EDEN inform\u00f3 a sus usuarios que, este 1\u00b0 de agosto\u00a0se realizar\u00e1n trabajos en la red el\u00e9ctrica en la zona Escuela 19 en calle 11 prolongaci\u00f3n.. Por lo tanto, el servicio de luz podr\u00e1 verse afectado por razones de seguridad.<\/p>\n","protected":false},"excerpt":{"rendered":"<p>EDEN inform\u00f3 a sus usuarios que, este 1\u00b0 de agosto\u00a0se realizar\u00e1n trabajos en la red el\u00e9ctrica en la zona Escuela &#8230; <a title=\"Corte de energ\u00eda el\u00e9ctrica en la zona de la Escuela 19\" class=\"read-more\" href=\"https:\/\/www.hoymercedes.com.ar\/principal\/2018\/08\/01\/corte-de-energia-electrica-en-la-zona-de-la-escuela-19\/\" aria-label=\"Leer m\u00e1s sobre Corte de energ\u00eda el\u00e9ctrica en la zona de la Escuela 19\">Leer m\u00e1s<\/a><\/p>\n","protected":false},"author":1,"featured_media":0,"comment_status":"closed","ping_status":"open","sticky":false,"template":"","format":"standard","meta":{"_monsterinsights_skip_tracking":false,"_monsterinsights_sitenote_active":false,"_monsterinsights_sitenote_note":"","_monsterinsights_sitenote_category":0,"jetpack_post_was_ever_published":false,"_jetpack_newsletter_access":"","_jetpack_dont_email_post_to_subs":false,"_jetpack_newsletter_tier_id":0,"_jetpack_memberships_contains_paywalled_content":false,"_jetpack_memberships_contains_paid_content":false,"footnotes":"","jetpack_publicize_message":"","jetpack_publicize_feature_enabled":true,"jetpack_social_post_already_shared":true,"jetpack_social_options":{"image_generator_settings":{"template":"highway","default_image_id":0,"font":"","enabled":false},"version":2},"_wpas_customize_per_network":false},"categories":[8],"tags":[5861,1023,8808],"class_list":["post-79229","post","type-post","status-publish","format-standard","hentry","category-sociedad","tag-corte-de-luz","tag-eden","tag-energia-electrica","generate-columns","tablet-grid-50","mobile-grid-100","grid-parent","grid-50"],"jetpack_publicize_connections":[],"jetpack_featured_media_url":"","wps_subtitle":"","jetpack_sharing_enabled":true,"jetpack-related-posts":[{"id":100541,"url":"https:\/\/www.hoymercedes.com.ar\/principal\/2019\/09\/27\/dos-dias-de-corte-de-luz-programado\/","url_meta":{"origin":79229,"position":0},"title":"Dos d\u00edas de corte de luz programado","author":"hoymercedes","date":"27 septiembre, 2019","format":false,"excerpt":"El s\u00e1bado 28 y el domingo 29, por la ma\u00f1ana ambos d\u00edas, la empresa EDEN estar\u00e1 realizando cortes de energ\u00eda el\u00e9ctrica en dos sectores de la ciudad. El s\u00e1bado la zona norte de la ciudad no tendr\u00e1 luz, mientras que el domingo el corte ser\u00e1 en zona cercana a la\u2026","rel":"","context":"En \u00abSociedad\u00bb","block_context":{"text":"Sociedad","link":"https:\/\/www.hoymercedes.com.ar\/principal\/category\/sociedad\/"},"img":{"alt_text":"","src":"https:\/\/i0.wp.com\/www.hoymercedes.com.ar\/principal\/wp-content\/uploads\/2015\/12\/eden.jpg?resize=350%2C200&ssl=1","width":350,"height":200,"srcset":"https:\/\/i0.wp.com\/www.hoymercedes.com.ar\/principal\/wp-content\/uploads\/2015\/12\/eden.jpg?resize=350%2C200&ssl=1 1x, https:\/\/i0.wp.com\/www.hoymercedes.com.ar\/principal\/wp-content\/uploads\/2015\/12\/eden.jpg?resize=525%2C300&ssl=1 1.5x"},"classes":[]},{"id":95704,"url":"https:\/\/www.hoymercedes.com.ar\/principal\/2019\/06\/26\/corte-de-luz-programado-para-este-jueves-27\/","url_meta":{"origin":79229,"position":1},"title":"Corte de luz programado para este jueves 27","author":"hoymercedes","date":"26 junio, 2019","format":false,"excerpt":"EDEN inform\u00f3 que este jueves 27 de junio har\u00e1 un corte de energ\u00eda el\u00e9ctrica entre las 8:30 y las 15 horas en la zona comprendida por las calles 13 a 23, de 10 a 26. Conforme a su plan de inversiones en obras y mantenimiento para fortalecer el servicio, EDEN\u2026","rel":"","context":"En \u00abSociedad\u00bb","block_context":{"text":"Sociedad","link":"https:\/\/www.hoymercedes.com.ar\/principal\/category\/sociedad\/"},"img":{"alt_text":"","src":"https:\/\/i0.wp.com\/www.hoymercedes.com.ar\/principal\/wp-content\/uploads\/2015\/12\/eden.jpg?resize=350%2C200&ssl=1","width":350,"height":200,"srcset":"https:\/\/i0.wp.com\/www.hoymercedes.com.ar\/principal\/wp-content\/uploads\/2015\/12\/eden.jpg?resize=350%2C200&ssl=1 1x, https:\/\/i0.wp.com\/www.hoymercedes.com.ar\/principal\/wp-content\/uploads\/2015\/12\/eden.jpg?resize=525%2C300&ssl=1 1.5x"},"classes":[]},{"id":96271,"url":"https:\/\/www.hoymercedes.com.ar\/principal\/2019\/07\/05\/sabado-y-domingo-con-cortes-de-luz-programado\/","url_meta":{"origin":79229,"position":2},"title":"S\u00e1bado y domingo con cortes de luz programado","author":"hoymercedes","date":"5 julio, 2019","format":false,"excerpt":"Para este fin de semana la empresa EDEN proyecta realizar cortes de energ\u00eda el\u00e9ctrica, tanto el s\u00e1bado como el domingo en distintos lugares de la Mercedes. El s\u00e1bado por la ma\u00f1ana el corte ser\u00e1 en zona cercanas a las rutas 5 y 41 y por la tarde en barrio El\u2026","rel":"","context":"En \u00abSociedad\u00bb","block_context":{"text":"Sociedad","link":"https:\/\/www.hoymercedes.com.ar\/principal\/category\/sociedad\/"},"img":{"alt_text":"","src":"https:\/\/i0.wp.com\/www.hoymercedes.com.ar\/principal\/wp-content\/uploads\/2015\/12\/eden.jpg?resize=350%2C200&ssl=1","width":350,"height":200,"srcset":"https:\/\/i0.wp.com\/www.hoymercedes.com.ar\/principal\/wp-content\/uploads\/2015\/12\/eden.jpg?resize=350%2C200&ssl=1 1x, https:\/\/i0.wp.com\/www.hoymercedes.com.ar\/principal\/wp-content\/uploads\/2015\/12\/eden.jpg?resize=525%2C300&ssl=1 1.5x"},"classes":[]},{"id":94705,"url":"https:\/\/www.hoymercedes.com.ar\/principal\/2019\/06\/08\/corte-de-luz-programados-para-el-dia-de-domingo\/","url_meta":{"origin":79229,"position":3},"title":"Corte de luz programados para el d\u00eda de domingo","author":"hoymercedes","date":"8 junio, 2019","format":false,"excerpt":"La empresa EDEN informa que program\u00f3 un corte de energ\u00eda el\u00e9ctrica para este domingo 9 de junio en la zona comprendida entre las calles 110 a 40, de 35 al oeste hasta R\u00edo Luj\u00e1n, y desde 26 a 43, prolongaci\u00f3n del R\u00edo de Luj\u00e1n hasta el l\u00edmite del partido. El\u2026","rel":"","context":"En \u00abSociedad\u00bb","block_context":{"text":"Sociedad","link":"https:\/\/www.hoymercedes.com.ar\/principal\/category\/sociedad\/"},"img":{"alt_text":"","src":"https:\/\/i0.wp.com\/www.hoymercedes.com.ar\/principal\/wp-content\/uploads\/2015\/12\/eden.jpg?resize=350%2C200&ssl=1","width":350,"height":200,"srcset":"https:\/\/i0.wp.com\/www.hoymercedes.com.ar\/principal\/wp-content\/uploads\/2015\/12\/eden.jpg?resize=350%2C200&ssl=1 1x, https:\/\/i0.wp.com\/www.hoymercedes.com.ar\/principal\/wp-content\/uploads\/2015\/12\/eden.jpg?resize=525%2C300&ssl=1 1.5x"},"classes":[]},{"id":94625,"url":"https:\/\/www.hoymercedes.com.ar\/principal\/2019\/06\/07\/sabado-8-programan-corte-de-luz-en-distintas-zonas\/","url_meta":{"origin":79229,"position":4},"title":"S\u00e1bado 8 programan corte de luz en distintas zonas","author":"hoymercedes","date":"7 junio, 2019","format":false,"excerpt":"Desde la Distribuidora de Energ\u00eda El\u00e9ctrica EDEN informaron que el s\u00e1bado 8 de junio deber\u00e1n interrumpir el suministro de energ\u00eda el\u00e9ctrica en distintas zonas de la ciudad con el fin de realizar trabajos en la red el\u00e9ctrica y por un pedido puntual para reparaciones varias. Para poder realizar las mejoras\u2026","rel":"","context":"En \u00abCiudad\u00bb","block_context":{"text":"Ciudad","link":"https:\/\/www.hoymercedes.com.ar\/principal\/category\/ciudad\/"},"img":{"alt_text":"","src":"https:\/\/i0.wp.com\/www.hoymercedes.com.ar\/principal\/wp-content\/uploads\/2015\/12\/eden.jpg?resize=350%2C200&ssl=1","width":350,"height":200,"srcset":"https:\/\/i0.wp.com\/www.hoymercedes.com.ar\/principal\/wp-content\/uploads\/2015\/12\/eden.jpg?resize=350%2C200&ssl=1 1x, https:\/\/i0.wp.com\/www.hoymercedes.com.ar\/principal\/wp-content\/uploads\/2015\/12\/eden.jpg?resize=525%2C300&ssl=1 1.5x"},"classes":[]},{"id":93571,"url":"https:\/\/www.hoymercedes.com.ar\/principal\/2019\/05\/23\/programan-corte-de-luz-para-este-domingo\/","url_meta":{"origin":79229,"position":5},"title":"Programan corte de luz para este domingo","author":"hoymercedes","date":"23 mayo, 2019","format":false,"excerpt":"EDEN informa que el d\u00eda domingo 26 de mayo de 8 a 12 horas cortar\u00e1 la energ\u00eda el\u00e9ctrica en la zona comprendida entre las calles 18 a 26, desde 15 a 23, especialmente en la avenida 17. La programaci\u00f3n del corte de luz se hace conforme al plan de inversiones\u2026","rel":"","context":"En \u00abCiudad\u00bb","block_context":{"text":"Ciudad","link":"https:\/\/www.hoymercedes.com.ar\/principal\/category\/ciudad\/"},"img":{"alt_text":"","src":"https:\/\/i0.wp.com\/www.hoymercedes.com.ar\/principal\/wp-content\/uploads\/2015\/12\/eden.jpg?resize=350%2C200&ssl=1","width":350,"height":200,"srcset":"https:\/\/i0.wp.com\/www.hoymercedes.com.ar\/principal\/wp-content\/uploads\/2015\/12\/eden.jpg?resize=350%2C200&ssl=1 1x, https:\/\/i0.wp.com\/www.hoymercedes.com.ar\/principal\/wp-content\/uploads\/2015\/12\/eden.jpg?resize=525%2C300&ssl=1 1.5x"},"classes":[]}],"_links":{"self":[{"href":"https:\/\/www.hoymercedes.com.ar\/principal\/wp-json\/wp\/v2\/posts\/79229","targetHints":{"allow":["GET"]}}],"collection":[{"href":"https:\/\/www.hoymercedes.com.ar\/principal\/wp-json\/wp\/v2\/posts"}],"about":[{"href":"https:\/\/www.hoymercedes.com.ar\/principal\/wp-json\/wp\/v2\/types\/post"}],"author":[{"embeddable":true,"href":"https:\/\/www.hoymercedes.com.ar\/principal\/wp-json\/wp\/v2\/users\/1"}],"replies":[{"embeddable":true,"href":"https:\/\/www.hoymercedes.com.ar\/principal\/wp-json\/wp\/v2\/comments?post=79229"}],"version-history":[{"count":0,"href":"https:\/\/www.hoymercedes.com.ar\/principal\/wp-json\/wp\/v2\/posts\/79229\/revisions"}],"wp:attachment":[{"href":"https:\/\/www.hoymercedes.com.ar\/principal\/wp-json\/wp\/v2\/media?parent=79229"}],"wp:term":[{"taxonomy":"category","embeddable":true,"href":"https:\/\/www.hoymercedes.com.ar\/principal\/wp-json\/wp\/v2\/categories?post=79229"},{"taxonomy":"post_tag","embeddable":true,"href":"https:\/\/www.hoymercedes.com.ar\/principal\/wp-json\/wp\/v2\/tags?post=79229"}],"curies":[{"name":"wp","href":"https:\/\/api.w.org\/{rel}","templated":true}]}}