{"id":79275,"date":"2018-08-01T17:30:13","date_gmt":"2018-08-01T20:30:13","guid":{"rendered":"http:\/\/www.hoymercedes.com.ar\/principal\/?p=79275"},"modified":"2018-08-01T15:20:53","modified_gmt":"2018-08-01T18:20:53","slug":"homenaje-a-la-radio-con-peliculas-que-hablan-de-ella","status":"publish","type":"post","link":"https:\/\/www.hoymercedes.com.ar\/principal\/2018\/08\/01\/homenaje-a-la-radio-con-peliculas-que-hablan-de-ella\/","title":{"rendered":"Homenaje a la radio con pel\u00edculas que hablan de ella"},"content":{"rendered":"<p>El mes de agosto es un mes \u00edcono para la radio. El 27 de agosto 1920 \u00abLos Locos de la Azotea\u00bb hicieron la primera transmisi\u00f3n radiof\u00f3nica desde la terraza del Teatro Coliseo de Buenos Aires.<\/p>\n<p>A 98 a\u00f1os de esa noche especial, el Museo de Arte \u00abMunicipalidad de Mercedes\u00bb homenajear\u00e1 al medio de comunicaci\u00f3n donde la palabra, la m\u00fasica y los silencios son centrales con cuatro pel\u00edculas que tienen a la radio como parte de su elenco.<\/p>\n<p>\u00abD\u00edas de Radio\u00bb, \u00abThe boat that rocked\u00bb, \u00abTalk To Me\u00bb y \u00abBuenos D\u00edas, Vietnam\u00bb integran el ciclo de cine \u00abRadiantes\u00bb de los d\u00edas jueves, 19 horas, en el MAMM calle 23, entre 18 y 16.<\/p>\n<p>Cronograma \u00abRadiantes\u00bb:<\/p>\n<ul>\n<li>Jueves 2 de agosto \u00abD\u00edas de Radio\u00bb (Radio Days), de Woody Allen (1988).<\/li>\n<li>Jueves 9 de agosto \u201cThe boat that rocked\u201d, de Richard Curtis (2009)<\/li>\n<li>Jueves 16 de agosto \u201cTalk to me\u201d, de Kasi Lemmons (2007)<\/li>\n<li>Jueves 23 de agosto \u00abBuenos D\u00edas, Vietnam\u00bb (Good morning, Vietnam), de Barry Levinson (1988).<\/li>\n<\/ul>\n","protected":false},"excerpt":{"rendered":"<p>El mes de agosto es un mes \u00edcono para la radio. El 27 de agosto 1920 \u00abLos Locos de la &#8230; <a title=\"Homenaje a la radio con pel\u00edculas que hablan de ella\" class=\"read-more\" href=\"https:\/\/www.hoymercedes.com.ar\/principal\/2018\/08\/01\/homenaje-a-la-radio-con-peliculas-que-hablan-de-ella\/\" aria-label=\"Leer m\u00e1s sobre Homenaje a la radio con pel\u00edculas que hablan de ella\">Leer m\u00e1s<\/a><\/p>\n","protected":false},"author":1,"featured_media":79276,"comment_status":"closed","ping_status":"open","sticky":false,"template":"","format":"standard","meta":{"_monsterinsights_skip_tracking":false,"_monsterinsights_sitenote_active":false,"_monsterinsights_sitenote_note":"","_monsterinsights_sitenote_category":0,"jetpack_post_was_ever_published":false,"_jetpack_newsletter_access":"","_jetpack_dont_email_post_to_subs":false,"_jetpack_newsletter_tier_id":0,"_jetpack_memberships_contains_paywalled_content":false,"_jetpack_memberships_contains_paid_content":false,"footnotes":"","jetpack_publicize_message":"","jetpack_publicize_feature_enabled":true,"jetpack_social_post_already_shared":true,"jetpack_social_options":{"image_generator_settings":{"template":"highway","default_image_id":0,"font":"","enabled":false},"version":2},"_wpas_customize_per_network":false},"categories":[104],"tags":[10181,7805,8674,10,10869],"class_list":["post-79275","post","type-post","status-publish","format-standard","has-post-thumbnail","hentry","category-cultura","tag-ciclo-de-cine","tag-cultura","tag-mamm","tag-mercedes","tag-museo-de-arte","generate-columns","tablet-grid-50","mobile-grid-100","grid-parent","grid-50"],"jetpack_publicize_connections":[],"jetpack_featured_media_url":"https:\/\/www.hoymercedes.com.ar\/principal\/wp-content\/uploads\/2018\/08\/01-cine-mamm-Radiantes.jpg","wps_subtitle":"Cumple 98 a\u00f1os","jetpack_sharing_enabled":true,"_links":{"self":[{"href":"https:\/\/www.hoymercedes.com.ar\/principal\/wp-json\/wp\/v2\/posts\/79275","targetHints":{"allow":["GET"]}}],"collection":[{"href":"https:\/\/www.hoymercedes.com.ar\/principal\/wp-json\/wp\/v2\/posts"}],"about":[{"href":"https:\/\/www.hoymercedes.com.ar\/principal\/wp-json\/wp\/v2\/types\/post"}],"author":[{"embeddable":true,"href":"https:\/\/www.hoymercedes.com.ar\/principal\/wp-json\/wp\/v2\/users\/1"}],"replies":[{"embeddable":true,"href":"https:\/\/www.hoymercedes.com.ar\/principal\/wp-json\/wp\/v2\/comments?post=79275"}],"version-history":[{"count":0,"href":"https:\/\/www.hoymercedes.com.ar\/principal\/wp-json\/wp\/v2\/posts\/79275\/revisions"}],"wp:featuredmedia":[{"embeddable":true,"href":"https:\/\/www.hoymercedes.com.ar\/principal\/wp-json\/wp\/v2\/media\/79276"}],"wp:attachment":[{"href":"https:\/\/www.hoymercedes.com.ar\/principal\/wp-json\/wp\/v2\/media?parent=79275"}],"wp:term":[{"taxonomy":"category","embeddable":true,"href":"https:\/\/www.hoymercedes.com.ar\/principal\/wp-json\/wp\/v2\/categories?post=79275"},{"taxonomy":"post_tag","embeddable":true,"href":"https:\/\/www.hoymercedes.com.ar\/principal\/wp-json\/wp\/v2\/tags?post=79275"}],"curies":[{"name":"wp","href":"https:\/\/api.w.org\/{rel}","templated":true}]}}