{"id":79287,"date":"2018-08-01T20:16:30","date_gmt":"2018-08-01T23:16:30","guid":{"rendered":"http:\/\/www.hoymercedes.com.ar\/principal\/?p=79287"},"modified":"2018-08-01T19:23:50","modified_gmt":"2018-08-01T22:23:50","slug":"selva-y-el-fr-impulsan-proyecto-de-ley-de-emergencia-fiscal-para-las-pymes","status":"publish","type":"post","link":"https:\/\/www.hoymercedes.com.ar\/principal\/2018\/08\/01\/selva-y-el-fr-impulsan-proyecto-de-ley-de-emergencia-fiscal-para-las-pymes\/","title":{"rendered":"Selva y el FR impulsan proyecto de ley de emergencia fiscal para las PyMEs"},"content":{"rendered":"<p><em><strong>Quieren \u201csacarle el pie de la cabeza\u201d a PyMEs, comerciantes y profesionales que sufren situaciones judiciales. \u201cLas PyMEs funcionan como el motor de crecimiento de la econom\u00eda y de la generaci\u00f3n de puestos de trabajo\u201d, sostienen.<\/strong><\/em><\/p>\n<p><img loading=\"lazy\" decoding=\"async\" data-attachment-id=\"73933\" data-permalink=\"https:\/\/www.hoymercedes.com.ar\/principal\/2018\/03\/26\/selva-marco-su-solidaridad-con-los-medios-publicos-ante-el-vaciamiento\/26-selva_medios\/#main\" data-orig-file=\"https:\/\/www.hoymercedes.com.ar\/principal\/wp-content\/uploads\/2018\/03\/26-selva_medios.jpg\" data-orig-size=\"750,426\" data-comments-opened=\"0\" data-image-meta=\"{&quot;aperture&quot;:&quot;0&quot;,&quot;credit&quot;:&quot;&quot;,&quot;camera&quot;:&quot;&quot;,&quot;caption&quot;:&quot;&quot;,&quot;created_timestamp&quot;:&quot;0&quot;,&quot;copyright&quot;:&quot;&quot;,&quot;focal_length&quot;:&quot;0&quot;,&quot;iso&quot;:&quot;0&quot;,&quot;shutter_speed&quot;:&quot;0&quot;,&quot;title&quot;:&quot;&quot;,&quot;orientation&quot;:&quot;0&quot;}\" data-image-title=\"26 selva_medios\" data-image-description=\"\" data-image-caption=\"\" data-large-file=\"https:\/\/www.hoymercedes.com.ar\/principal\/wp-content\/uploads\/2018\/03\/26-selva_medios.jpg\" class=\"aligncenter size-medium wp-image-73933\" src=\"https:\/\/www.hoymercedes.com.ar\/principal\/wp-content\/uploads\/2018\/03\/26-selva_medios-630x358.jpg\" alt=\"\" width=\"630\" height=\"358\" srcset=\"https:\/\/www.hoymercedes.com.ar\/principal\/wp-content\/uploads\/2018\/03\/26-selva_medios-630x358.jpg 630w, https:\/\/www.hoymercedes.com.ar\/principal\/wp-content\/uploads\/2018\/03\/26-selva_medios-150x85.jpg 150w, https:\/\/www.hoymercedes.com.ar\/principal\/wp-content\/uploads\/2018\/03\/26-selva_medios.jpg 750w\" sizes=\"auto, (max-width: 630px) 100vw, 630px\" \/><\/p>\n<p>Impulsado por Sergio Massa, hoy desde el Frente Renovador se presenta un Proyecto de Ley, tanto en el Congreso Nacional como en el de la Provincia de Buenos Aires, con el fin de ponerle un freno a los embargos de cuentas bancarias y los juicios por parte de la AFIP, ARBA y agencias municipales en contra de las Pymes, comerciantes, profesionales, monotributistas y emprendedores, por un plazo de 180 d\u00edas, ante la dif\u00edcil situaci\u00f3n econ\u00f3mica que atraviesan en la actualidad y que se agrava d\u00eda a d\u00eda.<\/p>\n<p>\u201cEsta iniciativa considera que en nuestro pa\u00eds las PyMES funcionan como el motor de crecimiento de la econom\u00eda y de la generaci\u00f3n de puestos de trabajo. En la econom\u00eda actual, estas empresas cumplen un rol fundamental dado que representan el 98% del total de las empresas argentinas y concentran el 70% del empleo y el 45% del total de las ventas\u201d, destac\u00f3 el diputado mercedino Carlos Selva, del FR.<\/p>\n<p>\u201cB\u00e1sicamente lo que estamos pidiendo es que, ante este complejo panorama econ\u00f3mico que afronta el pa\u00eds, se declare la emergencia fiscal. Esto significa suspender el avance de situaciones judiciales sobre todas aquellas Pymes, comerciantes y profesionales que las sufren, para de esa manera sacarles el pie de la cabeza y puedan recuperarse para poder afrontar esas deudas con m\u00e1s aire\u201d, explic\u00f3 Selva.<\/p>\n<p>Del mismo modo, el proyecto tambi\u00e9n crea la Mesa de Coordinaci\u00f3n de la Emergencia Fiscal Pyme, destinada a colaborar en su correcta implementaci\u00f3n y ejecuci\u00f3n. Este organismo estar\u00e1 integrado por representantes del Ministerio de Hacienda y Finanzas P\u00fablicas, de la AFIP, del Banco Central de la Rep\u00fablica Argentina, del Ministerio de la Producci\u00f3n y de la Secretar\u00eda de Emprendedores y Pymes. La misma, propone un programa fiscal para que los contribuyentes alcanzados por la presente emergencia cuenten con un r\u00e9gimen excepcional para regularizar las obligaciones adeudadas e incluidas en la Ley.<\/p>\n<p>Fuente: sitio web Carlos Selva<\/p>\n","protected":false},"excerpt":{"rendered":"<p>Quieren \u201csacarle el pie de la cabeza\u201d a PyMEs, comerciantes y profesionales que sufren situaciones judiciales. \u201cLas PyMEs funcionan como &#8230; <a title=\"Selva y el FR impulsan proyecto de ley de emergencia fiscal para las PyMEs\" class=\"read-more\" href=\"https:\/\/www.hoymercedes.com.ar\/principal\/2018\/08\/01\/selva-y-el-fr-impulsan-proyecto-de-ley-de-emergencia-fiscal-para-las-pymes\/\" aria-label=\"Leer m\u00e1s sobre Selva y el FR impulsan proyecto de ley de emergencia fiscal para las PyMEs\">Leer m\u00e1s<\/a><\/p>\n","protected":false},"author":1,"featured_media":73933,"comment_status":"closed","ping_status":"open","sticky":false,"template":"","format":"standard","meta":{"_monsterinsights_skip_tracking":false,"_monsterinsights_sitenote_active":false,"_monsterinsights_sitenote_note":"","_monsterinsights_sitenote_category":0,"jetpack_post_was_ever_published":false,"_jetpack_newsletter_access":"","_jetpack_dont_email_post_to_subs":false,"_jetpack_newsletter_tier_id":0,"_jetpack_memberships_contains_paywalled_content":false,"_jetpack_memberships_contains_paid_content":false,"footnotes":"","jetpack_publicize_message":"","jetpack_publicize_feature_enabled":true,"jetpack_social_post_already_shared":true,"jetpack_social_options":{"image_generator_settings":{"template":"highway","default_image_id":0,"font":"","enabled":false},"version":2},"_wpas_customize_per_network":false},"categories":[5210],"tags":[39,13539,10,10113,11138],"class_list":["post-79287","post","type-post","status-publish","format-standard","has-post-thumbnail","hentry","category-politica-nacional","tag-carlos-selva","tag-ley-de-emergencia-fiscal","tag-mercedes","tag-politica-nacional","tag-pymes","generate-columns","tablet-grid-50","mobile-grid-100","grid-parent","grid-50"],"jetpack_publicize_connections":[],"jetpack_featured_media_url":"https:\/\/www.hoymercedes.com.ar\/principal\/wp-content\/uploads\/2018\/03\/26-selva_medios.jpg","wps_subtitle":"En el Congreso Nacional","jetpack_sharing_enabled":true,"jetpack-related-posts":[{"id":52060,"url":"https:\/\/www.hoymercedes.com.ar\/principal\/2016\/07\/03\/si-el-gobierno-de-macri-no-replantea-las-tarifas-los-esfuerzos-que-hacemos-no-van-a-servir\/","url_meta":{"origin":79287,"position":0},"title":"\u00abSi el gobierno de Macri no replantea las tarifas, los esfuerzos que hacemos no van a servir\u201d","author":"hoymercedes","date":"3 julio, 2016","format":false,"excerpt":"\u201cEl gobierno tiene todas las herramientas en sus manos para resolver esto y lo debe hacer r\u00e1pido\u201d, opin\u00f3 el diputado nacional Carlos Selva. Y se mostr\u00f3 satisfecho por la sanci\u00f3n de leyes que protegen a las PyMEs y econom\u00edas regionales. El diputado nacional Carlos Selva, del Frente UNA, realiz\u00f3 algunas\u2026","rel":"","context":"En \u00abPol\u00edtica\u00bb","block_context":{"text":"Pol\u00edtica","link":"https:\/\/www.hoymercedes.com.ar\/principal\/category\/politica\/"},"img":{"alt_text":"","src":"https:\/\/i0.wp.com\/www.hoymercedes.com.ar\/principal\/wp-content\/uploads\/2016\/07\/03-Carlos-Selva.jpg?resize=350%2C200&ssl=1","width":350,"height":200},"classes":[]},{"id":74764,"url":"https:\/\/www.hoymercedes.com.ar\/principal\/2018\/04\/19\/exitosa-charla-del-cdor-moya-trasande-sobre-practicas-tributarias\/","url_meta":{"origin":79287,"position":1},"title":"Exitosa charla del Cdor. Moya Trasande sobre pr\u00e1cticas tributarias","author":"hoymercedes","date":"19 abril, 2018","format":false,"excerpt":"Con el sal\u00f3n completo, disert\u00f3 en la sede de la C\u00e1mara Econ\u00f3mica Mercedina, el Contador P\u00fablico Jorge Manuel Moya Trasande. El tema central de la charla abierta a comerciantes, empresarios, emprendedores y profesionales del \u00e1rea contable fue la normativa nacional que reforma el aspecto tributario del pa\u00eds. En la tarde\u2026","rel":"","context":"En \u00abSociedad\u00bb","block_context":{"text":"Sociedad","link":"https:\/\/www.hoymercedes.com.ar\/principal\/category\/sociedad\/"},"img":{"alt_text":"","src":"https:\/\/i0.wp.com\/www.hoymercedes.com.ar\/principal\/wp-content\/uploads\/2018\/04\/2018-charla-tributaria-1.jpg?resize=350%2C200&ssl=1","width":350,"height":200,"srcset":"https:\/\/i0.wp.com\/www.hoymercedes.com.ar\/principal\/wp-content\/uploads\/2018\/04\/2018-charla-tributaria-1.jpg?resize=350%2C200&ssl=1 1x, https:\/\/i0.wp.com\/www.hoymercedes.com.ar\/principal\/wp-content\/uploads\/2018\/04\/2018-charla-tributaria-1.jpg?resize=525%2C300&ssl=1 1.5x, https:\/\/i0.wp.com\/www.hoymercedes.com.ar\/principal\/wp-content\/uploads\/2018\/04\/2018-charla-tributaria-1.jpg?resize=700%2C400&ssl=1 2x"},"classes":[]},{"id":83324,"url":"https:\/\/www.hoymercedes.com.ar\/principal\/2018\/10\/31\/selva-y-el-presupuesto-2019-no-vemos-al-gobierno-haciendo-nada-para-contener-a-las-pymes\/","url_meta":{"origin":79287,"position":2},"title":"Selva y el Presupuesto 2019: \u201cNo vemos al gobierno haciendo nada para contener a las pymes\u201d","author":"hoymercedes","date":"31 octubre, 2018","format":false,"excerpt":"Luego del tratamiento legislativo del Presupuesto 2019, y a punto de ir a Santiago del Estero para reunirse con el gobernador de esa provincia, el diputado nacional Carlos Selva, dijo que \u201clamentablemente los meses que vienen son de mucho m\u00e1s ajuste y no vemos al gobierno haciendo nada para contener\u2026","rel":"","context":"En \u00abPol\u00edtica Nacional\u00bb","block_context":{"text":"Pol\u00edtica Nacional","link":"https:\/\/www.hoymercedes.com.ar\/principal\/category\/politica-nacional\/"},"img":{"alt_text":"","src":"https:\/\/i0.wp.com\/www.hoymercedes.com.ar\/principal\/wp-content\/uploads\/2018\/10\/31-selva.jpg?resize=350%2C200&ssl=1","width":350,"height":200,"srcset":"https:\/\/i0.wp.com\/www.hoymercedes.com.ar\/principal\/wp-content\/uploads\/2018\/10\/31-selva.jpg?resize=350%2C200&ssl=1 1x, https:\/\/i0.wp.com\/www.hoymercedes.com.ar\/principal\/wp-content\/uploads\/2018\/10\/31-selva.jpg?resize=525%2C300&ssl=1 1.5x, https:\/\/i0.wp.com\/www.hoymercedes.com.ar\/principal\/wp-content\/uploads\/2018\/10\/31-selva.jpg?resize=700%2C400&ssl=1 2x"},"classes":[]},{"id":23577,"url":"https:\/\/www.hoymercedes.com.ar\/principal\/2013\/07\/12\/dictaran-un-seminario-para-pymes-en-nuestra-ciudad\/","url_meta":{"origin":79287,"position":3},"title":"Dictar\u00e1n un Seminario para PYMES en nuestra ciudad","author":"hoymercedes","date":"12 julio, 2013","format":false,"excerpt":"El primer precandidato a concejal del Frente Mercedino para la Victoria, Juan Ignacio Ustarroz, organizar\u00e1 un encuentro el martes pr\u00f3ximo en el marco de su proyecto \u2018Mercedes Productivo\u2019, en el que representantes de distintos ministerios informar\u00e1n sobre los Programas Nacionales destinados a las Peque\u00f1as y Medianas Empresas (Pymes). La reuni\u00f3n\u2026","rel":"","context":"En \u00abSociedad\u00bb","block_context":{"text":"Sociedad","link":"https:\/\/www.hoymercedes.com.ar\/principal\/category\/sociedad\/"},"img":{"alt_text":"","src":"","width":0,"height":0},"classes":[]},{"id":70609,"url":"https:\/\/www.hoymercedes.com.ar\/principal\/2017\/12\/09\/practica-tributaria-e-incentivo-fiscal-temas-de-una-charla-en-la-cem\/","url_meta":{"origin":79287,"position":4},"title":"Pr\u00e1ctica tributaria e incentivo fiscal temas de una charla en la CEM","author":"hoymercedes","date":"9 diciembre, 2017","format":false,"excerpt":"En la tarde del mi\u00e9rcoles \u00faltimo, el Contador Jorge Manuel Moya Trasande brind\u00f3 una charla sobre pr\u00e1ctica tributaria e incentivo fiscal en la sede de la C\u00e1mara Econ\u00f3mica Mercedina. Una exposici\u00f3n que cont\u00f3 con un n\u00famero importante de asistentes que conocieron el r\u00e9gimen de fomento para Pymes y el proyecto\u2026","rel":"","context":"En \u00abSociedad\u00bb","block_context":{"text":"Sociedad","link":"https:\/\/www.hoymercedes.com.ar\/principal\/category\/sociedad\/"},"img":{"alt_text":"","src":"https:\/\/i0.wp.com\/www.hoymercedes.com.ar\/principal\/wp-content\/uploads\/2017\/12\/dos-notas-tributario.jpg?resize=350%2C200&ssl=1","width":350,"height":200,"srcset":"https:\/\/i0.wp.com\/www.hoymercedes.com.ar\/principal\/wp-content\/uploads\/2017\/12\/dos-notas-tributario.jpg?resize=350%2C200&ssl=1 1x, https:\/\/i0.wp.com\/www.hoymercedes.com.ar\/principal\/wp-content\/uploads\/2017\/12\/dos-notas-tributario.jpg?resize=525%2C300&ssl=1 1.5x, https:\/\/i0.wp.com\/www.hoymercedes.com.ar\/principal\/wp-content\/uploads\/2017\/12\/dos-notas-tributario.jpg?resize=700%2C400&ssl=1 2x"},"classes":[]},{"id":114462,"url":"https:\/\/www.hoymercedes.com.ar\/principal\/2020\/08\/01\/emergencia-para-concursos-preventivos-selva-celebra-media-sancion\/","url_meta":{"origin":79287,"position":5},"title":"Emergencia para concursos preventivos: Selva celebra media sanci\u00f3n","author":"hoymercedes","date":"1 agosto, 2020","format":false,"excerpt":"En la C\u00e1mara de Diputados aprobaron por unanimidad un proyecto para evitar la quiebra masiva de empresas. Se basa en una iniciativa presentada por\u00a0Carlos Selva, quien celebr\u00f3 el pase al Senado y avance de la medida a esta nueva instancia para su aprobaci\u00f3n final como ley. \u201cEs una medida m\u00e1s\u2026","rel":"","context":"En \u00abPol\u00edtica Nacional\u00bb","block_context":{"text":"Pol\u00edtica Nacional","link":"https:\/\/www.hoymercedes.com.ar\/principal\/category\/politica-nacional\/"},"img":{"alt_text":"","src":"https:\/\/i0.wp.com\/www.hoymercedes.com.ar\/principal\/wp-content\/uploads\/2020\/08\/01-Carlos-Selva-post-covid.jpg?resize=350%2C200&ssl=1","width":350,"height":200,"srcset":"https:\/\/i0.wp.com\/www.hoymercedes.com.ar\/principal\/wp-content\/uploads\/2020\/08\/01-Carlos-Selva-post-covid.jpg?resize=350%2C200&ssl=1 1x, https:\/\/i0.wp.com\/www.hoymercedes.com.ar\/principal\/wp-content\/uploads\/2020\/08\/01-Carlos-Selva-post-covid.jpg?resize=525%2C300&ssl=1 1.5x, https:\/\/i0.wp.com\/www.hoymercedes.com.ar\/principal\/wp-content\/uploads\/2020\/08\/01-Carlos-Selva-post-covid.jpg?resize=700%2C400&ssl=1 2x"},"classes":[]}],"_links":{"self":[{"href":"https:\/\/www.hoymercedes.com.ar\/principal\/wp-json\/wp\/v2\/posts\/79287","targetHints":{"allow":["GET"]}}],"collection":[{"href":"https:\/\/www.hoymercedes.com.ar\/principal\/wp-json\/wp\/v2\/posts"}],"about":[{"href":"https:\/\/www.hoymercedes.com.ar\/principal\/wp-json\/wp\/v2\/types\/post"}],"author":[{"embeddable":true,"href":"https:\/\/www.hoymercedes.com.ar\/principal\/wp-json\/wp\/v2\/users\/1"}],"replies":[{"embeddable":true,"href":"https:\/\/www.hoymercedes.com.ar\/principal\/wp-json\/wp\/v2\/comments?post=79287"}],"version-history":[{"count":0,"href":"https:\/\/www.hoymercedes.com.ar\/principal\/wp-json\/wp\/v2\/posts\/79287\/revisions"}],"wp:featuredmedia":[{"embeddable":true,"href":"https:\/\/www.hoymercedes.com.ar\/principal\/wp-json\/wp\/v2\/media\/73933"}],"wp:attachment":[{"href":"https:\/\/www.hoymercedes.com.ar\/principal\/wp-json\/wp\/v2\/media?parent=79287"}],"wp:term":[{"taxonomy":"category","embeddable":true,"href":"https:\/\/www.hoymercedes.com.ar\/principal\/wp-json\/wp\/v2\/categories?post=79287"},{"taxonomy":"post_tag","embeddable":true,"href":"https:\/\/www.hoymercedes.com.ar\/principal\/wp-json\/wp\/v2\/tags?post=79287"}],"curies":[{"name":"wp","href":"https:\/\/api.w.org\/{rel}","templated":true}]}}