{"id":79290,"date":"2018-08-01T21:42:07","date_gmt":"2018-08-02T00:42:07","guid":{"rendered":"http:\/\/www.hoymercedes.com.ar\/principal\/?p=79290"},"modified":"2018-08-01T19:53:43","modified_gmt":"2018-08-01T22:53:43","slug":"nuevo-sirenazo-nacional-en-reclamo-por-subsidios-a-bomberos-voluntarios","status":"publish","type":"post","link":"https:\/\/www.hoymercedes.com.ar\/principal\/2018\/08\/01\/nuevo-sirenazo-nacional-en-reclamo-por-subsidios-a-bomberos-voluntarios\/","title":{"rendered":"Nuevo sirenazo nacional en reclamo por subsidios a Bomberos Voluntarios"},"content":{"rendered":"<p>Este jueves 2 de agosto, a la hora 10:30, los Bomberos Voluntarios de todo el pa\u00eds llevar\u00e1n adelante un nuevo \u00absirenazo nacional\u00bb a lo que le sumar\u00e1n un abrazo al Congreso Nacional.<\/p>\n<p>En estado de alerta y movilizaci\u00f3n, los Bomberos Voluntarios reclaman el pago del excedente del presupuesto 2017, la incorporaci\u00f3n de $614.327.240,00 al presupuesto 2018, la no modificaci\u00f3n de la Ley Nacional 25054 y respuestas por parte de la autoridad de aplicaci\u00f3n.<\/p>\n","protected":false},"excerpt":{"rendered":"<p>Este jueves 2 de agosto, a la hora 10:30, los Bomberos Voluntarios de todo el pa\u00eds llevar\u00e1n adelante un nuevo &#8230; <a title=\"Nuevo sirenazo nacional en reclamo por subsidios a Bomberos Voluntarios\" class=\"read-more\" href=\"https:\/\/www.hoymercedes.com.ar\/principal\/2018\/08\/01\/nuevo-sirenazo-nacional-en-reclamo-por-subsidios-a-bomberos-voluntarios\/\" aria-label=\"Leer m\u00e1s sobre Nuevo sirenazo nacional en reclamo por subsidios a Bomberos Voluntarios\">Leer m\u00e1s<\/a><\/p>\n","protected":false},"author":1,"featured_media":79291,"comment_status":"closed","ping_status":"open","sticky":false,"template":"","format":"standard","meta":{"_monsterinsights_skip_tracking":false,"_monsterinsights_sitenote_active":false,"_monsterinsights_sitenote_note":"","_monsterinsights_sitenote_category":0,"jetpack_post_was_ever_published":false,"_jetpack_newsletter_access":"","_jetpack_dont_email_post_to_subs":false,"_jetpack_newsletter_tier_id":0,"_jetpack_memberships_contains_paywalled_content":false,"_jetpack_memberships_contains_paid_content":false,"footnotes":"","jetpack_publicize_message":"","jetpack_publicize_feature_enabled":true,"jetpack_social_post_already_shared":true,"jetpack_social_options":{"image_generator_settings":{"template":"highway","default_image_id":0,"font":"","enabled":false},"version":2},"_wpas_customize_per_network":false},"categories":[8],"tags":[865,9654,100],"class_list":["post-79290","post","type-post","status-publish","format-standard","has-post-thumbnail","hentry","category-sociedad","tag-bomberos-voluntarios","tag-congreso-nacional","tag-reclamo","generate-columns","tablet-grid-50","mobile-grid-100","grid-parent","grid-50"],"jetpack_publicize_connections":[],"jetpack_featured_media_url":"https:\/\/www.hoymercedes.com.ar\/principal\/wp-content\/uploads\/2018\/08\/01-bomberos.jpg","wps_subtitle":"Jueves 2, 10:30 horas","jetpack_sharing_enabled":true,"jetpack-related-posts":[{"id":79330,"url":"https:\/\/www.hoymercedes.com.ar\/principal\/2018\/08\/02\/bomberos-voluntarios-de-mercedes-participaron-del-abrazo-al-congreso-y-del-sirenazo\/","url_meta":{"origin":79290,"position":0},"title":"Bomberos Voluntarios de Mercedes participaron del abrazo al Congreso y del Sirenazo","author":"hoymercedes","date":"2 agosto, 2018","format":false,"excerpt":"Presentes en el Congreso Nacional, el Cuerpo de Bomberos Voluntarios de Mercedes particip\u00f3 del abrazo al edificio principal del Poder Legislativo Nacional y tanto all\u00e1 como en el cuartel de la ciudad llevaron adelante un nuevo sirenazo a nivel nacional. (VER VIDEOS) El reclamo de los Bomberos de todo el\u2026","rel":"","context":"En \u00abSociedad\u00bb","block_context":{"text":"Sociedad","link":"https:\/\/www.hoymercedes.com.ar\/principal\/category\/sociedad\/"},"img":{"alt_text":"","src":"https:\/\/i0.wp.com\/www.hoymercedes.com.ar\/principal\/wp-content\/uploads\/2018\/08\/02-bomberos-3.jpg?resize=350%2C200&ssl=1","width":350,"height":200,"srcset":"https:\/\/i0.wp.com\/www.hoymercedes.com.ar\/principal\/wp-content\/uploads\/2018\/08\/02-bomberos-3.jpg?resize=350%2C200&ssl=1 1x, https:\/\/i0.wp.com\/www.hoymercedes.com.ar\/principal\/wp-content\/uploads\/2018\/08\/02-bomberos-3.jpg?resize=525%2C300&ssl=1 1.5x, https:\/\/i0.wp.com\/www.hoymercedes.com.ar\/principal\/wp-content\/uploads\/2018\/08\/02-bomberos-3.jpg?resize=700%2C400&ssl=1 2x"},"classes":[]},{"id":79351,"url":"https:\/\/www.hoymercedes.com.ar\/principal\/2018\/08\/02\/bomberos-sirenazo-contra-el-ajuste-y-generar-consciencia-de-la-situacion-critica-video\/","url_meta":{"origin":79290,"position":1},"title":"Bomberos: sirenazo contra el ajuste y generar consciencia de la situaci\u00f3n cr\u00edtica (Video)","author":"hoymercedes","date":"2 agosto, 2018","format":false,"excerpt":"Los bomberos llevaron a cabo una nueva medida de protesta ante el recorte que le implent\u00f3 el gobierno nacional del 40% en el dinero que le corresponde por ley y que proviene de las compa\u00f1\u00edas de seguro. En consonancia con una medida en todo el pa\u00eds, donde tambi\u00e9n hubo marcha\u2026","rel":"","context":"En \u00abSociedad\u00bb","block_context":{"text":"Sociedad","link":"https:\/\/www.hoymercedes.com.ar\/principal\/category\/sociedad\/"},"img":{"alt_text":"","src":"https:\/\/i0.wp.com\/www.hoymercedes.com.ar\/principal\/wp-content\/uploads\/2018\/08\/bomberos.congreso.jpg?resize=350%2C200&ssl=1","width":350,"height":200,"srcset":"https:\/\/i0.wp.com\/www.hoymercedes.com.ar\/principal\/wp-content\/uploads\/2018\/08\/bomberos.congreso.jpg?resize=350%2C200&ssl=1 1x, https:\/\/i0.wp.com\/www.hoymercedes.com.ar\/principal\/wp-content\/uploads\/2018\/08\/bomberos.congreso.jpg?resize=525%2C300&ssl=1 1.5x, https:\/\/i0.wp.com\/www.hoymercedes.com.ar\/principal\/wp-content\/uploads\/2018\/08\/bomberos.congreso.jpg?resize=700%2C400&ssl=1 2x"},"classes":[]},{"id":193097,"url":"https:\/\/www.hoymercedes.com.ar\/principal\/2026\/03\/14\/crearon-el-registro-nacional-de-entidades-de-bomberos-voluntarios\/","url_meta":{"origin":79290,"position":2},"title":"Crearon el Registro Nacional de Entidades de Bomberos Voluntarios","author":"hoymercedes","date":"14 marzo, 2026","format":false,"excerpt":"Con informaci\u00f3n de varios medios. El Gobierno nacional dispuso la creaci\u00f3n del Registro Nacional de Entidades de Bomberos Voluntarios, una herramienta destinada a ordenar, controlar y fortalecer el funcionamiento de los cuarteles en todo el pa\u00eds. La medida fue oficializada mediante la Resoluci\u00f3n 224\/2026 publicada en el Bolet\u00edn Oficial. El\u2026","rel":"","context":"En \u00abSociedad\u00bb","block_context":{"text":"Sociedad","link":"https:\/\/www.hoymercedes.com.ar\/principal\/category\/sin-categoria\/"},"img":{"alt_text":"","src":"https:\/\/i0.wp.com\/www.hoymercedes.com.ar\/principal\/wp-content\/uploads\/2021\/06\/02-bomberos.jpg?resize=350%2C200&ssl=1","width":350,"height":200,"srcset":"https:\/\/i0.wp.com\/www.hoymercedes.com.ar\/principal\/wp-content\/uploads\/2021\/06\/02-bomberos.jpg?resize=350%2C200&ssl=1 1x, https:\/\/i0.wp.com\/www.hoymercedes.com.ar\/principal\/wp-content\/uploads\/2021\/06\/02-bomberos.jpg?resize=525%2C300&ssl=1 1.5x, https:\/\/i0.wp.com\/www.hoymercedes.com.ar\/principal\/wp-content\/uploads\/2021\/06\/02-bomberos.jpg?resize=700%2C400&ssl=1 2x"},"classes":[]},{"id":78929,"url":"https:\/\/www.hoymercedes.com.ar\/principal\/2018\/07\/22\/bomberossomostodos-estado-de-alerta-y-movilizacion-al-congreso\/","url_meta":{"origin":79290,"position":3},"title":"#BomberosSomosTodos: estado de alerta y movilizaci\u00f3n al Congreso","author":"hoymercedes","date":"22 julio, 2018","format":false,"excerpt":"Los bomberos de todo el pa\u00eds siguen en alerta y Mercedes no es una excepci\u00f3n. Ante el ajuste anunciado y la quita de apoyo a instancias del gobierno nacional se anunci\u00f3 una movilizaci\u00f3n y abrazo al congreso el pr\u00f3ximo jueves 2 de agosto. La noticia se supo a trav\u00e9s del\u2026","rel":"","context":"En \u00abSociedad\u00bb","block_context":{"text":"Sociedad","link":"https:\/\/www.hoymercedes.com.ar\/principal\/category\/sociedad\/"},"img":{"alt_text":"","src":"https:\/\/i0.wp.com\/www.hoymercedes.com.ar\/principal\/wp-content\/uploads\/2018\/07\/37511970_1441654309268710_6465552074141597696_n.jpg?resize=350%2C200&ssl=1","width":350,"height":200},"classes":[]},{"id":79823,"url":"https:\/\/www.hoymercedes.com.ar\/principal\/2018\/08\/14\/carlos-selva-gestiona-por-art-para-bomberos\/","url_meta":{"origin":79290,"position":4},"title":"Carlos Selva gestiona por ART para Bomberos","author":"hoymercedes","date":"14 agosto, 2018","format":false,"excerpt":"El Diputado Carlos Selva se reuni\u00f3 con la Senadora Magdalena Odarda y la Diputada Mar\u00eda Emilia Soria para avanzar en el Proyecto. Tiene media sanci\u00f3n del Senado y espera tratamiento en la Comisi\u00f3n de Presupuesto de la C\u00e1mara. En el marco de las numerosas acciones que el diputado nacional Carlos\u2026","rel":"","context":"En \u00abPol\u00edtica Nacional\u00bb","block_context":{"text":"Pol\u00edtica Nacional","link":"https:\/\/www.hoymercedes.com.ar\/principal\/category\/politica-nacional\/"},"img":{"alt_text":"","src":"https:\/\/i0.wp.com\/www.hoymercedes.com.ar\/principal\/wp-content\/uploads\/2018\/08\/14-Carlos-selva.jpg?resize=350%2C200&ssl=1","width":350,"height":200,"srcset":"https:\/\/i0.wp.com\/www.hoymercedes.com.ar\/principal\/wp-content\/uploads\/2018\/08\/14-Carlos-selva.jpg?resize=350%2C200&ssl=1 1x, https:\/\/i0.wp.com\/www.hoymercedes.com.ar\/principal\/wp-content\/uploads\/2018\/08\/14-Carlos-selva.jpg?resize=525%2C300&ssl=1 1.5x, https:\/\/i0.wp.com\/www.hoymercedes.com.ar\/principal\/wp-content\/uploads\/2018\/08\/14-Carlos-selva.jpg?resize=700%2C400&ssl=1 2x"},"classes":[]},{"id":81720,"url":"https:\/\/www.hoymercedes.com.ar\/principal\/2018\/09\/27\/carlos-selva-participo-de-audiencia-publica-por-art-para-bomberos-voluntarios\/","url_meta":{"origin":79290,"position":5},"title":"Carlos Selva particip\u00f3 de audiencia p\u00fablica por ART para Bomberos Voluntarios","author":"hoymercedes","date":"27 septiembre, 2018","format":false,"excerpt":"E d\u00eda jueves, el diputado nacional mercedino, Carlos Selva, junto a distintos diputados y senadores nacionales, llevaron adelante una reuni\u00f3n parlamentaria\u00a0de la cual participaron las asociaciones de Bomberos Voluntarios de distintos puntos del pa\u00eds y representantes del Consejo Nacional de Bomberos Voluntarios. Entre ellos, los Bomberos de Mercedes representados por\u2026","rel":"","context":"En \u00abPol\u00edtica Nacional\u00bb","block_context":{"text":"Pol\u00edtica Nacional","link":"https:\/\/www.hoymercedes.com.ar\/principal\/category\/politica-nacional\/"},"img":{"alt_text":"","src":"https:\/\/i0.wp.com\/www.hoymercedes.com.ar\/principal\/wp-content\/uploads\/2018\/09\/27-selva-bomberos-1.jpg?resize=350%2C200&ssl=1","width":350,"height":200,"srcset":"https:\/\/i0.wp.com\/www.hoymercedes.com.ar\/principal\/wp-content\/uploads\/2018\/09\/27-selva-bomberos-1.jpg?resize=350%2C200&ssl=1 1x, https:\/\/i0.wp.com\/www.hoymercedes.com.ar\/principal\/wp-content\/uploads\/2018\/09\/27-selva-bomberos-1.jpg?resize=525%2C300&ssl=1 1.5x, https:\/\/i0.wp.com\/www.hoymercedes.com.ar\/principal\/wp-content\/uploads\/2018\/09\/27-selva-bomberos-1.jpg?resize=700%2C400&ssl=1 2x"},"classes":[]}],"_links":{"self":[{"href":"https:\/\/www.hoymercedes.com.ar\/principal\/wp-json\/wp\/v2\/posts\/79290","targetHints":{"allow":["GET"]}}],"collection":[{"href":"https:\/\/www.hoymercedes.com.ar\/principal\/wp-json\/wp\/v2\/posts"}],"about":[{"href":"https:\/\/www.hoymercedes.com.ar\/principal\/wp-json\/wp\/v2\/types\/post"}],"author":[{"embeddable":true,"href":"https:\/\/www.hoymercedes.com.ar\/principal\/wp-json\/wp\/v2\/users\/1"}],"replies":[{"embeddable":true,"href":"https:\/\/www.hoymercedes.com.ar\/principal\/wp-json\/wp\/v2\/comments?post=79290"}],"version-history":[{"count":0,"href":"https:\/\/www.hoymercedes.com.ar\/principal\/wp-json\/wp\/v2\/posts\/79290\/revisions"}],"wp:featuredmedia":[{"embeddable":true,"href":"https:\/\/www.hoymercedes.com.ar\/principal\/wp-json\/wp\/v2\/media\/79291"}],"wp:attachment":[{"href":"https:\/\/www.hoymercedes.com.ar\/principal\/wp-json\/wp\/v2\/media?parent=79290"}],"wp:term":[{"taxonomy":"category","embeddable":true,"href":"https:\/\/www.hoymercedes.com.ar\/principal\/wp-json\/wp\/v2\/categories?post=79290"},{"taxonomy":"post_tag","embeddable":true,"href":"https:\/\/www.hoymercedes.com.ar\/principal\/wp-json\/wp\/v2\/tags?post=79290"}],"curies":[{"name":"wp","href":"https:\/\/api.w.org\/{rel}","templated":true}]}}