{"id":79300,"date":"2018-08-02T08:24:05","date_gmt":"2018-08-02T11:24:05","guid":{"rendered":"http:\/\/www.hoymercedes.com.ar\/principal\/?p=79300"},"modified":"2018-08-01T22:29:54","modified_gmt":"2018-08-02T01:29:54","slug":"municipio-inicia-tareas-de-embellecimiento-urbano-junto-a-paisajista-carlos-thays","status":"publish","type":"post","link":"https:\/\/www.hoymercedes.com.ar\/principal\/2018\/08\/02\/municipio-inicia-tareas-de-embellecimiento-urbano-junto-a-paisajista-carlos-thays\/","title":{"rendered":"Municipio inicia tareas de embellecimiento urbano junto a paisajista Carlos Thays"},"content":{"rendered":"<figure id=\"attachment_79301\" aria-describedby=\"caption-attachment-79301\" style=\"width: 620px\" class=\"wp-caption aligncenter\"><img loading=\"lazy\" decoding=\"async\" data-attachment-id=\"79301\" data-permalink=\"https:\/\/www.hoymercedes.com.ar\/principal\/2018\/08\/02\/municipio-inicia-tareas-de-embellecimiento-urbano-junto-a-paisajista-carlos-thays\/40-thays-paisajismo\/#main\" data-orig-file=\"https:\/\/www.hoymercedes.com.ar\/principal\/wp-content\/uploads\/2018\/08\/40-thays-paisajismo.jpg\" data-orig-size=\"730,487\" data-comments-opened=\"0\" data-image-meta=\"{&quot;aperture&quot;:&quot;0&quot;,&quot;credit&quot;:&quot;&quot;,&quot;camera&quot;:&quot;&quot;,&quot;caption&quot;:&quot;&quot;,&quot;created_timestamp&quot;:&quot;0&quot;,&quot;copyright&quot;:&quot;&quot;,&quot;focal_length&quot;:&quot;0&quot;,&quot;iso&quot;:&quot;0&quot;,&quot;shutter_speed&quot;:&quot;0&quot;,&quot;title&quot;:&quot;&quot;,&quot;orientation&quot;:&quot;0&quot;}\" data-image-title=\"40-thays-paisajismo\" data-image-description=\"\" data-image-caption=\"&lt;p&gt;Tareas sobre avenida 40&lt;\/p&gt;\n\" data-large-file=\"https:\/\/www.hoymercedes.com.ar\/principal\/wp-content\/uploads\/2018\/08\/40-thays-paisajismo.jpg\" class=\"size-medium wp-image-79301\" src=\"https:\/\/www.hoymercedes.com.ar\/principal\/wp-content\/uploads\/2018\/08\/40-thays-paisajismo-630x420.jpg\" alt=\"\" width=\"630\" height=\"420\" srcset=\"https:\/\/www.hoymercedes.com.ar\/principal\/wp-content\/uploads\/2018\/08\/40-thays-paisajismo-630x420.jpg 630w, https:\/\/www.hoymercedes.com.ar\/principal\/wp-content\/uploads\/2018\/08\/40-thays-paisajismo-150x100.jpg 150w, https:\/\/www.hoymercedes.com.ar\/principal\/wp-content\/uploads\/2018\/08\/40-thays-paisajismo.jpg 730w\" sizes=\"auto, (max-width: 630px) 100vw, 630px\" \/><figcaption id=\"caption-attachment-79301\" class=\"wp-caption-text\">Tareas sobre avenida 40<\/figcaption><\/figure>\n<p>El Municipio de la ciudad de Mercedes, a trav\u00e9s de la direcci\u00f3n de Espacio Verdes, con el asesoramiento del equipo de paisajista de Carlos Thays y con un gran despliegue de los trabajadores municipales, comenzaron una importante cantidad de obras con el objetivo de embellecer espacios p\u00fablicos de nuestra ciudad. El primer espacio es la avenida 40.<\/p>\n<p><strong>Puesta en valor<\/strong><\/p>\n<p>Estos trabajos son parte de una programaci\u00f3n pensada y consensuada que permitir\u00e1 arreglar y enriquecer espacios verdes de nuestra ciudad. \u00a0\u201cEsta es una obra importante porque tiene que ver con el mantenimiento y la puesta en valor de todo el espacio p\u00fablico. Esto es producto de una planificaci\u00f3n y visi\u00f3n de la ciudad\u201d resalt\u00f3 el jefe comunal, Juan Ignacio Ustarroz.<\/p>\n<p>\u201cLa idea es la puesta en valor para poder despu\u00e9s mantenerlos, los canteros estaban muy altos y eso hace que la tierra caiga permanentemente. Con estos trabajos eso ya no pasar\u00e1 y la limpieza ser\u00e1 mucho m\u00e1s simple\u201d inform\u00f3 el primer mandatario.<\/p>\n<figure id=\"attachment_79302\" aria-describedby=\"caption-attachment-79302\" style=\"width: 620px\" class=\"wp-caption aligncenter\"><img loading=\"lazy\" decoding=\"async\" data-attachment-id=\"79302\" data-permalink=\"https:\/\/www.hoymercedes.com.ar\/principal\/2018\/08\/02\/municipio-inicia-tareas-de-embellecimiento-urbano-junto-a-paisajista-carlos-thays\/40-thays-paisajismo-2\/#main\" data-orig-file=\"https:\/\/www.hoymercedes.com.ar\/principal\/wp-content\/uploads\/2018\/08\/40-thays-paisajismo.2.jpg\" data-orig-size=\"730,487\" data-comments-opened=\"0\" data-image-meta=\"{&quot;aperture&quot;:&quot;0&quot;,&quot;credit&quot;:&quot;&quot;,&quot;camera&quot;:&quot;&quot;,&quot;caption&quot;:&quot;&quot;,&quot;created_timestamp&quot;:&quot;0&quot;,&quot;copyright&quot;:&quot;&quot;,&quot;focal_length&quot;:&quot;0&quot;,&quot;iso&quot;:&quot;0&quot;,&quot;shutter_speed&quot;:&quot;0&quot;,&quot;title&quot;:&quot;&quot;,&quot;orientation&quot;:&quot;0&quot;}\" data-image-title=\"40-thays-paisajismo.2\" data-image-description=\"\" data-image-caption=\"&lt;p&gt;M\u00e1quinas trabajando&lt;\/p&gt;\n\" data-large-file=\"https:\/\/www.hoymercedes.com.ar\/principal\/wp-content\/uploads\/2018\/08\/40-thays-paisajismo.2.jpg\" class=\"size-medium wp-image-79302\" src=\"https:\/\/www.hoymercedes.com.ar\/principal\/wp-content\/uploads\/2018\/08\/40-thays-paisajismo.2-630x420.jpg\" alt=\"\" width=\"630\" height=\"420\" srcset=\"https:\/\/www.hoymercedes.com.ar\/principal\/wp-content\/uploads\/2018\/08\/40-thays-paisajismo.2-630x420.jpg 630w, https:\/\/www.hoymercedes.com.ar\/principal\/wp-content\/uploads\/2018\/08\/40-thays-paisajismo.2-150x100.jpg 150w, https:\/\/www.hoymercedes.com.ar\/principal\/wp-content\/uploads\/2018\/08\/40-thays-paisajismo.2.jpg 730w\" sizes=\"auto, (max-width: 630px) 100vw, 630px\" \/><figcaption id=\"caption-attachment-79302\" class=\"wp-caption-text\">M\u00e1quinas trabajando<\/figcaption><\/figure>\n<p><strong>Planificaci\u00f3n<\/strong><\/p>\n<p>Adem\u00e1s, el Dr. Ustarroz describi\u00f3 \u201cestamos realizando un proyecto estrat\u00e9gico de arbolado en la ciudad -que contemplar\u00e1 much\u00edsimas zonas- y este es el primer paso en ese sentido\u201d. Y destac\u00f3 \u201cla capacidad de trabajo que cuenta el municipio, ustedes piensen que la cantidad de empleados sigue siendo la misma y el flujo de trabajo que uno ve en la calle es muy grande. Hoy estamos teniendo la capacidad de poder realizar trabajos en cuatro barrios\u201d.<\/p>\n<p>Por otro lado, el jefe comunal, dijo \u201chablamos con vecinos que reconocen el trabajo, lo que pedimos es que la gente tome conciencia, cuide, que sea limpia, porque de esa manera vamos a poder construir una ciudad cada vez mejor\u201d.<\/p>\n<p><strong>M\u00e1quinas y trabajadores <\/strong><\/p>\n<p>En otro orden de cosas, el intendente de nuestra ciudad, el Dr. Juan Ignacio Ustarroz expres\u00f3 \u201cel orgullo que nos da a todos, en este momento poder estar contabilizando seis veh\u00edculos nuevos -tres camiones, una motoniveladora, y dos palas cargadoras- estos son veh\u00edculos que adquirimos durante nuestra gesti\u00f3n, se compraron al contado lo que permite obtener muy buenos descuentos, no se genera deuda futura y nos permite ganar m\u00e1s capacidad de trabajo\u201d.<\/p>\n<p><strong>Equipos<\/strong><\/p>\n<p>Por su parte, Juan Pablo L\u00f3pez Baggio, Secretario de Gobierno, dijo \u201cquiero poner en valor a quienes est\u00e1n llevando a cabo esta obra, los trabajadores municipales, quienes d\u00eda a d\u00eda ponen en funcionamiento \u201cla maquinaria municipal\u201d y a\u00f1adi\u00f3 \u201cm\u00e1s all\u00e1 del talento profesional que hay detr\u00e1s de estas obras, est\u00e1n quienes ejecutan permanentemente estos trabajos y que sin su presencia no se podr\u00eda hacer, para ellos siempre nuestro agradecimiento\u201d.<\/p>\n<p><strong>Cuidados y limpieza<\/strong><\/p>\n<p>Qui\u00e9n tambi\u00e9n estuvo presente fue el Director de Espacios Verdes, Leonardo Belforte, qui\u00e9n explic\u00f3 \u201clos canteros estaban muy altos, existen \u00e1rboles con peligro de ca\u00edda, los arbustos que invaden las calles, por esos motivos estos trabajos eran necesarios\u201d.<\/p>\n<p>&nbsp;<\/p>\n<p>En otro orden de cosas, Belforte recalc\u00f3 el trabajo y el desarrollo planificado que se est\u00e1 poniendo en marcha en cuanto al arbolado en nuestra ciudad, el cual es un trabajo en conjunto con Carlos Thays -paisajista muy reconocido en nuestro pa\u00eds- \u201cesto es para un beneficio y embellecimiento que vamos a disfrutar todos\u201d.<\/p>\n<p>&nbsp;<\/p>\n<p>Info: Municipio<\/p>\n","protected":false},"excerpt":{"rendered":"<p>El Municipio de la ciudad de Mercedes, a trav\u00e9s de la direcci\u00f3n de Espacio Verdes, con el asesoramiento del equipo &#8230; <a title=\"Municipio inicia tareas de embellecimiento urbano junto a paisajista Carlos Thays\" class=\"read-more\" href=\"https:\/\/www.hoymercedes.com.ar\/principal\/2018\/08\/02\/municipio-inicia-tareas-de-embellecimiento-urbano-junto-a-paisajista-carlos-thays\/\" aria-label=\"Leer m\u00e1s sobre Municipio inicia tareas de embellecimiento urbano junto a paisajista Carlos Thays\">Leer m\u00e1s<\/a><\/p>\n","protected":false},"author":1,"featured_media":79302,"comment_status":"closed","ping_status":"open","sticky":false,"template":"","format":"standard","meta":{"_monsterinsights_skip_tracking":false,"_monsterinsights_sitenote_active":false,"_monsterinsights_sitenote_note":"","_monsterinsights_sitenote_category":0,"jetpack_post_was_ever_published":false,"_jetpack_newsletter_access":"","_jetpack_dont_email_post_to_subs":false,"_jetpack_newsletter_tier_id":0,"_jetpack_memberships_contains_paywalled_content":false,"_jetpack_memberships_contains_paid_content":false,"footnotes":"","jetpack_publicize_message":"","jetpack_publicize_feature_enabled":true,"jetpack_social_post_already_shared":true,"jetpack_social_options":{"image_generator_settings":{"template":"highway","default_image_id":0,"font":"","enabled":false},"version":2},"_wpas_customize_per_network":false},"categories":[30],"tags":[12667,197,424],"class_list":["post-79300","post","type-post","status-publish","format-standard","has-post-thumbnail","hentry","category-municipio","tag-leonardo-belforte","tag-municipalidad-de-mercedes","tag-ustarroz","generate-columns","tablet-grid-50","mobile-grid-100","grid-parent","grid-50"],"jetpack_publicize_connections":[],"jetpack_featured_media_url":"https:\/\/www.hoymercedes.com.ar\/principal\/wp-content\/uploads\/2018\/08\/40-thays-paisajismo.2.jpg","wps_subtitle":"Av.40","jetpack_sharing_enabled":true,"_links":{"self":[{"href":"https:\/\/www.hoymercedes.com.ar\/principal\/wp-json\/wp\/v2\/posts\/79300","targetHints":{"allow":["GET"]}}],"collection":[{"href":"https:\/\/www.hoymercedes.com.ar\/principal\/wp-json\/wp\/v2\/posts"}],"about":[{"href":"https:\/\/www.hoymercedes.com.ar\/principal\/wp-json\/wp\/v2\/types\/post"}],"author":[{"embeddable":true,"href":"https:\/\/www.hoymercedes.com.ar\/principal\/wp-json\/wp\/v2\/users\/1"}],"replies":[{"embeddable":true,"href":"https:\/\/www.hoymercedes.com.ar\/principal\/wp-json\/wp\/v2\/comments?post=79300"}],"version-history":[{"count":0,"href":"https:\/\/www.hoymercedes.com.ar\/principal\/wp-json\/wp\/v2\/posts\/79300\/revisions"}],"wp:featuredmedia":[{"embeddable":true,"href":"https:\/\/www.hoymercedes.com.ar\/principal\/wp-json\/wp\/v2\/media\/79302"}],"wp:attachment":[{"href":"https:\/\/www.hoymercedes.com.ar\/principal\/wp-json\/wp\/v2\/media?parent=79300"}],"wp:term":[{"taxonomy":"category","embeddable":true,"href":"https:\/\/www.hoymercedes.com.ar\/principal\/wp-json\/wp\/v2\/categories?post=79300"},{"taxonomy":"post_tag","embeddable":true,"href":"https:\/\/www.hoymercedes.com.ar\/principal\/wp-json\/wp\/v2\/tags?post=79300"}],"curies":[{"name":"wp","href":"https:\/\/api.w.org\/{rel}","templated":true}]}}