{"id":79304,"date":"2018-08-02T09:30:56","date_gmt":"2018-08-02T12:30:56","guid":{"rendered":"http:\/\/www.hoymercedes.com.ar\/principal\/?p=79304"},"modified":"2018-08-02T09:28:35","modified_gmt":"2018-08-02T12:28:35","slug":"cambiemos-de-mercedes-pide-justicia-rapida-y-extincion-de-dominio","status":"publish","type":"post","link":"https:\/\/www.hoymercedes.com.ar\/principal\/2018\/08\/02\/cambiemos-de-mercedes-pide-justicia-rapida-y-extincion-de-dominio\/","title":{"rendered":"Cambiemos de Mercedes pide \u00abjusticia r\u00e1pida y extinci\u00f3n de dominio\u00bb"},"content":{"rendered":"<p>A trav\u00e9s de una declaraci\u00f3n p\u00fablica, la mesa ejecutiva del Frente Cambiemos Mercedes que integran Oscar Gonz\u00e1lez (PRO), Edgard Kilmeatte (UCR) y Jorge Pirotta (Partido FE) reclaman \u00abjusticia r\u00e1pida\u00bb y la aprobaci\u00f3n del proyecto de ley conocida como \u00abextinci\u00f3n de dominio\u00bb.<\/p>\n<p>\u00abTodo ciudadano que pasa por la funci\u00f3n p\u00fablica, sea el gobierno que fuere y del signo pol\u00edtico que lo identifique, tiene la obligaci\u00f3n de estar a disposici\u00f3n de la justicia ante la primera duda razonable sobre su comportamiento, con mayor raz\u00f3n cuando existen claros indicios de actividades ilegales por parte de altos funcionarios gubernamentales. Y el l\u00f3gico correlato que todos deseamos, es que la justicia act\u00fae con celeridad y eficacia tanto sea para sancionar a los responsables como para eximir de culpa a los inocentes\u00bb, expresan en el comunicado firmado por los tres dirigentes de los partidos pol\u00edticos que integran Cambiemos en Mercedes.<\/p>\n<p>\u00abLa reciente aparici\u00f3n de los &#8216;cuadernos de la corrupci\u00f3n&#8217; no s\u00f3lo aliment\u00f3 el proceso judicial en curso, sino que renov\u00f3 en nuestra sociedad el reclamo que se le hace a todos aquellos que han pasado por el poder pol\u00edtico y dejaron dudas, y a veces certezas, sobre su enriquecimiento il\u00edcito gracias a maniobras de corrupci\u00f3n en el estado. Y el reclamo generalizado, por encima de cualquier ideolog\u00eda o postura partidaria es muy simple: &#8216;qu\u00e9 devuelvan lo que nos robaron\u00b4\u00bbagregan.<\/p>\n<p>\u00abPara ello, es indispensable que el Congreso de la Naci\u00f3n apruebe una Ley que establezca la extinci\u00f3n de dominio de los bienes obtenidos por actos de corrupci\u00f3n y de todo tipo de crimen\u00bb.<\/p>\n<p>\u00abHace pocas semanas atr\u00e1s, el Concejo Deliberante de Mercedes emiti\u00f3 una declaraci\u00f3n por la cual le solicit\u00f3 al Senado de la Naci\u00f3n la pronta aprobaci\u00f3n de la Ley de Extinci\u00f3n de Dominio. Fue una contribuci\u00f3n institucional a un debate que parece estar estancado en los despachos de algunos legisladores que no dejan clara su actitud frente a este tema\u00bb.<\/p>\n<p>\u00abEvidentemente, existen dudas legales sobre el texto aprobado por Diputados, pero las mismas deben ser r\u00e1pidamente superadas para que la Rep\u00fablica Argentina tenga una herramienta valios\u00edsima en la lucha contra la corrupci\u00f3n. De no hacerlo, veremos c\u00f3mo algunos ex funcionarios purgar\u00e1n penas en la c\u00e1rcel de algunos a\u00f1os para luego salir y continuar con sus vidas disfrutando de los dineros y bienes que les robaron al pueblo argentino. El Senado tiene en sus manos una enorme responsabilidad\u00bb, concluyen Gonz\u00e1lez, Kilmeatte y Pirotta.<\/p>\n<p>&nbsp;<\/p>\n","protected":false},"excerpt":{"rendered":"<p>A trav\u00e9s de una declaraci\u00f3n p\u00fablica, la mesa ejecutiva del Frente Cambiemos Mercedes que integran Oscar Gonz\u00e1lez (PRO), Edgard Kilmeatte &#8230; <a title=\"Cambiemos de Mercedes pide \u00abjusticia r\u00e1pida y extinci\u00f3n de dominio\u00bb\" class=\"read-more\" href=\"https:\/\/www.hoymercedes.com.ar\/principal\/2018\/08\/02\/cambiemos-de-mercedes-pide-justicia-rapida-y-extincion-de-dominio\/\" aria-label=\"Leer m\u00e1s sobre Cambiemos de Mercedes pide \u00abjusticia r\u00e1pida y extinci\u00f3n de dominio\u00bb\">Leer m\u00e1s<\/a><\/p>\n","protected":false},"author":1,"featured_media":0,"comment_status":"closed","ping_status":"open","sticky":false,"template":"","format":"standard","meta":{"_monsterinsights_skip_tracking":false,"_monsterinsights_sitenote_active":false,"_monsterinsights_sitenote_note":"","_monsterinsights_sitenote_category":0,"jetpack_post_was_ever_published":false,"_jetpack_newsletter_access":"","_jetpack_dont_email_post_to_subs":false,"_jetpack_newsletter_tier_id":0,"_jetpack_memberships_contains_paywalled_content":false,"_jetpack_memberships_contains_paid_content":false,"footnotes":"","jetpack_publicize_message":"","jetpack_publicize_feature_enabled":true,"jetpack_social_post_already_shared":true,"jetpack_social_options":{"image_generator_settings":{"template":"highway","default_image_id":0,"font":"","enabled":false},"version":2},"_wpas_customize_per_network":false},"categories":[5],"tags":[7492,10,5319],"class_list":["post-79304","post","type-post","status-publish","format-standard","hentry","category-politica","tag-frente-cambiemos","tag-mercedes","tag-politica-2","generate-columns","tablet-grid-50","mobile-grid-100","grid-parent","grid-50"],"jetpack_publicize_connections":[],"jetpack_featured_media_url":"","wps_subtitle":"A trav\u00e9s de una declaraci\u00f3n p\u00fablica","jetpack_sharing_enabled":true,"jetpack-related-posts":[{"id":74289,"url":"https:\/\/www.hoymercedes.com.ar\/principal\/2018\/04\/05\/cambiemos-pide-que-se-deje-sin-efecto-el-aumento-de-tasas-previsto-para-julio\/","url_meta":{"origin":79304,"position":0},"title":"Cambiemos pide que se deje sin efecto el aumento de tasas previsto para julio","author":"hoymercedes","date":"5 abril, 2018","format":false,"excerpt":"El lunes 9 de abril se realizar\u00e1 la primera sesi\u00f3n ordinaria del Concejo Deliberante Mercedes y el orden del d\u00eda se cerr\u00f3 en la tarde del mi\u00e9rcoles. Desde el Frente Cambiemos dieron a conocer los proyectos presentados por el bloque. Algunos de ellos podr\u00edan ser tratados sobre tablas, mientras otros\u2026","rel":"","context":"En \u00abPol\u00edtica\u00bb","block_context":{"text":"Pol\u00edtica","link":"https:\/\/www.hoymercedes.com.ar\/principal\/category\/politica\/"},"img":{"alt_text":"","src":"https:\/\/i0.wp.com\/www.hoymercedes.com.ar\/principal\/wp-content\/uploads\/2018\/03\/09-bloque-Cambiemos.jpeg?resize=350%2C200&ssl=1","width":350,"height":200,"srcset":"https:\/\/i0.wp.com\/www.hoymercedes.com.ar\/principal\/wp-content\/uploads\/2018\/03\/09-bloque-Cambiemos.jpeg?resize=350%2C200&ssl=1 1x, https:\/\/i0.wp.com\/www.hoymercedes.com.ar\/principal\/wp-content\/uploads\/2018\/03\/09-bloque-Cambiemos.jpeg?resize=525%2C300&ssl=1 1.5x, https:\/\/i0.wp.com\/www.hoymercedes.com.ar\/principal\/wp-content\/uploads\/2018\/03\/09-bloque-Cambiemos.jpeg?resize=700%2C400&ssl=1 2x"},"classes":[]},{"id":51640,"url":"https:\/\/www.hoymercedes.com.ar\/principal\/2016\/06\/23\/cambiemos-mercedes-pide-el-desafuero-de-de-vido\/","url_meta":{"origin":79304,"position":1},"title":"Cambiemos Mercedes pide el desafuero de De Vido","author":"hoymercedes","date":"23 junio, 2016","format":false,"excerpt":"Para tratar en la pr\u00f3xima sesi\u00f3n del HCD que se realizar\u00e1 el venidero 27 de junio, el bloque de concejales del Frente Cambiemos\u00a0pide por el desafuero al Diputado del Frente para la Victoria Julio De Vido, con el objetivo de lograr una investigaci\u00f3n a fondo y sin privilegios. \"Es necesario\u2026","rel":"","context":"En \u00abPol\u00edtica\u00bb","block_context":{"text":"Pol\u00edtica","link":"https:\/\/www.hoymercedes.com.ar\/principal\/category\/politica\/"},"img":{"alt_text":"","src":"https:\/\/i0.wp.com\/www.hoymercedes.com.ar\/principal\/wp-content\/uploads\/2016\/05\/13-cambiemos.jpg?resize=350%2C200&ssl=1","width":350,"height":200},"classes":[]},{"id":67839,"url":"https:\/\/www.hoymercedes.com.ar\/principal\/2017\/10\/01\/cambiemos-realizo-timbreo-junto-al-vicegobernador-bonaerense\/","url_meta":{"origin":79304,"position":2},"title":"Cambiemos realiz\u00f3 timbreo junto al Vicegobernador Bonaerense","author":"hoymercedes","date":"1 octubre, 2017","format":false,"excerpt":"En una visita no oficial, en la jornada del s\u00e1bado se hizo presente en Mercedes el Vicegobernador de la provincia de Buenos Aires Daniel Salvador. Su objetivo fue recorrer barrios de la ciudad junto a los candidatos locales de Cambiemos en el marco de la campa\u00f1a electoral. El timbreo lo\u2026","rel":"","context":"En \u00abPol\u00edtica\u00bb","block_context":{"text":"Pol\u00edtica","link":"https:\/\/www.hoymercedes.com.ar\/principal\/category\/politica\/"},"img":{"alt_text":"","src":"https:\/\/i0.wp.com\/www.hoymercedes.com.ar\/principal\/wp-content\/uploads\/2017\/10\/01-cambiemos-salvador-2.jpg?resize=350%2C200&ssl=1","width":350,"height":200,"srcset":"https:\/\/i0.wp.com\/www.hoymercedes.com.ar\/principal\/wp-content\/uploads\/2017\/10\/01-cambiemos-salvador-2.jpg?resize=350%2C200&ssl=1 1x, https:\/\/i0.wp.com\/www.hoymercedes.com.ar\/principal\/wp-content\/uploads\/2017\/10\/01-cambiemos-salvador-2.jpg?resize=525%2C300&ssl=1 1.5x"},"classes":[]},{"id":79509,"url":"https:\/\/www.hoymercedes.com.ar\/principal\/2018\/08\/06\/concejales-empiezan-a-declarar-ante-la-justicia-por-la-sesion-suspendida-de-mayo\/","url_meta":{"origin":79304,"position":3},"title":"Concejales empiezan a declarar ante la justicia por la sesi\u00f3n suspendida de mayo","author":"hoymercedes","date":"6 agosto, 2018","format":false,"excerpt":"Tras la de sesi\u00f3n del 28 de mayo que debi\u00f3 suspenderse ante los desmanes en el recinto del Concejo Deliberante cuando los legisladores mercedinos trataban el proyecto de adhesi\u00f3n al pacto fiscal, el Fiscal Juan Bidone, de la UFIC N\u00b0 1, inici\u00f3 de oficio una investigaci\u00f3n y cit\u00f3 para esta\u2026","rel":"","context":"En \u00abPol\u00edtica\u00bb","block_context":{"text":"Pol\u00edtica","link":"https:\/\/www.hoymercedes.com.ar\/principal\/category\/politica\/"},"img":{"alt_text":"","src":"https:\/\/i0.wp.com\/www.hoymercedes.com.ar\/principal\/wp-content\/uploads\/2018\/07\/25-HCD-sesion.jpg?resize=350%2C200&ssl=1","width":350,"height":200,"srcset":"https:\/\/i0.wp.com\/www.hoymercedes.com.ar\/principal\/wp-content\/uploads\/2018\/07\/25-HCD-sesion.jpg?resize=350%2C200&ssl=1 1x, https:\/\/i0.wp.com\/www.hoymercedes.com.ar\/principal\/wp-content\/uploads\/2018\/07\/25-HCD-sesion.jpg?resize=525%2C300&ssl=1 1.5x, https:\/\/i0.wp.com\/www.hoymercedes.com.ar\/principal\/wp-content\/uploads\/2018\/07\/25-HCD-sesion.jpg?resize=700%2C400&ssl=1 2x"},"classes":[]},{"id":56134,"url":"https:\/\/www.hoymercedes.com.ar\/principal\/2016\/10\/19\/cambiemos-eleva-proyecto-para-eliminar-unica-unidad-fiscal-especializada-en-violencia-de-genero\/","url_meta":{"origin":79304,"position":4},"title":"Cambiemos y el Frente Renovador aprobaron proyecto para eliminar Unidad Fiscal Especializada en Violencia de Genero","author":"hoymercedes","date":"19 octubre, 2016","format":false,"excerpt":"En el d\u00eda de la\u00a0 marcha \u201cNi Una Menos\u201d se conoci\u00f3 la noticia de que Cambiemos y el Frente Renovador avanzaron en el proyecto de desmantelamiento de la \u00fanica Unidad Fiscal Especializada en Violencia de Genero que existe en el pa\u00eds. Todo se enmarca en el proyecto de Ley Org\u00e1nica\u2026","rel":"","context":"En \u00abPol\u00edtica Nacional\u00bb","block_context":{"text":"Pol\u00edtica Nacional","link":"https:\/\/www.hoymercedes.com.ar\/principal\/category\/politica-nacional\/"},"img":{"alt_text":"","src":"https:\/\/i0.wp.com\/www.hoymercedes.com.ar\/principal\/wp-content\/uploads\/2016\/06\/04-niunamenos-2.jpg?resize=350%2C200&ssl=1","width":350,"height":200},"classes":[]},{"id":56925,"url":"https:\/\/www.hoymercedes.com.ar\/principal\/2016\/11\/10\/nuevos-proyectos-presentados-por-el-frente-cambiemos\/","url_meta":{"origin":79304,"position":5},"title":"Nuevos proyectos presentados por el Frente Cambiemos","author":"hoymercedes","date":"10 noviembre, 2016","format":false,"excerpt":"En la sesi\u00f3n ordinaria del pr\u00f3ximo lunes 14 de noviembre, ingresaran veintid\u00f3s proyectos presentados por el bloque de Concejales de Cambiemos. Son varios los temas que abordan. Desde asfaltos y mejoras para los vecinos, pero tambi\u00e9n trabajos en la zona rural y en los barrios.\u00a0 Al ya difundido proyecto de\u2026","rel":"","context":"En \u00abPol\u00edtica\u00bb","block_context":{"text":"Pol\u00edtica","link":"https:\/\/www.hoymercedes.com.ar\/principal\/category\/politica\/"},"img":{"alt_text":"","src":"https:\/\/i0.wp.com\/www.hoymercedes.com.ar\/principal\/wp-content\/uploads\/2016\/11\/10-Cambiemos.jpg?resize=350%2C200&ssl=1","width":350,"height":200,"srcset":"https:\/\/i0.wp.com\/www.hoymercedes.com.ar\/principal\/wp-content\/uploads\/2016\/11\/10-Cambiemos.jpg?resize=350%2C200&ssl=1 1x, https:\/\/i0.wp.com\/www.hoymercedes.com.ar\/principal\/wp-content\/uploads\/2016\/11\/10-Cambiemos.jpg?resize=525%2C300&ssl=1 1.5x"},"classes":[]}],"_links":{"self":[{"href":"https:\/\/www.hoymercedes.com.ar\/principal\/wp-json\/wp\/v2\/posts\/79304","targetHints":{"allow":["GET"]}}],"collection":[{"href":"https:\/\/www.hoymercedes.com.ar\/principal\/wp-json\/wp\/v2\/posts"}],"about":[{"href":"https:\/\/www.hoymercedes.com.ar\/principal\/wp-json\/wp\/v2\/types\/post"}],"author":[{"embeddable":true,"href":"https:\/\/www.hoymercedes.com.ar\/principal\/wp-json\/wp\/v2\/users\/1"}],"replies":[{"embeddable":true,"href":"https:\/\/www.hoymercedes.com.ar\/principal\/wp-json\/wp\/v2\/comments?post=79304"}],"version-history":[{"count":0,"href":"https:\/\/www.hoymercedes.com.ar\/principal\/wp-json\/wp\/v2\/posts\/79304\/revisions"}],"wp:attachment":[{"href":"https:\/\/www.hoymercedes.com.ar\/principal\/wp-json\/wp\/v2\/media?parent=79304"}],"wp:term":[{"taxonomy":"category","embeddable":true,"href":"https:\/\/www.hoymercedes.com.ar\/principal\/wp-json\/wp\/v2\/categories?post=79304"},{"taxonomy":"post_tag","embeddable":true,"href":"https:\/\/www.hoymercedes.com.ar\/principal\/wp-json\/wp\/v2\/tags?post=79304"}],"curies":[{"name":"wp","href":"https:\/\/api.w.org\/{rel}","templated":true}]}}