{"id":79311,"date":"2018-08-02T14:15:51","date_gmt":"2018-08-02T17:15:51","guid":{"rendered":"http:\/\/www.hoymercedes.com.ar\/principal\/?p=79311"},"modified":"2018-08-02T13:58:18","modified_gmt":"2018-08-02T16:58:18","slug":"jornada-de-salud-mental-con-la-presentacion-de-escritos","status":"publish","type":"post","link":"https:\/\/www.hoymercedes.com.ar\/principal\/2018\/08\/02\/jornada-de-salud-mental-con-la-presentacion-de-escritos\/","title":{"rendered":"Jornada de Salud Mental con la presentaci\u00f3n de escritos"},"content":{"rendered":"<p>En la ma\u00f1ana de este jueves se llev\u00f3 adelante una jornada \u00abEscritos en Salud Mental\u00bb organizada por la Secretar\u00eda de Desarrollo Social y el \u00e1rea de Salud Mental. Se aprovech\u00f3 la oportunidad para presenta el libro que contiene investigaciones y textos acad\u00e9micos de profesionales en Psicolog\u00eda y Trabajo Social, editado por el \u00e1rea de la comuna.<\/p>\n<p><img loading=\"lazy\" decoding=\"async\" data-attachment-id=\"79322\" data-permalink=\"https:\/\/www.hoymercedes.com.ar\/principal\/2018\/08\/02\/jornada-de-salud-mental-con-la-presentacion-de-escritos\/02-muni-salud-mental-3\/#main\" data-orig-file=\"https:\/\/www.hoymercedes.com.ar\/principal\/wp-content\/uploads\/2018\/08\/02-Muni-Salud-Mental-3.jpg\" data-orig-size=\"750,500\" data-comments-opened=\"0\" data-image-meta=\"{&quot;aperture&quot;:&quot;2&quot;,&quot;credit&quot;:&quot;&quot;,&quot;camera&quot;:&quot;Moto G (5S) Plus&quot;,&quot;caption&quot;:&quot;&quot;,&quot;created_timestamp&quot;:&quot;1533203138&quot;,&quot;copyright&quot;:&quot;&quot;,&quot;focal_length&quot;:&quot;3.59&quot;,&quot;iso&quot;:&quot;775&quot;,&quot;shutter_speed&quot;:&quot;0.03030303030303&quot;,&quot;title&quot;:&quot;&quot;,&quot;orientation&quot;:&quot;1&quot;}\" data-image-title=\"02 Muni Salud Mental 3\" data-image-description=\"\" data-image-caption=\"\" data-large-file=\"https:\/\/www.hoymercedes.com.ar\/principal\/wp-content\/uploads\/2018\/08\/02-Muni-Salud-Mental-3.jpg\" class=\"aligncenter size-medium wp-image-79322\" src=\"https:\/\/www.hoymercedes.com.ar\/principal\/wp-content\/uploads\/2018\/08\/02-Muni-Salud-Mental-3-630x420.jpg\" alt=\"\" width=\"630\" height=\"420\" srcset=\"https:\/\/www.hoymercedes.com.ar\/principal\/wp-content\/uploads\/2018\/08\/02-Muni-Salud-Mental-3-630x420.jpg 630w, https:\/\/www.hoymercedes.com.ar\/principal\/wp-content\/uploads\/2018\/08\/02-Muni-Salud-Mental-3-150x100.jpg 150w, https:\/\/www.hoymercedes.com.ar\/principal\/wp-content\/uploads\/2018\/08\/02-Muni-Salud-Mental-3.jpg 750w\" sizes=\"auto, (max-width: 630px) 100vw, 630px\" \/><\/p>\n<p>En el sal\u00f3n del Concejo Deliberante los presentes mantuvieron tres mesas. La primera titulada \u00abConsumo problem\u00e1tico de sustancias. La alteridad de la cl\u00ednica\u00bb, la segunda, los expositores hablaron de \u00abPr\u00e1cticas cl\u00ednicas en Instituciones P\u00fablicas. Pensar lo sabido no siempre pensando\u00bb y la tercera titulada \u00abEfectos de la Violencia Institucional. Nuevos recorridos por antiguos sedimentos\u00bb.<\/p>\n<p>En el marco de las exposiciones se habl\u00f3 de la ley de Salud Mental, se explic\u00f3 que es el Centro de D\u00eda y c\u00f3mo funciona, que es el DIAT (Dispositivo Integral de Abordaje Territorial) adem\u00e1s de estudios realizados por distintos profesionales en Psicolog\u00eda y Trabajo Social.<\/p>\n<p><img loading=\"lazy\" decoding=\"async\" data-attachment-id=\"79321\" data-permalink=\"https:\/\/www.hoymercedes.com.ar\/principal\/2018\/08\/02\/jornada-de-salud-mental-con-la-presentacion-de-escritos\/02-muni-salud-mental-2\/#main\" data-orig-file=\"https:\/\/www.hoymercedes.com.ar\/principal\/wp-content\/uploads\/2018\/08\/02-Muni-Salud-Mental-2.jpg\" data-orig-size=\"750,500\" data-comments-opened=\"0\" data-image-meta=\"{&quot;aperture&quot;:&quot;2&quot;,&quot;credit&quot;:&quot;&quot;,&quot;camera&quot;:&quot;Moto G (5S) Plus&quot;,&quot;caption&quot;:&quot;&quot;,&quot;created_timestamp&quot;:&quot;1533203119&quot;,&quot;copyright&quot;:&quot;&quot;,&quot;focal_length&quot;:&quot;3.59&quot;,&quot;iso&quot;:&quot;543&quot;,&quot;shutter_speed&quot;:&quot;0.03030303030303&quot;,&quot;title&quot;:&quot;&quot;,&quot;orientation&quot;:&quot;1&quot;}\" data-image-title=\"02 Muni Salud Mental 2\" data-image-description=\"\" data-image-caption=\"\" data-large-file=\"https:\/\/www.hoymercedes.com.ar\/principal\/wp-content\/uploads\/2018\/08\/02-Muni-Salud-Mental-2.jpg\" class=\"aligncenter size-medium wp-image-79321\" src=\"https:\/\/www.hoymercedes.com.ar\/principal\/wp-content\/uploads\/2018\/08\/02-Muni-Salud-Mental-2-630x420.jpg\" alt=\"\" width=\"630\" height=\"420\" srcset=\"https:\/\/www.hoymercedes.com.ar\/principal\/wp-content\/uploads\/2018\/08\/02-Muni-Salud-Mental-2-630x420.jpg 630w, https:\/\/www.hoymercedes.com.ar\/principal\/wp-content\/uploads\/2018\/08\/02-Muni-Salud-Mental-2-150x100.jpg 150w, https:\/\/www.hoymercedes.com.ar\/principal\/wp-content\/uploads\/2018\/08\/02-Muni-Salud-Mental-2.jpg 750w\" sizes=\"auto, (max-width: 630px) 100vw, 630px\" \/><\/p>\n<p>Cada uno los expositores expuso su trabajo publicado en un reciente libro editado por el \u00e1rea municipal de Salud Mental. Los autores de los textos contenidos en el libro son: Lic. Virginia Amutio, Lic. Yesica Gallo y Lic. Mar\u00eda Eugenia Mart\u00ednez (de la sala de Salud Mental del Hospital); Lic. Beatriz Calabria, Lic. Victoria Latronico, Lic. Juana Zammitto, Lic. Andrea V\u00e1zquez, Lic. Cinthia N\u00fa\u00f1ez y Lic. Guillermina Deluca (del equipo de Salud Mental de la Municipalidad de Mercedes); Lic. Lorena Campelo, Lic. Lucila Lussello, Lic. Guillermina Deluca, Tec. Camila Acu\u00f1a, Tec. Pilar Grosso y TS. Martina Ranure (del equipo de DIAT); Lic. Anahi Bressan, Lic. Florencia Caviglia, Lic. Yanina Fagundez, Lic. Alejandra Ju\u00e1rez y Lic. Andrea Vi\u00f1ez (del equipo del Hospital de General Rodr\u00edguez).<\/p>\n<p>Tambi\u00e9n escriben en los textos Lic. Mar\u00eda Clara Lima, Lic. Liliana Ravera, Lic. Mabel Ehlich y Lic. Milagros Casado (del equipo de Defensor\u00eda Mercedes) adem\u00e1s de distintos profesionales particulares y referentes de organismos provinciales y nacionales tales como Lic. Lorena Abinal, Lic. Lorena Campelo, Lic. \u00c1ngel Rutigliano, Lic. Gustavo Urpianello, Lic. Debora Scatorccio, Lic. Celeste Burone, Lic. Barcel\u00f3 Celeste y Lic. Del Valle S\u00e1nchez Mirta y el equipo del CAAC.<\/p>\n<p><img loading=\"lazy\" decoding=\"async\" data-attachment-id=\"79323\" data-permalink=\"https:\/\/www.hoymercedes.com.ar\/principal\/2018\/08\/02\/jornada-de-salud-mental-con-la-presentacion-de-escritos\/muni-salud-mental-1\/#main\" data-orig-file=\"https:\/\/www.hoymercedes.com.ar\/principal\/wp-content\/uploads\/2018\/08\/Muni-Salud-Mental-1.jpg\" data-orig-size=\"750,500\" data-comments-opened=\"0\" data-image-meta=\"{&quot;aperture&quot;:&quot;2&quot;,&quot;credit&quot;:&quot;&quot;,&quot;camera&quot;:&quot;Moto G (5S) Plus&quot;,&quot;caption&quot;:&quot;&quot;,&quot;created_timestamp&quot;:&quot;1533033979&quot;,&quot;copyright&quot;:&quot;&quot;,&quot;focal_length&quot;:&quot;3.59&quot;,&quot;iso&quot;:&quot;481&quot;,&quot;shutter_speed&quot;:&quot;0.03030303030303&quot;,&quot;title&quot;:&quot;&quot;,&quot;orientation&quot;:&quot;1&quot;}\" data-image-title=\"Muni Salud Mental 1\" data-image-description=\"\" data-image-caption=\"\" data-large-file=\"https:\/\/www.hoymercedes.com.ar\/principal\/wp-content\/uploads\/2018\/08\/Muni-Salud-Mental-1.jpg\" class=\"aligncenter size-medium wp-image-79323\" src=\"https:\/\/www.hoymercedes.com.ar\/principal\/wp-content\/uploads\/2018\/08\/Muni-Salud-Mental-1-630x420.jpg\" alt=\"\" width=\"630\" height=\"420\" srcset=\"https:\/\/www.hoymercedes.com.ar\/principal\/wp-content\/uploads\/2018\/08\/Muni-Salud-Mental-1-630x420.jpg 630w, https:\/\/www.hoymercedes.com.ar\/principal\/wp-content\/uploads\/2018\/08\/Muni-Salud-Mental-1-150x100.jpg 150w, https:\/\/www.hoymercedes.com.ar\/principal\/wp-content\/uploads\/2018\/08\/Muni-Salud-Mental-1.jpg 750w\" sizes=\"auto, (max-width: 630px) 100vw, 630px\" \/><\/p>\n","protected":false},"excerpt":{"rendered":"<p>En la ma\u00f1ana de este jueves se llev\u00f3 adelante una jornada \u00abEscritos en Salud Mental\u00bb organizada por la Secretar\u00eda de &#8230; <a title=\"Jornada de Salud Mental con la presentaci\u00f3n de escritos\" class=\"read-more\" href=\"https:\/\/www.hoymercedes.com.ar\/principal\/2018\/08\/02\/jornada-de-salud-mental-con-la-presentacion-de-escritos\/\" aria-label=\"Leer m\u00e1s sobre Jornada de Salud Mental con la presentaci\u00f3n de escritos\">Leer m\u00e1s<\/a><\/p>\n","protected":false},"author":1,"featured_media":79323,"comment_status":"closed","ping_status":"open","sticky":false,"template":"","format":"standard","meta":{"_monsterinsights_skip_tracking":false,"_monsterinsights_sitenote_active":false,"_monsterinsights_sitenote_note":"","_monsterinsights_sitenote_category":0,"jetpack_post_was_ever_published":false,"_jetpack_newsletter_access":"","_jetpack_dont_email_post_to_subs":false,"_jetpack_newsletter_tier_id":0,"_jetpack_memberships_contains_paywalled_content":false,"_jetpack_memberships_contains_paid_content":false,"footnotes":"","jetpack_publicize_message":"","jetpack_publicize_feature_enabled":true,"jetpack_social_post_already_shared":true,"jetpack_social_options":{"image_generator_settings":{"template":"highway","default_image_id":0,"font":"","enabled":false},"version":2},"_wpas_customize_per_network":false},"categories":[30],"tags":[870,869,10,244,5896],"class_list":["post-79311","post","type-post","status-publish","format-standard","has-post-thumbnail","hentry","category-municipio","tag-desarrollo-social","tag-libro","tag-mercedes","tag-municipio-2","tag-salud-mental","generate-columns","tablet-grid-50","mobile-grid-100","grid-parent","grid-50"],"jetpack_publicize_connections":[],"jetpack_featured_media_url":"https:\/\/www.hoymercedes.com.ar\/principal\/wp-content\/uploads\/2018\/08\/Muni-Salud-Mental-1.jpg","wps_subtitle":"En la ma\u00f1ana del jueves","jetpack_sharing_enabled":true,"_links":{"self":[{"href":"https:\/\/www.hoymercedes.com.ar\/principal\/wp-json\/wp\/v2\/posts\/79311","targetHints":{"allow":["GET"]}}],"collection":[{"href":"https:\/\/www.hoymercedes.com.ar\/principal\/wp-json\/wp\/v2\/posts"}],"about":[{"href":"https:\/\/www.hoymercedes.com.ar\/principal\/wp-json\/wp\/v2\/types\/post"}],"author":[{"embeddable":true,"href":"https:\/\/www.hoymercedes.com.ar\/principal\/wp-json\/wp\/v2\/users\/1"}],"replies":[{"embeddable":true,"href":"https:\/\/www.hoymercedes.com.ar\/principal\/wp-json\/wp\/v2\/comments?post=79311"}],"version-history":[{"count":0,"href":"https:\/\/www.hoymercedes.com.ar\/principal\/wp-json\/wp\/v2\/posts\/79311\/revisions"}],"wp:featuredmedia":[{"embeddable":true,"href":"https:\/\/www.hoymercedes.com.ar\/principal\/wp-json\/wp\/v2\/media\/79323"}],"wp:attachment":[{"href":"https:\/\/www.hoymercedes.com.ar\/principal\/wp-json\/wp\/v2\/media?parent=79311"}],"wp:term":[{"taxonomy":"category","embeddable":true,"href":"https:\/\/www.hoymercedes.com.ar\/principal\/wp-json\/wp\/v2\/categories?post=79311"},{"taxonomy":"post_tag","embeddable":true,"href":"https:\/\/www.hoymercedes.com.ar\/principal\/wp-json\/wp\/v2\/tags?post=79311"}],"curies":[{"name":"wp","href":"https:\/\/api.w.org\/{rel}","templated":true}]}}