{"id":79330,"date":"2018-08-02T16:30:32","date_gmt":"2018-08-02T19:30:32","guid":{"rendered":"http:\/\/www.hoymercedes.com.ar\/principal\/?p=79330"},"modified":"2018-08-02T15:22:15","modified_gmt":"2018-08-02T18:22:15","slug":"bomberos-voluntarios-de-mercedes-participaron-del-abrazo-al-congreso-y-del-sirenazo","status":"publish","type":"post","link":"https:\/\/www.hoymercedes.com.ar\/principal\/2018\/08\/02\/bomberos-voluntarios-de-mercedes-participaron-del-abrazo-al-congreso-y-del-sirenazo\/","title":{"rendered":"Bomberos Voluntarios de Mercedes participaron del abrazo al Congreso y del Sirenazo"},"content":{"rendered":"<p>Presentes en el Congreso Nacional, el Cuerpo de Bomberos Voluntarios de Mercedes particip\u00f3 del abrazo al edificio principal del Poder Legislativo Nacional y tanto all\u00e1 como en el cuartel de la ciudad llevaron adelante un nuevo sirenazo a nivel nacional. (VER VIDEOS)<\/p>\n<figure id=\"attachment_79333\" aria-describedby=\"caption-attachment-79333\" style=\"width: 620px\" class=\"wp-caption aligncenter\"><img loading=\"lazy\" decoding=\"async\" data-attachment-id=\"79333\" data-permalink=\"https:\/\/www.hoymercedes.com.ar\/principal\/2018\/08\/02\/bomberos-voluntarios-de-mercedes-participaron-del-abrazo-al-congreso-y-del-sirenazo\/02-bomberos-3\/#main\" data-orig-file=\"https:\/\/www.hoymercedes.com.ar\/principal\/wp-content\/uploads\/2018\/08\/02-bomberos-3.jpg\" data-orig-size=\"750,500\" data-comments-opened=\"0\" data-image-meta=\"{&quot;aperture&quot;:&quot;0&quot;,&quot;credit&quot;:&quot;&quot;,&quot;camera&quot;:&quot;&quot;,&quot;caption&quot;:&quot;&quot;,&quot;created_timestamp&quot;:&quot;0&quot;,&quot;copyright&quot;:&quot;&quot;,&quot;focal_length&quot;:&quot;0&quot;,&quot;iso&quot;:&quot;0&quot;,&quot;shutter_speed&quot;:&quot;0&quot;,&quot;title&quot;:&quot;&quot;,&quot;orientation&quot;:&quot;0&quot;}\" data-image-title=\"02 bomberos 3\" data-image-description=\"\" data-image-caption=\"&lt;p&gt;En la Plaza de los Dos Congresos, los Bomberos Voluntarios del pa\u00eds reclamaron los subsidios. En primer plano el Jefe Gutierrez de Mercedes. &lt;\/p&gt;\n\" data-large-file=\"https:\/\/www.hoymercedes.com.ar\/principal\/wp-content\/uploads\/2018\/08\/02-bomberos-3.jpg\" class=\"size-medium wp-image-79333\" src=\"https:\/\/www.hoymercedes.com.ar\/principal\/wp-content\/uploads\/2018\/08\/02-bomberos-3-630x420.jpg\" alt=\"\" width=\"630\" height=\"420\" srcset=\"https:\/\/www.hoymercedes.com.ar\/principal\/wp-content\/uploads\/2018\/08\/02-bomberos-3-630x420.jpg 630w, https:\/\/www.hoymercedes.com.ar\/principal\/wp-content\/uploads\/2018\/08\/02-bomberos-3-150x100.jpg 150w, https:\/\/www.hoymercedes.com.ar\/principal\/wp-content\/uploads\/2018\/08\/02-bomberos-3.jpg 750w\" sizes=\"auto, (max-width: 630px) 100vw, 630px\" \/><figcaption id=\"caption-attachment-79333\" class=\"wp-caption-text\">En la Plaza de los Dos Congresos, los Bomberos Voluntarios del pa\u00eds reclamaron los subsidios. En primer plano el Jefe Gutierrez de Mercedes.<\/figcaption><\/figure>\n<p>El reclamo de los Bomberos de todo el pa\u00eds es para que se pague lo que queda del presupuesto 2017, para que se incorpore una cifra superior a 600 millones de pesos al presupuesto de este a\u00f1o y que no se modifique la Ley Nacional 25054, as\u00ed como una ART para los Bomberos Voluntarios.<\/p>\n<figure id=\"attachment_79332\" aria-describedby=\"caption-attachment-79332\" style=\"width: 608px\" class=\"wp-caption aligncenter\"><img loading=\"lazy\" decoding=\"async\" data-attachment-id=\"79332\" data-permalink=\"https:\/\/www.hoymercedes.com.ar\/principal\/2018\/08\/02\/bomberos-voluntarios-de-mercedes-participaron-del-abrazo-al-congreso-y-del-sirenazo\/02-bomberos-2\/#main\" data-orig-file=\"https:\/\/www.hoymercedes.com.ar\/principal\/wp-content\/uploads\/2018\/08\/02-bomberos-2.jpg\" data-orig-size=\"618,412\" data-comments-opened=\"0\" data-image-meta=\"{&quot;aperture&quot;:&quot;0&quot;,&quot;credit&quot;:&quot;&quot;,&quot;camera&quot;:&quot;&quot;,&quot;caption&quot;:&quot;&quot;,&quot;created_timestamp&quot;:&quot;0&quot;,&quot;copyright&quot;:&quot;&quot;,&quot;focal_length&quot;:&quot;0&quot;,&quot;iso&quot;:&quot;0&quot;,&quot;shutter_speed&quot;:&quot;0&quot;,&quot;title&quot;:&quot;&quot;,&quot;orientation&quot;:&quot;0&quot;}\" data-image-title=\"02 bomberos 2\" data-image-description=\"\" data-image-caption=\"&lt;p&gt;El Jefe Ismael Gutierrez de Mercedes se abraza con el ex Intendente hoy Diputado Nacional Carlos Selva que acompa\u00f1\u00f3 el reclamo de Bomberos&lt;\/p&gt;\n\" data-large-file=\"https:\/\/www.hoymercedes.com.ar\/principal\/wp-content\/uploads\/2018\/08\/02-bomberos-2.jpg\" class=\"size-full wp-image-79332\" src=\"https:\/\/www.hoymercedes.com.ar\/principal\/wp-content\/uploads\/2018\/08\/02-bomberos-2.jpg\" alt=\"\" width=\"618\" height=\"412\" srcset=\"https:\/\/www.hoymercedes.com.ar\/principal\/wp-content\/uploads\/2018\/08\/02-bomberos-2.jpg 618w, https:\/\/www.hoymercedes.com.ar\/principal\/wp-content\/uploads\/2018\/08\/02-bomberos-2-150x100.jpg 150w\" sizes=\"auto, (max-width: 618px) 100vw, 618px\" \/><figcaption id=\"caption-attachment-79332\" class=\"wp-caption-text\">El Jefe Ismael Gutierrez de Mercedes se abraza con el ex Intendente hoy Diputado Nacional Carlos Selva que acompa\u00f1\u00f3 el reclamo de Bomberos<\/figcaption><\/figure>\n<p>&nbsp;<\/p>\n<div class=\"fb-video\" data-allowfullscreen=\"true\" data-href=\"https:\/\/www.facebook.com\/bomberosdemercedes\/videos\/1458670530900421\/\" style=\"background-color: #fff; display: inline-block;\"><\/div>\n<p>&nbsp;<\/p>\n<p>El sirenazo tambi\u00e9n de vivi\u00f3 en el cuartel de Mercedes. Ver video.<\/p>\n<div class=\"fb-video\" data-allowfullscreen=\"true\" data-href=\"https:\/\/www.facebook.com\/bomberosdemercedes\/videos\/1458688897565251\/\" style=\"background-color: #fff; display: inline-block;\"><\/div>\n","protected":false},"excerpt":{"rendered":"<p>Presentes en el Congreso Nacional, el Cuerpo de Bomberos Voluntarios de Mercedes particip\u00f3 del abrazo al edificio principal del Poder &#8230; <a title=\"Bomberos Voluntarios de Mercedes participaron del abrazo al Congreso y del Sirenazo\" class=\"read-more\" href=\"https:\/\/www.hoymercedes.com.ar\/principal\/2018\/08\/02\/bomberos-voluntarios-de-mercedes-participaron-del-abrazo-al-congreso-y-del-sirenazo\/\" aria-label=\"Leer m\u00e1s sobre Bomberos Voluntarios de Mercedes participaron del abrazo al Congreso y del Sirenazo\">Leer m\u00e1s<\/a><\/p>\n","protected":false},"author":1,"featured_media":79333,"comment_status":"closed","ping_status":"open","sticky":false,"template":"","format":"standard","meta":{"_monsterinsights_skip_tracking":false,"_monsterinsights_sitenote_active":false,"_monsterinsights_sitenote_note":"","_monsterinsights_sitenote_category":0,"jetpack_post_was_ever_published":false,"_jetpack_newsletter_access":"","_jetpack_dont_email_post_to_subs":false,"_jetpack_newsletter_tier_id":0,"_jetpack_memberships_contains_paywalled_content":false,"_jetpack_memberships_contains_paid_content":false,"footnotes":"","jetpack_publicize_message":"","jetpack_publicize_feature_enabled":true,"jetpack_social_post_already_shared":true,"jetpack_social_options":{"image_generator_settings":{"template":"highway","default_image_id":0,"font":"","enabled":false},"version":2},"_wpas_customize_per_network":false},"categories":[8],"tags":[865,9654,13543],"class_list":["post-79330","post","type-post","status-publish","format-standard","has-post-thumbnail","hentry","category-sociedad","tag-bomberos-voluntarios","tag-congreso-nacional","tag-sirenazo","generate-columns","tablet-grid-50","mobile-grid-100","grid-parent","grid-50"],"jetpack_publicize_connections":[],"jetpack_featured_media_url":"https:\/\/www.hoymercedes.com.ar\/principal\/wp-content\/uploads\/2018\/08\/02-bomberos-3.jpg","wps_subtitle":"","jetpack_sharing_enabled":true,"jetpack-related-posts":[{"id":79290,"url":"https:\/\/www.hoymercedes.com.ar\/principal\/2018\/08\/01\/nuevo-sirenazo-nacional-en-reclamo-por-subsidios-a-bomberos-voluntarios\/","url_meta":{"origin":79330,"position":0},"title":"Nuevo sirenazo nacional en reclamo por subsidios a Bomberos Voluntarios","author":"hoymercedes","date":"1 agosto, 2018","format":false,"excerpt":"Este jueves 2 de agosto, a la hora 10:30, los Bomberos Voluntarios de todo el pa\u00eds llevar\u00e1n adelante un nuevo \"sirenazo nacional\" a lo que le sumar\u00e1n un abrazo al Congreso Nacional. En estado de alerta y movilizaci\u00f3n, los Bomberos Voluntarios reclaman el pago del excedente del presupuesto 2017, la\u2026","rel":"","context":"En \u00abSociedad\u00bb","block_context":{"text":"Sociedad","link":"https:\/\/www.hoymercedes.com.ar\/principal\/category\/sociedad\/"},"img":{"alt_text":"","src":"https:\/\/i0.wp.com\/www.hoymercedes.com.ar\/principal\/wp-content\/uploads\/2018\/08\/01-bomberos.jpg?resize=350%2C200&ssl=1","width":350,"height":200,"srcset":"https:\/\/i0.wp.com\/www.hoymercedes.com.ar\/principal\/wp-content\/uploads\/2018\/08\/01-bomberos.jpg?resize=350%2C200&ssl=1 1x, https:\/\/i0.wp.com\/www.hoymercedes.com.ar\/principal\/wp-content\/uploads\/2018\/08\/01-bomberos.jpg?resize=525%2C300&ssl=1 1.5x, https:\/\/i0.wp.com\/www.hoymercedes.com.ar\/principal\/wp-content\/uploads\/2018\/08\/01-bomberos.jpg?resize=700%2C400&ssl=1 2x"},"classes":[]},{"id":79351,"url":"https:\/\/www.hoymercedes.com.ar\/principal\/2018\/08\/02\/bomberos-sirenazo-contra-el-ajuste-y-generar-consciencia-de-la-situacion-critica-video\/","url_meta":{"origin":79330,"position":1},"title":"Bomberos: sirenazo contra el ajuste y generar consciencia de la situaci\u00f3n cr\u00edtica (Video)","author":"hoymercedes","date":"2 agosto, 2018","format":false,"excerpt":"Los bomberos llevaron a cabo una nueva medida de protesta ante el recorte que le implent\u00f3 el gobierno nacional del 40% en el dinero que le corresponde por ley y que proviene de las compa\u00f1\u00edas de seguro. En consonancia con una medida en todo el pa\u00eds, donde tambi\u00e9n hubo marcha\u2026","rel":"","context":"En \u00abSociedad\u00bb","block_context":{"text":"Sociedad","link":"https:\/\/www.hoymercedes.com.ar\/principal\/category\/sociedad\/"},"img":{"alt_text":"","src":"https:\/\/i0.wp.com\/www.hoymercedes.com.ar\/principal\/wp-content\/uploads\/2018\/08\/bomberos.congreso.jpg?resize=350%2C200&ssl=1","width":350,"height":200,"srcset":"https:\/\/i0.wp.com\/www.hoymercedes.com.ar\/principal\/wp-content\/uploads\/2018\/08\/bomberos.congreso.jpg?resize=350%2C200&ssl=1 1x, https:\/\/i0.wp.com\/www.hoymercedes.com.ar\/principal\/wp-content\/uploads\/2018\/08\/bomberos.congreso.jpg?resize=525%2C300&ssl=1 1.5x, https:\/\/i0.wp.com\/www.hoymercedes.com.ar\/principal\/wp-content\/uploads\/2018\/08\/bomberos.congreso.jpg?resize=700%2C400&ssl=1 2x"},"classes":[]},{"id":78929,"url":"https:\/\/www.hoymercedes.com.ar\/principal\/2018\/07\/22\/bomberossomostodos-estado-de-alerta-y-movilizacion-al-congreso\/","url_meta":{"origin":79330,"position":2},"title":"#BomberosSomosTodos: estado de alerta y movilizaci\u00f3n al Congreso","author":"hoymercedes","date":"22 julio, 2018","format":false,"excerpt":"Los bomberos de todo el pa\u00eds siguen en alerta y Mercedes no es una excepci\u00f3n. Ante el ajuste anunciado y la quita de apoyo a instancias del gobierno nacional se anunci\u00f3 una movilizaci\u00f3n y abrazo al congreso el pr\u00f3ximo jueves 2 de agosto. La noticia se supo a trav\u00e9s del\u2026","rel":"","context":"En \u00abSociedad\u00bb","block_context":{"text":"Sociedad","link":"https:\/\/www.hoymercedes.com.ar\/principal\/category\/sociedad\/"},"img":{"alt_text":"","src":"https:\/\/i0.wp.com\/www.hoymercedes.com.ar\/principal\/wp-content\/uploads\/2018\/07\/37511970_1441654309268710_6465552074141597696_n.jpg?resize=350%2C200&ssl=1","width":350,"height":200},"classes":[]},{"id":81720,"url":"https:\/\/www.hoymercedes.com.ar\/principal\/2018\/09\/27\/carlos-selva-participo-de-audiencia-publica-por-art-para-bomberos-voluntarios\/","url_meta":{"origin":79330,"position":3},"title":"Carlos Selva particip\u00f3 de audiencia p\u00fablica por ART para Bomberos Voluntarios","author":"hoymercedes","date":"27 septiembre, 2018","format":false,"excerpt":"E d\u00eda jueves, el diputado nacional mercedino, Carlos Selva, junto a distintos diputados y senadores nacionales, llevaron adelante una reuni\u00f3n parlamentaria\u00a0de la cual participaron las asociaciones de Bomberos Voluntarios de distintos puntos del pa\u00eds y representantes del Consejo Nacional de Bomberos Voluntarios. Entre ellos, los Bomberos de Mercedes representados por\u2026","rel":"","context":"En \u00abPol\u00edtica Nacional\u00bb","block_context":{"text":"Pol\u00edtica Nacional","link":"https:\/\/www.hoymercedes.com.ar\/principal\/category\/politica-nacional\/"},"img":{"alt_text":"","src":"https:\/\/i0.wp.com\/www.hoymercedes.com.ar\/principal\/wp-content\/uploads\/2018\/09\/27-selva-bomberos-1.jpg?resize=350%2C200&ssl=1","width":350,"height":200,"srcset":"https:\/\/i0.wp.com\/www.hoymercedes.com.ar\/principal\/wp-content\/uploads\/2018\/09\/27-selva-bomberos-1.jpg?resize=350%2C200&ssl=1 1x, https:\/\/i0.wp.com\/www.hoymercedes.com.ar\/principal\/wp-content\/uploads\/2018\/09\/27-selva-bomberos-1.jpg?resize=525%2C300&ssl=1 1.5x, https:\/\/i0.wp.com\/www.hoymercedes.com.ar\/principal\/wp-content\/uploads\/2018\/09\/27-selva-bomberos-1.jpg?resize=700%2C400&ssl=1 2x"},"classes":[]},{"id":79823,"url":"https:\/\/www.hoymercedes.com.ar\/principal\/2018\/08\/14\/carlos-selva-gestiona-por-art-para-bomberos\/","url_meta":{"origin":79330,"position":4},"title":"Carlos Selva gestiona por ART para Bomberos","author":"hoymercedes","date":"14 agosto, 2018","format":false,"excerpt":"El Diputado Carlos Selva se reuni\u00f3 con la Senadora Magdalena Odarda y la Diputada Mar\u00eda Emilia Soria para avanzar en el Proyecto. Tiene media sanci\u00f3n del Senado y espera tratamiento en la Comisi\u00f3n de Presupuesto de la C\u00e1mara. En el marco de las numerosas acciones que el diputado nacional Carlos\u2026","rel":"","context":"En \u00abPol\u00edtica Nacional\u00bb","block_context":{"text":"Pol\u00edtica Nacional","link":"https:\/\/www.hoymercedes.com.ar\/principal\/category\/politica-nacional\/"},"img":{"alt_text":"","src":"https:\/\/i0.wp.com\/www.hoymercedes.com.ar\/principal\/wp-content\/uploads\/2018\/08\/14-Carlos-selva.jpg?resize=350%2C200&ssl=1","width":350,"height":200,"srcset":"https:\/\/i0.wp.com\/www.hoymercedes.com.ar\/principal\/wp-content\/uploads\/2018\/08\/14-Carlos-selva.jpg?resize=350%2C200&ssl=1 1x, https:\/\/i0.wp.com\/www.hoymercedes.com.ar\/principal\/wp-content\/uploads\/2018\/08\/14-Carlos-selva.jpg?resize=525%2C300&ssl=1 1.5x, https:\/\/i0.wp.com\/www.hoymercedes.com.ar\/principal\/wp-content\/uploads\/2018\/08\/14-Carlos-selva.jpg?resize=700%2C400&ssl=1 2x"},"classes":[]},{"id":79020,"url":"https:\/\/www.hoymercedes.com.ar\/principal\/2018\/07\/25\/concejales-reclaman-el-cumplimiento-de-subsidios-a-bomberos-voluntarios\/","url_meta":{"origin":79330,"position":5},"title":"Concejales reclaman el cumplimiento de subsidios a Bomberos Voluntarios","author":"hoymercedes","date":"25 julio, 2018","format":false,"excerpt":"Al cierre de la sesi\u00f3n ordinaria del pasado lunes, los Concejales de la ciudad ingresaron un proyecto de resoluci\u00f3n con autor\u00eda de todos los bloques que solicita a la Secretar\u00eda de Protecci\u00f3n Civil del Ministerio de Seguridad de la Naci\u00f3n, a cargo del Lic. Emilio Renda, el cumplimiento del subsidio\u2026","rel":"","context":"En \u00abPol\u00edtica\u00bb","block_context":{"text":"Pol\u00edtica","link":"https:\/\/www.hoymercedes.com.ar\/principal\/category\/politica\/"},"img":{"alt_text":"","src":"https:\/\/i0.wp.com\/www.hoymercedes.com.ar\/principal\/wp-content\/uploads\/2018\/07\/25-HCD-sesion.jpg?resize=350%2C200&ssl=1","width":350,"height":200,"srcset":"https:\/\/i0.wp.com\/www.hoymercedes.com.ar\/principal\/wp-content\/uploads\/2018\/07\/25-HCD-sesion.jpg?resize=350%2C200&ssl=1 1x, https:\/\/i0.wp.com\/www.hoymercedes.com.ar\/principal\/wp-content\/uploads\/2018\/07\/25-HCD-sesion.jpg?resize=525%2C300&ssl=1 1.5x, https:\/\/i0.wp.com\/www.hoymercedes.com.ar\/principal\/wp-content\/uploads\/2018\/07\/25-HCD-sesion.jpg?resize=700%2C400&ssl=1 2x"},"classes":[]}],"_links":{"self":[{"href":"https:\/\/www.hoymercedes.com.ar\/principal\/wp-json\/wp\/v2\/posts\/79330","targetHints":{"allow":["GET"]}}],"collection":[{"href":"https:\/\/www.hoymercedes.com.ar\/principal\/wp-json\/wp\/v2\/posts"}],"about":[{"href":"https:\/\/www.hoymercedes.com.ar\/principal\/wp-json\/wp\/v2\/types\/post"}],"author":[{"embeddable":true,"href":"https:\/\/www.hoymercedes.com.ar\/principal\/wp-json\/wp\/v2\/users\/1"}],"replies":[{"embeddable":true,"href":"https:\/\/www.hoymercedes.com.ar\/principal\/wp-json\/wp\/v2\/comments?post=79330"}],"version-history":[{"count":0,"href":"https:\/\/www.hoymercedes.com.ar\/principal\/wp-json\/wp\/v2\/posts\/79330\/revisions"}],"wp:featuredmedia":[{"embeddable":true,"href":"https:\/\/www.hoymercedes.com.ar\/principal\/wp-json\/wp\/v2\/media\/79333"}],"wp:attachment":[{"href":"https:\/\/www.hoymercedes.com.ar\/principal\/wp-json\/wp\/v2\/media?parent=79330"}],"wp:term":[{"taxonomy":"category","embeddable":true,"href":"https:\/\/www.hoymercedes.com.ar\/principal\/wp-json\/wp\/v2\/categories?post=79330"},{"taxonomy":"post_tag","embeddable":true,"href":"https:\/\/www.hoymercedes.com.ar\/principal\/wp-json\/wp\/v2\/tags?post=79330"}],"curies":[{"name":"wp","href":"https:\/\/api.w.org\/{rel}","templated":true}]}}