{"id":79337,"date":"2018-08-02T17:10:57","date_gmt":"2018-08-02T20:10:57","guid":{"rendered":"http:\/\/www.hoymercedes.com.ar\/principal\/?p=79337"},"modified":"2018-08-02T16:10:52","modified_gmt":"2018-08-02T19:10:52","slug":"inauguraron-pavimento-de-la-calle-de-acceso-al-jardin-maternal-municipal-n-2","status":"publish","type":"post","link":"https:\/\/www.hoymercedes.com.ar\/principal\/2018\/08\/02\/inauguraron-pavimento-de-la-calle-de-acceso-al-jardin-maternal-municipal-n-2\/","title":{"rendered":"Inauguraron pavimento de la calle de acceso al Jard\u00edn Maternal Municipal N\u00b0 2"},"content":{"rendered":"<p>En la tarde del mi\u00e9rcoles \u00faltimo el Municipio de Mercedes inaugur\u00f3 el asfalto en la calle 9 en el barrio Los Robles, obra que permite mejorar el acceso al Jard\u00edn Maternal Municipal N\u00b0 2. El Jefe Comunal Juan Ignacio Ustarroz presidi\u00f3 el acto junto a la Directora del Jard\u00edn Paula Ferrandis. Tambi\u00e9n estuvieron presentes, el Jefe de Gabinete Mat\u00edas Dematei, Secretario de Gobierno Juan Pablo L\u00f3pez Baggio, adem\u00e1s de ediles, funcionarios, autoridades del establecimiento educativo, ni\u00f1os, padres y vecinos de la zona.<\/p>\n<p><img loading=\"lazy\" decoding=\"async\" data-attachment-id=\"79338\" data-permalink=\"https:\/\/www.hoymercedes.com.ar\/principal\/2018\/08\/02\/inauguraron-pavimento-de-la-calle-de-acceso-al-jardin-maternal-municipal-n-2\/02-muni-jarin-2\/#main\" data-orig-file=\"https:\/\/www.hoymercedes.com.ar\/principal\/wp-content\/uploads\/2018\/08\/02-Muni-jarin-2.jpg\" data-orig-size=\"858,573\" data-comments-opened=\"0\" data-image-meta=\"{&quot;aperture&quot;:&quot;0&quot;,&quot;credit&quot;:&quot;&quot;,&quot;camera&quot;:&quot;&quot;,&quot;caption&quot;:&quot;&quot;,&quot;created_timestamp&quot;:&quot;0&quot;,&quot;copyright&quot;:&quot;&quot;,&quot;focal_length&quot;:&quot;0&quot;,&quot;iso&quot;:&quot;0&quot;,&quot;shutter_speed&quot;:&quot;0&quot;,&quot;title&quot;:&quot;&quot;,&quot;orientation&quot;:&quot;0&quot;}\" data-image-title=\"02 Muni jarin-2\" data-image-description=\"\" data-image-caption=\"\" data-large-file=\"https:\/\/www.hoymercedes.com.ar\/principal\/wp-content\/uploads\/2018\/08\/02-Muni-jarin-2.jpg\" class=\"aligncenter size-medium wp-image-79338\" src=\"https:\/\/www.hoymercedes.com.ar\/principal\/wp-content\/uploads\/2018\/08\/02-Muni-jarin-2-630x421.jpg\" alt=\"\" width=\"630\" height=\"421\" srcset=\"https:\/\/www.hoymercedes.com.ar\/principal\/wp-content\/uploads\/2018\/08\/02-Muni-jarin-2-630x421.jpg 630w, https:\/\/www.hoymercedes.com.ar\/principal\/wp-content\/uploads\/2018\/08\/02-Muni-jarin-2-150x100.jpg 150w, https:\/\/www.hoymercedes.com.ar\/principal\/wp-content\/uploads\/2018\/08\/02-Muni-jarin-2.jpg 858w\" sizes=\"auto, (max-width: 630px) 100vw, 630px\" \/><\/p>\n<p>En el acto, el Intendente Ustarroz\u00a0brind\u00f3 unas palabras ante los presentes. Record\u00f3: \u201ccuando comenzamos a pavimentar, elegimos los accesos a las escuelas&#8230; es fundamental la educaci\u00f3n, el deporte, y el cuidar el espacio p\u00fablico\u201d.<\/p>\n<p>La directora Jard\u00edn Maternal N\u00b02 agradeci\u00f3 la obra esperada desde hace 7 a\u00f1os cuando inaugur\u00f3 el establecimiento educativo municipal. \u00abEste acceso pavimentado realmente nos simplifica en muchos sentidos, por lo cual estamos muy agradecidos\u201d, dijo y entreg\u00f3 al Intendente municipal un cartel elaborado por los ni\u00f1os del Jard\u00edn que dice: \u201cEn nombre de todas las familias le queremos regalar un cartelito hecho por los ni\u00f1os que dice \u201cGracias por pavimentar la calle de nuestro querido colegio\u201d.<\/p>\n<p>Fuente: Prensa Municipal<\/p>\n","protected":false},"excerpt":{"rendered":"<p>En la tarde del mi\u00e9rcoles \u00faltimo el Municipio de Mercedes inaugur\u00f3 el asfalto en la calle 9 en el barrio &#8230; <a title=\"Inauguraron pavimento de la calle de acceso al Jard\u00edn Maternal Municipal N\u00b0 2\" class=\"read-more\" href=\"https:\/\/www.hoymercedes.com.ar\/principal\/2018\/08\/02\/inauguraron-pavimento-de-la-calle-de-acceso-al-jardin-maternal-municipal-n-2\/\" aria-label=\"Leer m\u00e1s sobre Inauguraron pavimento de la calle de acceso al Jard\u00edn Maternal Municipal N\u00b0 2\">Leer m\u00e1s<\/a><\/p>\n","protected":false},"author":1,"featured_media":79338,"comment_status":"closed","ping_status":"open","sticky":false,"template":"","format":"standard","meta":{"_monsterinsights_skip_tracking":false,"_monsterinsights_sitenote_active":false,"_monsterinsights_sitenote_note":"","_monsterinsights_sitenote_category":0,"jetpack_post_was_ever_published":false,"_jetpack_newsletter_access":"","_jetpack_dont_email_post_to_subs":false,"_jetpack_newsletter_tier_id":0,"_jetpack_memberships_contains_paywalled_content":false,"_jetpack_memberships_contains_paid_content":false,"footnotes":"","jetpack_publicize_message":"","jetpack_publicize_feature_enabled":true,"jetpack_social_post_already_shared":true,"jetpack_social_options":{"image_generator_settings":{"template":"highway","default_image_id":0,"font":"","enabled":false},"version":2},"_wpas_customize_per_network":false},"categories":[30],"tags":[47,13544,10,244,1014,11969,8628],"class_list":["post-79337","post","type-post","status-publish","format-standard","has-post-thumbnail","hentry","category-municipio","tag-educacion-2","tag-jardin-maternal-n-2","tag-mercedes","tag-municipio-2","tag-obras","tag-pavimento","tag-servicios-publicos","generate-columns","tablet-grid-50","mobile-grid-100","grid-parent","grid-50"],"jetpack_publicize_connections":[],"jetpack_featured_media_url":"https:\/\/www.hoymercedes.com.ar\/principal\/wp-content\/uploads\/2018\/08\/02-Muni-jarin-2.jpg","wps_subtitle":"En la tarde del mi\u00e9rcoles","jetpack_sharing_enabled":true,"_links":{"self":[{"href":"https:\/\/www.hoymercedes.com.ar\/principal\/wp-json\/wp\/v2\/posts\/79337","targetHints":{"allow":["GET"]}}],"collection":[{"href":"https:\/\/www.hoymercedes.com.ar\/principal\/wp-json\/wp\/v2\/posts"}],"about":[{"href":"https:\/\/www.hoymercedes.com.ar\/principal\/wp-json\/wp\/v2\/types\/post"}],"author":[{"embeddable":true,"href":"https:\/\/www.hoymercedes.com.ar\/principal\/wp-json\/wp\/v2\/users\/1"}],"replies":[{"embeddable":true,"href":"https:\/\/www.hoymercedes.com.ar\/principal\/wp-json\/wp\/v2\/comments?post=79337"}],"version-history":[{"count":0,"href":"https:\/\/www.hoymercedes.com.ar\/principal\/wp-json\/wp\/v2\/posts\/79337\/revisions"}],"wp:featuredmedia":[{"embeddable":true,"href":"https:\/\/www.hoymercedes.com.ar\/principal\/wp-json\/wp\/v2\/media\/79338"}],"wp:attachment":[{"href":"https:\/\/www.hoymercedes.com.ar\/principal\/wp-json\/wp\/v2\/media?parent=79337"}],"wp:term":[{"taxonomy":"category","embeddable":true,"href":"https:\/\/www.hoymercedes.com.ar\/principal\/wp-json\/wp\/v2\/categories?post=79337"},{"taxonomy":"post_tag","embeddable":true,"href":"https:\/\/www.hoymercedes.com.ar\/principal\/wp-json\/wp\/v2\/tags?post=79337"}],"curies":[{"name":"wp","href":"https:\/\/api.w.org\/{rel}","templated":true}]}}