{"id":7935,"date":"2011-10-05T00:13:22","date_gmt":"2011-10-05T00:13:22","guid":{"rendered":"http:\/\/www.hoymercedes.com.ar\/principal\/?p=7935"},"modified":"2011-10-05T00:13:22","modified_gmt":"2011-10-05T00:13:22","slug":"el-frente-mercedino-en-el-inprotur","status":"publish","type":"post","link":"https:\/\/www.hoymercedes.com.ar\/principal\/2011\/10\/05\/el-frente-mercedino-en-el-inprotur\/","title":{"rendered":"El Frente Mercedino en el INPROTUR"},"content":{"rendered":"<p><a href=\"https:\/\/www.hoymercedes.com.ar\/principal\/wp-content\/uploads\/2011\/10\/FrenteMercedino-Improtur.jpg\"><img loading=\"lazy\" decoding=\"async\" data-attachment-id=\"7937\" data-permalink=\"https:\/\/www.hoymercedes.com.ar\/principal\/2011\/10\/05\/el-frente-mercedino-en-el-inprotur\/frentemercedino-improtur\/#main\" data-orig-file=\"https:\/\/www.hoymercedes.com.ar\/principal\/wp-content\/uploads\/2011\/10\/FrenteMercedino-Improtur.jpg\" data-orig-size=\"608,405\" data-comments-opened=\"1\" data-image-meta=\"{&quot;aperture&quot;:&quot;5.6&quot;,&quot;credit&quot;:&quot;&quot;,&quot;camera&quot;:&quot;Canon EOS 60D&quot;,&quot;caption&quot;:&quot;&quot;,&quot;created_timestamp&quot;:&quot;1285762338&quot;,&quot;copyright&quot;:&quot;&quot;,&quot;focal_length&quot;:&quot;23&quot;,&quot;iso&quot;:&quot;100&quot;,&quot;shutter_speed&quot;:&quot;0.033333333333333&quot;,&quot;title&quot;:&quot;&quot;}\" data-image-title=\"FrenteMercedino-Improtur\" data-image-description=\"\" data-image-caption=\"\" data-large-file=\"https:\/\/www.hoymercedes.com.ar\/principal\/wp-content\/uploads\/2011\/10\/FrenteMercedino-Improtur.jpg\" class=\"aligncenter size-full wp-image-7937\" title=\"FrenteMercedino-Improtur\" src=\"https:\/\/www.hoymercedes.com.ar\/principal\/wp-content\/uploads\/2011\/10\/FrenteMercedino-Improtur.jpg\" alt=\"\" width=\"608\" height=\"405\" \/><\/a><\/p>\n<p>Luego de la visita de los funcionarios del Instituto Nacional de Promoci\u00f3n Tur\u00edstica ocurrida hace m\u00e1s de un mes, cuando se realiz\u00f3 un intenso taller de turismo en el Hotel Mercedes en donde se analiz\u00f3 la situaci\u00f3n local, se empezaron a vislumbrar los primeros resultados de cara al futuro de Mercedes.<\/p>\n<p>En aqu\u00e9lla oportunidad, junto a proveedores tur\u00edsticos, gu\u00edas de turismo, gente relacionada a la actividad y la presencia de la C\u00e1mara Mercedina de Turismo, se estudiaron las debilidades y fortalezas que tiene Mercedes y la zona con respecto a esta materia. Con esos resultados, el INPROTUR diagram\u00f3 las L\u00edneas Estrat\u00e9gicas para la Gesti\u00f3n Tur\u00edstica de Mercedes del Gobierno de Juan Ustarroz de los a\u00f1os 2012 a 2015.<\/p>\n<p>Este jueves 29 se reunieron en Capital integrantes del equipo t\u00e9cnico del Frente Mercedino para la Victoria del a\u00e9rea turismo, Juan Zunino, Javier Gollo y Sergio Vallejo con el grupo de trabajo del INPROTUR para terminar de conformar el diagrama, que qued\u00f3 basado en valores como Concertacion, Sustentabilidad, Innovaci\u00f3n y Calidad.<\/p>\n<p>Las l\u00edneas de gesti\u00f3n determinadas para el trabajo a futuro son 1) Fortalecimiento institucional y articulaci\u00f3n, 2) Desarrollo de la oferta Tur\u00edstica, 3) Sensibilizaci\u00f3n y Formaci\u00f3n Tur\u00edstica, 4) Calidad de la experiencia Tur\u00edstica y 5) Estrategia de Comunicaci\u00f3n.<\/p>\n<p>De esta forma, queda demostrada la preocupaci\u00f3n de Juan Ustarroz por fomentar el turismo local y que la marca Mercedes sea reconocida en todo el pa\u00eds, es por eso que se gestion\u00f3 el trabajo del INPROTUR, entidad \u00edntimamente relacionada a estas propuestas.<\/p>\n<p>El INProTur concreta la relaci\u00f3n p\u00fablico-privada en lo que respecta a la promoci\u00f3n tur\u00edstica internacional y tiene como misi\u00f3n posicionar a la Argentina como destino tur\u00edstico internacional en los mercados emisores. En esta oportunidad, se buscar\u00e1 el posicionamiento de la marca Mercedes a nivel nacional e internacional, en una clara muestra de preocupaci\u00f3n de Ustarroz por este tema, en otra forma de generar trabajo genuino, ya que el turismo tambi\u00e9n genera ingresos en las ciudades como Mercedes.<\/p>\n<p>El INProTur es la herramienta de gesti\u00f3n que permite profundizar la inserci\u00f3n de la Argentina como destino tur\u00edstico en los mercados emisores. En los \u00faltimos 5 a\u00f1os la Secretar\u00eda de Turismo de la Naci\u00f3n increment\u00f3 de manera sustancial las acciones promocionales de nuestro pa\u00eds en el mundo, las cuales se consolidan e incrementan a partir de este plan.<\/p>\n<p>Este trabajo ser\u00e1 presentado el pr\u00f3ximo jueves 6 de octubre a las 12 en el Hotel Mercedes y contar\u00e1 con la presencia del Lic. Leonardo Boto, secretario Ejecutivo del INPROTUR y con Oscar Ghezzi, presidente de la C\u00e1mara Argentina de Turismo. Quienes est\u00e9n interesados en el desarrollo del turismo local est\u00e1 invitado a la presentaci\u00f3n.<\/p>\n","protected":false},"excerpt":{"rendered":"<p>Luego de la visita de los funcionarios del Instituto Nacional de Promoci\u00f3n Tur\u00edstica ocurrida hace m\u00e1s de un mes, cuando &#8230; <a title=\"El Frente Mercedino en el INPROTUR\" class=\"read-more\" href=\"https:\/\/www.hoymercedes.com.ar\/principal\/2011\/10\/05\/el-frente-mercedino-en-el-inprotur\/\" aria-label=\"Leer m\u00e1s sobre El Frente Mercedino en el INPROTUR\">Leer m\u00e1s<\/a><\/p>\n","protected":false},"author":1,"featured_media":0,"comment_status":"open","ping_status":"open","sticky":false,"template":"","format":"standard","meta":{"_monsterinsights_skip_tracking":false,"_monsterinsights_sitenote_active":false,"_monsterinsights_sitenote_note":"","_monsterinsights_sitenote_category":0,"jetpack_post_was_ever_published":false,"_jetpack_newsletter_access":"","_jetpack_dont_email_post_to_subs":false,"_jetpack_newsletter_tier_id":0,"_jetpack_memberships_contains_paywalled_content":false,"_jetpack_memberships_contains_paid_content":false,"footnotes":"","jetpack_publicize_message":"","jetpack_publicize_feature_enabled":true,"jetpack_social_post_already_shared":false,"jetpack_social_options":{"image_generator_settings":{"template":"highway","default_image_id":0,"font":"","enabled":false},"version":2},"_wpas_customize_per_network":false},"categories":[5],"tags":[1007,1401],"class_list":["post-7935","post","type-post","status-publish","format-standard","hentry","category-politica","tag-frente-mercedino","tag-improtur","generate-columns","tablet-grid-50","mobile-grid-100","grid-parent","grid-50"],"jetpack_publicize_connections":[],"jetpack_featured_media_url":"","wps_subtitle":"","jetpack_sharing_enabled":true,"_links":{"self":[{"href":"https:\/\/www.hoymercedes.com.ar\/principal\/wp-json\/wp\/v2\/posts\/7935","targetHints":{"allow":["GET"]}}],"collection":[{"href":"https:\/\/www.hoymercedes.com.ar\/principal\/wp-json\/wp\/v2\/posts"}],"about":[{"href":"https:\/\/www.hoymercedes.com.ar\/principal\/wp-json\/wp\/v2\/types\/post"}],"author":[{"embeddable":true,"href":"https:\/\/www.hoymercedes.com.ar\/principal\/wp-json\/wp\/v2\/users\/1"}],"replies":[{"embeddable":true,"href":"https:\/\/www.hoymercedes.com.ar\/principal\/wp-json\/wp\/v2\/comments?post=7935"}],"version-history":[{"count":0,"href":"https:\/\/www.hoymercedes.com.ar\/principal\/wp-json\/wp\/v2\/posts\/7935\/revisions"}],"wp:attachment":[{"href":"https:\/\/www.hoymercedes.com.ar\/principal\/wp-json\/wp\/v2\/media?parent=7935"}],"wp:term":[{"taxonomy":"category","embeddable":true,"href":"https:\/\/www.hoymercedes.com.ar\/principal\/wp-json\/wp\/v2\/categories?post=7935"},{"taxonomy":"post_tag","embeddable":true,"href":"https:\/\/www.hoymercedes.com.ar\/principal\/wp-json\/wp\/v2\/tags?post=7935"}],"curies":[{"name":"wp","href":"https:\/\/api.w.org\/{rel}","templated":true}]}}