{"id":79351,"date":"2018-08-02T18:43:27","date_gmt":"2018-08-02T21:43:27","guid":{"rendered":"http:\/\/www.hoymercedes.com.ar\/principal\/?p=79351"},"modified":"2018-08-02T18:43:27","modified_gmt":"2018-08-02T21:43:27","slug":"bomberos-sirenazo-contra-el-ajuste-y-generar-consciencia-de-la-situacion-critica-video","status":"publish","type":"post","link":"https:\/\/www.hoymercedes.com.ar\/principal\/2018\/08\/02\/bomberos-sirenazo-contra-el-ajuste-y-generar-consciencia-de-la-situacion-critica-video\/","title":{"rendered":"Bomberos: sirenazo contra el ajuste y generar consciencia de la situaci\u00f3n cr\u00edtica (Video)"},"content":{"rendered":"<p><iframe loading=\"lazy\" style=\"border: none; overflow: hidden;\" src=\"https:\/\/www.facebook.com\/plugins\/video.php?href=https%3A%2F%2Fwww.facebook.com%2Fbomberosdemercedes%2Fvideos%2F1458688897565251%2F&amp;show_text=0&amp;width=560\" width=\"560\" height=\"308\" frameborder=\"0\" scrolling=\"no\" allowfullscreen=\"allowfullscreen\"><\/iframe><\/p>\n<p>Los bomberos llevaron a cabo una nueva medida de protesta ante el recorte que le implent\u00f3 el gobierno nacional del 40% en el dinero que le corresponde por ley y que proviene de las compa\u00f1\u00edas de seguro. En consonancia con una medida en todo el pa\u00eds, donde tambi\u00e9n hubo marcha y movilizaci\u00f3n al Congreso de la Naci\u00f3n.<\/p>\n<p>Como nunca antes, los bomberos de Mercedes se pusieron en consonancia con fuertes reclamos para el gobierno nacional y el quite de apoyo a una de las tareas m\u00e1s nobles que hay, ante personas que dan la vida para ayudar al pr\u00f3jimo.<\/p>\n<p>A las 10.30hs efectuaron un toque de sinera de alerta, que, de alguna manera, pide que la sociedad tome consciencia de la gravedad de la situaci\u00f3n.<\/p>\n<p>&nbsp;<\/p>\n","protected":false},"excerpt":{"rendered":"<p>Los bomberos llevaron a cabo una nueva medida de protesta ante el recorte que le implent\u00f3 el gobierno nacional del &#8230; <a title=\"Bomberos: sirenazo contra el ajuste y generar consciencia de la situaci\u00f3n cr\u00edtica (Video)\" class=\"read-more\" href=\"https:\/\/www.hoymercedes.com.ar\/principal\/2018\/08\/02\/bomberos-sirenazo-contra-el-ajuste-y-generar-consciencia-de-la-situacion-critica-video\/\" aria-label=\"Leer m\u00e1s sobre Bomberos: sirenazo contra el ajuste y generar consciencia de la situaci\u00f3n cr\u00edtica (Video)\">Leer m\u00e1s<\/a><\/p>\n","protected":false},"author":1,"featured_media":79352,"comment_status":"closed","ping_status":"open","sticky":false,"template":"","format":"standard","meta":{"_monsterinsights_skip_tracking":false,"_monsterinsights_sitenote_active":false,"_monsterinsights_sitenote_note":"","_monsterinsights_sitenote_category":0,"jetpack_post_was_ever_published":false,"_jetpack_newsletter_access":"","_jetpack_dont_email_post_to_subs":false,"_jetpack_newsletter_tier_id":0,"_jetpack_memberships_contains_paywalled_content":false,"_jetpack_memberships_contains_paid_content":false,"footnotes":"","jetpack_publicize_message":"","jetpack_publicize_feature_enabled":true,"jetpack_social_post_already_shared":true,"jetpack_social_options":{"image_generator_settings":{"template":"highway","default_image_id":0,"font":"","enabled":false},"version":2},"_wpas_customize_per_network":false},"categories":[8],"tags":[865],"class_list":["post-79351","post","type-post","status-publish","format-standard","has-post-thumbnail","hentry","category-sociedad","tag-bomberos-voluntarios","generate-columns","tablet-grid-50","mobile-grid-100","grid-parent","grid-50"],"jetpack_publicize_connections":[],"jetpack_featured_media_url":"https:\/\/www.hoymercedes.com.ar\/principal\/wp-content\/uploads\/2018\/08\/bomberos.congreso.jpg","wps_subtitle":"","jetpack_sharing_enabled":true,"_links":{"self":[{"href":"https:\/\/www.hoymercedes.com.ar\/principal\/wp-json\/wp\/v2\/posts\/79351","targetHints":{"allow":["GET"]}}],"collection":[{"href":"https:\/\/www.hoymercedes.com.ar\/principal\/wp-json\/wp\/v2\/posts"}],"about":[{"href":"https:\/\/www.hoymercedes.com.ar\/principal\/wp-json\/wp\/v2\/types\/post"}],"author":[{"embeddable":true,"href":"https:\/\/www.hoymercedes.com.ar\/principal\/wp-json\/wp\/v2\/users\/1"}],"replies":[{"embeddable":true,"href":"https:\/\/www.hoymercedes.com.ar\/principal\/wp-json\/wp\/v2\/comments?post=79351"}],"version-history":[{"count":0,"href":"https:\/\/www.hoymercedes.com.ar\/principal\/wp-json\/wp\/v2\/posts\/79351\/revisions"}],"wp:featuredmedia":[{"embeddable":true,"href":"https:\/\/www.hoymercedes.com.ar\/principal\/wp-json\/wp\/v2\/media\/79352"}],"wp:attachment":[{"href":"https:\/\/www.hoymercedes.com.ar\/principal\/wp-json\/wp\/v2\/media?parent=79351"}],"wp:term":[{"taxonomy":"category","embeddable":true,"href":"https:\/\/www.hoymercedes.com.ar\/principal\/wp-json\/wp\/v2\/categories?post=79351"},{"taxonomy":"post_tag","embeddable":true,"href":"https:\/\/www.hoymercedes.com.ar\/principal\/wp-json\/wp\/v2\/tags?post=79351"}],"curies":[{"name":"wp","href":"https:\/\/api.w.org\/{rel}","templated":true}]}}