{"id":79354,"date":"2018-08-02T21:30:01","date_gmt":"2018-08-03T00:30:01","guid":{"rendered":"http:\/\/www.hoymercedes.com.ar\/principal\/?p=79354"},"modified":"2018-08-02T20:34:41","modified_gmt":"2018-08-02T23:34:41","slug":"municipio-entrega-bienes-a-la-ep-n7-siendo-un-nuevo-aporte-a-la-educacion","status":"publish","type":"post","link":"https:\/\/www.hoymercedes.com.ar\/principal\/2018\/08\/02\/municipio-entrega-bienes-a-la-ep-n7-siendo-un-nuevo-aporte-a-la-educacion\/","title":{"rendered":"Municipio entrega bienes a la EP N\u00b07 siendo un nuevo aporte a la educaci\u00f3n"},"content":{"rendered":"<figure id=\"attachment_79355\" aria-describedby=\"caption-attachment-79355\" style=\"width: 620px\" class=\"wp-caption aligncenter\"><img loading=\"lazy\" decoding=\"async\" data-attachment-id=\"79355\" data-permalink=\"https:\/\/www.hoymercedes.com.ar\/principal\/2018\/08\/02\/municipio-entrega-bienes-a-la-ep-n7-siendo-un-nuevo-aporte-a-la-educacion\/esc-7\/#main\" data-orig-file=\"https:\/\/www.hoymercedes.com.ar\/principal\/wp-content\/uploads\/2018\/08\/Esc.7.jpg\" data-orig-size=\"730,410\" data-comments-opened=\"0\" data-image-meta=\"{&quot;aperture&quot;:&quot;0&quot;,&quot;credit&quot;:&quot;&quot;,&quot;camera&quot;:&quot;&quot;,&quot;caption&quot;:&quot;&quot;,&quot;created_timestamp&quot;:&quot;0&quot;,&quot;copyright&quot;:&quot;&quot;,&quot;focal_length&quot;:&quot;0&quot;,&quot;iso&quot;:&quot;0&quot;,&quot;shutter_speed&quot;:&quot;0&quot;,&quot;title&quot;:&quot;&quot;,&quot;orientation&quot;:&quot;0&quot;}\" data-image-title=\"Esc.7\" data-image-description=\"\" data-image-caption=\"&lt;p&gt;Visita a Escuela 7&lt;\/p&gt;\n\" data-large-file=\"https:\/\/www.hoymercedes.com.ar\/principal\/wp-content\/uploads\/2018\/08\/Esc.7.jpg\" class=\"size-medium wp-image-79355\" src=\"https:\/\/www.hoymercedes.com.ar\/principal\/wp-content\/uploads\/2018\/08\/Esc.7-630x354.jpg\" alt=\"\" width=\"630\" height=\"354\" srcset=\"https:\/\/www.hoymercedes.com.ar\/principal\/wp-content\/uploads\/2018\/08\/Esc.7-630x354.jpg 630w, https:\/\/www.hoymercedes.com.ar\/principal\/wp-content\/uploads\/2018\/08\/Esc.7-150x84.jpg 150w, https:\/\/www.hoymercedes.com.ar\/principal\/wp-content\/uploads\/2018\/08\/Esc.7.jpg 730w\" sizes=\"auto, (max-width: 630px) 100vw, 630px\" \/><figcaption id=\"caption-attachment-79355\" class=\"wp-caption-text\">Visita a Escuela 7<\/figcaption><\/figure>\n<p><strong>\u00a0<\/strong><\/p>\n<p>\u201cHoy estamos recibiendo la visita del Intendente Ustarroz, lo cual no nos sorprende porque sabemos que est\u00e1 recorriendo y ayudando a muchos establecimientos educativos de nuestra ciudad\u201d, dijo su directora, Mirita Ben\u00edtez. El jefe comunal, el Dr. Juan Ignacio Ustarroz, junto a Jos\u00e9 Pisano, integrante del consejo escolar, recorrieron la Escuela Primaria N\u00b07. Durante la visita el jefe comunal hizo entrega de un equipo de sonido, micr\u00f3fonos, una impresora hp deskjet multifunci\u00f3n, una computadora all in one Exo (\u00faltima generaci\u00f3n) y un viaje. \u201cEs tanto el cari\u00f1o que tienen los docentes por la instituci\u00f3n que valoran mucho cada aporte que se hace para el mejoramiento de la educaci\u00f3n de los ni\u00f1os\u201d subray\u00f3 el Dr. Ustarroz.<\/p>\n<p>De esta manera el Municipio de Mercedes realiz\u00f3 una nueva entrega de materiales a una instituci\u00f3n Educativa de nuestra ciudad.<\/p>\n<figure id=\"attachment_79356\" aria-describedby=\"caption-attachment-79356\" style=\"width: 620px\" class=\"wp-caption aligncenter\"><img loading=\"lazy\" decoding=\"async\" data-attachment-id=\"79356\" data-permalink=\"https:\/\/www.hoymercedes.com.ar\/principal\/2018\/08\/02\/municipio-entrega-bienes-a-la-ep-n7-siendo-un-nuevo-aporte-a-la-educacion\/esc-7-2\/#main\" data-orig-file=\"https:\/\/www.hoymercedes.com.ar\/principal\/wp-content\/uploads\/2018\/08\/Esc.7-2.jpg\" data-orig-size=\"730,410\" data-comments-opened=\"0\" data-image-meta=\"{&quot;aperture&quot;:&quot;0&quot;,&quot;credit&quot;:&quot;&quot;,&quot;camera&quot;:&quot;&quot;,&quot;caption&quot;:&quot;&quot;,&quot;created_timestamp&quot;:&quot;0&quot;,&quot;copyright&quot;:&quot;&quot;,&quot;focal_length&quot;:&quot;0&quot;,&quot;iso&quot;:&quot;0&quot;,&quot;shutter_speed&quot;:&quot;0&quot;,&quot;title&quot;:&quot;&quot;,&quot;orientation&quot;:&quot;0&quot;}\" data-image-title=\"Esc.7-2\" data-image-description=\"\" data-image-caption=\"&lt;p&gt;Di\u00e1logo con los nenes y nenas &lt;\/p&gt;\n\" data-large-file=\"https:\/\/www.hoymercedes.com.ar\/principal\/wp-content\/uploads\/2018\/08\/Esc.7-2.jpg\" class=\"size-medium wp-image-79356\" src=\"https:\/\/www.hoymercedes.com.ar\/principal\/wp-content\/uploads\/2018\/08\/Esc.7-2-630x354.jpg\" alt=\"\" width=\"630\" height=\"354\" srcset=\"https:\/\/www.hoymercedes.com.ar\/principal\/wp-content\/uploads\/2018\/08\/Esc.7-2-630x354.jpg 630w, https:\/\/www.hoymercedes.com.ar\/principal\/wp-content\/uploads\/2018\/08\/Esc.7-2-150x84.jpg 150w, https:\/\/www.hoymercedes.com.ar\/principal\/wp-content\/uploads\/2018\/08\/Esc.7-2.jpg 730w\" sizes=\"auto, (max-width: 630px) 100vw, 630px\" \/><figcaption id=\"caption-attachment-79356\" class=\"wp-caption-text\">Di\u00e1logo con los nenes y nenas<\/figcaption><\/figure>\n<p>Por su parte, el intendente expres\u00f3 \u201ca nosotros nos gusta mucho recorrer las escuelas, atender la demanda del sector educativo\u201d y afirm\u00f3 \u201csin educaci\u00f3n no hay proyecto de ciudad ni de pa\u00eds, por ello hay que poner en valor el esfuerzo que hace todos los d\u00edas el equipo de trabajo de la educaci\u00f3n, que a pesar de las dificultades ponen lo mejor de s\u00ed para llevar adelante esta actividad tan hermosa\u201d.<\/p>\n<p>Asimismo, el primer mandatario Ustarroz dijo \u201cmuchas veces se habla de lo que falta en las escuelas y no se pone en valor el compromiso, el trabajo, la vocaci\u00f3n, el entusiasmo que infringe la comunidad educativa a pesar de todo\u201d y agreg\u00f3 \u201cnosotros como Municipio tenemos la obligaci\u00f3n de acompa\u00f1ar -dejando de lado las competencias- a las instituciones. Siempre en la medida de nuestras posibilidades vamos a estar haciendo\u201d.<\/p>\n<p>\u201cCreo que siempre la comunidad va a apoyar a la educaci\u00f3n en general y a la p\u00fablica en particular. Nosotros como Municipio lo que hacemos es poner en valor este esfuerzo que hacen todos los d\u00edas los trabajadores de la educaci\u00f3n\u201d afirm\u00f3 el intendente Juan Ignacio Ustarroz.<\/p>\n<p>Y destac\u00f3 \u201cm\u00e1s hoy donde lamentablemente hay recortes y un abandono notable en las escuelas, las cuales muchas veces no llegan a recibir insumos\u201d.<\/p>\n<p>Marita Ben\u00edtez, directora Escuela n\u00famero 7 de nuestra ciudad, notablemente emocionada se\u00f1al\u00f3 \u201choy estamos recibiendo la visita del Intendente Ustarroz, lo cual no nos sorprende porque sabemos que est\u00e1 recorriendo y ayudando a muchos establecimientos educativos de nuestra ciudad\u201d.<\/p>\n<p>\u201cTrajo regalos para la instituci\u00f3n y para los nenes, a una escuela tan sentida como es esta, la cual recibe ni\u00f1os de diferentes barrios perif\u00e9ricos, que tienen muchas necesidades\u201d.<\/p>\n<p>Adem\u00e1s, la docente asegur\u00f3 \u201cde parte de la comunidad docente son muchos los esfuerzos que se hacen a diario, sabemos de las necesidades de nuestros ni\u00f1os, por ese motivo es muy lindo recibir sorpresas como estas\u201d.<\/p>\n<p>&nbsp;<\/p>\n<p>Data: municipio<\/p>\n","protected":false},"excerpt":{"rendered":"<p>\u00a0 \u201cHoy estamos recibiendo la visita del Intendente Ustarroz, lo cual no nos sorprende porque sabemos que est\u00e1 recorriendo y &#8230; <a title=\"Municipio entrega bienes a la EP N\u00b07 siendo un nuevo aporte a la educaci\u00f3n\" class=\"read-more\" href=\"https:\/\/www.hoymercedes.com.ar\/principal\/2018\/08\/02\/municipio-entrega-bienes-a-la-ep-n7-siendo-un-nuevo-aporte-a-la-educacion\/\" aria-label=\"Leer m\u00e1s sobre Municipio entrega bienes a la EP N\u00b07 siendo un nuevo aporte a la educaci\u00f3n\">Leer m\u00e1s<\/a><\/p>\n","protected":false},"author":1,"featured_media":79355,"comment_status":"closed","ping_status":"open","sticky":false,"template":"","format":"standard","meta":{"_monsterinsights_skip_tracking":false,"_monsterinsights_sitenote_active":false,"_monsterinsights_sitenote_note":"","_monsterinsights_sitenote_category":0,"jetpack_post_was_ever_published":false,"_jetpack_newsletter_access":"","_jetpack_dont_email_post_to_subs":false,"_jetpack_newsletter_tier_id":0,"_jetpack_memberships_contains_paywalled_content":false,"_jetpack_memberships_contains_paid_content":false,"footnotes":"","jetpack_publicize_message":"","jetpack_publicize_feature_enabled":true,"jetpack_social_post_already_shared":true,"jetpack_social_options":{"image_generator_settings":{"template":"highway","default_image_id":0,"font":"","enabled":false},"version":2},"_wpas_customize_per_network":false},"categories":[23],"tags":[1340,13547,1869,540],"class_list":["post-79354","post","type-post","status-publish","format-standard","has-post-thumbnail","hentry","category-educacion","tag-educacion-mercedes","tag-escuela-7","tag-jose-luis-pisano","tag-juani-ustarroz","generate-columns","tablet-grid-50","mobile-grid-100","grid-parent","grid-50"],"jetpack_publicize_connections":[],"jetpack_featured_media_url":"https:\/\/www.hoymercedes.com.ar\/principal\/wp-content\/uploads\/2018\/08\/Esc.7.jpg","wps_subtitle":"Educaci\u00f3n P\u00fablica ","jetpack_sharing_enabled":true,"jetpack-related-posts":[{"id":180445,"url":"https:\/\/www.hoymercedes.com.ar\/principal\/2024\/11\/12\/gestionan-importante-aporte-de-mobiliario-a-escuelas-de-mercedes\/","url_meta":{"origin":79354,"position":0},"title":"Gestionan importante aporte de mobiliario a escuelas de Mercedes","author":"hoymercedes","date":"12 noviembre, 2024","format":false,"excerpt":"El intendente Juan I. Ustarroz encabez\u00f3 la entrega de mobiliario a diversas instituciones educativas de la ciudad. Acompa\u00f1aron la acci\u00f3n representantes de las escuelas, el secretario de educaci\u00f3n Jos\u00e9 Lu\u00eds Pisano, la presidenta del Consejo Escolar Magy Oliva y Gustavo Daniel D'Audia Director Provincial de Equipamiento Escolar de la provincia\u2026","rel":"","context":"En \u00abEducaci\u00f3n\u00bb","block_context":{"text":"Educaci\u00f3n","link":"https:\/\/www.hoymercedes.com.ar\/principal\/category\/educacion\/"},"img":{"alt_text":"Gestionan importante aporte de mobiliario a escuelas de Mercedes","src":"https:\/\/i0.wp.com\/www.hoymercedes.com.ar\/principal\/wp-content\/uploads\/2024\/11\/DSC09077.jpg?resize=350%2C200&ssl=1","width":350,"height":200,"srcset":"https:\/\/i0.wp.com\/www.hoymercedes.com.ar\/principal\/wp-content\/uploads\/2024\/11\/DSC09077.jpg?resize=350%2C200&ssl=1 1x, https:\/\/i0.wp.com\/www.hoymercedes.com.ar\/principal\/wp-content\/uploads\/2024\/11\/DSC09077.jpg?resize=525%2C300&ssl=1 1.5x, https:\/\/i0.wp.com\/www.hoymercedes.com.ar\/principal\/wp-content\/uploads\/2024\/11\/DSC09077.jpg?resize=700%2C400&ssl=1 2x, https:\/\/i0.wp.com\/www.hoymercedes.com.ar\/principal\/wp-content\/uploads\/2024\/11\/DSC09077.jpg?resize=1050%2C600&ssl=1 3x"},"classes":[]},{"id":143408,"url":"https:\/\/www.hoymercedes.com.ar\/principal\/2022\/02\/01\/visita-y-reunion-con-la-comunidad-educativa-de-la-escuela-de-la-verde\/","url_meta":{"origin":79354,"position":1},"title":"Visita y reuni\u00f3n con la comunidad educativa de la Escuela de La Verde","author":"hoymercedes","date":"1 febrero, 2022","format":false,"excerpt":"El intendente Juan I. Ustarroz particip\u00f3 de un nuevo encuentro de trabajo y gesti\u00f3n con la comunidad educativa de la Escuela Rural de La Verde. La escuela adem\u00e1s recibi\u00f3 material para realizar tareas deportivas y socio educativas. La instituci\u00f3n hab\u00eda sido cerrada y reabri\u00f3 sus puertas en 2020. \u201cEstamos muy\u2026","rel":"","context":"En \u00abEducaci\u00f3n\u00bb","block_context":{"text":"Educaci\u00f3n","link":"https:\/\/www.hoymercedes.com.ar\/principal\/category\/educacion\/"},"img":{"alt_text":"","src":"https:\/\/i0.wp.com\/www.hoymercedes.com.ar\/principal\/wp-content\/uploads\/2022\/02\/DSC07710.jpg?resize=350%2C200&ssl=1","width":350,"height":200,"srcset":"https:\/\/i0.wp.com\/www.hoymercedes.com.ar\/principal\/wp-content\/uploads\/2022\/02\/DSC07710.jpg?resize=350%2C200&ssl=1 1x, https:\/\/i0.wp.com\/www.hoymercedes.com.ar\/principal\/wp-content\/uploads\/2022\/02\/DSC07710.jpg?resize=525%2C300&ssl=1 1.5x, https:\/\/i0.wp.com\/www.hoymercedes.com.ar\/principal\/wp-content\/uploads\/2022\/02\/DSC07710.jpg?resize=700%2C400&ssl=1 2x"},"classes":[]},{"id":128975,"url":"https:\/\/www.hoymercedes.com.ar\/principal\/2021\/04\/26\/el-programa-mercedes-aprende-en-la-escuela-n-26\/","url_meta":{"origin":79354,"position":2},"title":"El Programa Mercedes Aprende en la Escuela N\u00b0 26","author":"hoymercedes","date":"26 abril, 2021","format":false,"excerpt":"Por Prensa Municipal - El intendente Juan Ignacio Ustarroz junto al presidente del Consejo Escolar, Jos\u00e9 Pisano,\u00a0visitaron\u00a0la Escuela\u00a0Primaria Rural\u00a0N\u00b0 26 donde, adem\u00e1s, entregaron libros al primer ciclo de la escuela primaria en el marco del programa Mercedes Aprende. \u201cTenemos una alegr\u00eda muy grande, por estar hoy ac\u00e1, donde se refleja\u2026","rel":"","context":"En \u00abMunicipio\u00bb","block_context":{"text":"Municipio","link":"https:\/\/www.hoymercedes.com.ar\/principal\/category\/municipio\/"},"img":{"alt_text":"","src":"https:\/\/i0.wp.com\/www.hoymercedes.com.ar\/principal\/wp-content\/uploads\/2021\/04\/DSC05945.jpg?resize=350%2C200&ssl=1","width":350,"height":200,"srcset":"https:\/\/i0.wp.com\/www.hoymercedes.com.ar\/principal\/wp-content\/uploads\/2021\/04\/DSC05945.jpg?resize=350%2C200&ssl=1 1x, https:\/\/i0.wp.com\/www.hoymercedes.com.ar\/principal\/wp-content\/uploads\/2021\/04\/DSC05945.jpg?resize=525%2C300&ssl=1 1.5x, https:\/\/i0.wp.com\/www.hoymercedes.com.ar\/principal\/wp-content\/uploads\/2021\/04\/DSC05945.jpg?resize=700%2C400&ssl=1 2x"},"classes":[]},{"id":105324,"url":"https:\/\/www.hoymercedes.com.ar\/principal\/2020\/01\/19\/avanzan-obras-en-la-escuela-media-n-1\/","url_meta":{"origin":79354,"position":3},"title":"Avanzan obras en la Escuela Media N\u00b0 1","author":"hoymercedes","date":"19 enero, 2020","format":false,"excerpt":"D\u00edas atr\u00e1s, los consejeros escolares, Jos\u00e9 Pisano, Florencia Comalini y Daniel Ivaldis, junto al Jefe Comunal Juan Ignacio Ustarroz, la directora regional de infraestructura, Clarisa De Simone, y el delegado distrital de infraestructura, Hern\u00e1n Jaime, recorrieron las obras que se est\u00e1n realizando en el edificio donde funciona la Escuela Secundaria\u2026","rel":"","context":"En \u00abEducaci\u00f3n\u00bb","block_context":{"text":"Educaci\u00f3n","link":"https:\/\/www.hoymercedes.com.ar\/principal\/category\/educacion\/"},"img":{"alt_text":"","src":"https:\/\/i0.wp.com\/www.hoymercedes.com.ar\/principal\/wp-content\/uploads\/2020\/01\/19-Ustarroz-Escuela-2.jpg?resize=350%2C200&ssl=1","width":350,"height":200,"srcset":"https:\/\/i0.wp.com\/www.hoymercedes.com.ar\/principal\/wp-content\/uploads\/2020\/01\/19-Ustarroz-Escuela-2.jpg?resize=350%2C200&ssl=1 1x, https:\/\/i0.wp.com\/www.hoymercedes.com.ar\/principal\/wp-content\/uploads\/2020\/01\/19-Ustarroz-Escuela-2.jpg?resize=525%2C300&ssl=1 1.5x, https:\/\/i0.wp.com\/www.hoymercedes.com.ar\/principal\/wp-content\/uploads\/2020\/01\/19-Ustarroz-Escuela-2.jpg?resize=700%2C400&ssl=1 2x"},"classes":[]},{"id":171140,"url":"https:\/\/www.hoymercedes.com.ar\/principal\/2023\/12\/28\/finalizaron-el-nuevo-techo-de-la-escuela-n8\/","url_meta":{"origin":79354,"position":4},"title":"Finalizaron el nuevo techo de la Escuela N\u00b08","author":"hoymercedes","date":"28 diciembre, 2023","format":false,"excerpt":"El intendente Juan Ignacio Ustarroz visit\u00f3 las instalaciones de la escuela N\u00b0 8 de nuestra ciudad, donde, junto a su comunidad educativa recorrieron la finalizaci\u00f3n de la obra que conllev\u00f3 la renovaci\u00f3n total del techo del patio interno de la instituci\u00f3n. Desde hace un tiempo esta infraestructura se hab\u00eda convertido\u2026","rel":"","context":"En \u00abEducaci\u00f3n\u00bb","block_context":{"text":"Educaci\u00f3n","link":"https:\/\/www.hoymercedes.com.ar\/principal\/category\/educacion\/"},"img":{"alt_text":"Obras en escuelas de Mercedes - Ustarroz","src":"https:\/\/i0.wp.com\/www.hoymercedes.com.ar\/principal\/wp-content\/uploads\/2023\/12\/EscuelaN8-TechoNuevo.jpg?resize=350%2C200&ssl=1","width":350,"height":200,"srcset":"https:\/\/i0.wp.com\/www.hoymercedes.com.ar\/principal\/wp-content\/uploads\/2023\/12\/EscuelaN8-TechoNuevo.jpg?resize=350%2C200&ssl=1 1x, https:\/\/i0.wp.com\/www.hoymercedes.com.ar\/principal\/wp-content\/uploads\/2023\/12\/EscuelaN8-TechoNuevo.jpg?resize=525%2C300&ssl=1 1.5x, https:\/\/i0.wp.com\/www.hoymercedes.com.ar\/principal\/wp-content\/uploads\/2023\/12\/EscuelaN8-TechoNuevo.jpg?resize=700%2C400&ssl=1 2x, https:\/\/i0.wp.com\/www.hoymercedes.com.ar\/principal\/wp-content\/uploads\/2023\/12\/EscuelaN8-TechoNuevo.jpg?resize=1050%2C600&ssl=1 3x"},"classes":[]},{"id":159240,"url":"https:\/\/www.hoymercedes.com.ar\/principal\/2023\/03\/08\/entregan-mobiliario-a-la-escuela-20\/","url_meta":{"origin":79354,"position":5},"title":"Entregan mobiliario a la Escuela 20","author":"hoymercedes","date":"8 marzo, 2023","format":false,"excerpt":"En la marco de la entrega de mobiliario escolar que la Provincia de Buenos Aires envi\u00f3 a distintos distritos de Mercedes, llegaron a la Escuela Primaria N\u00b0 20 de la localidad de Gowland. Entregaron sillas y mesas para equipar aulas de la escuela rural. El mobiliario hab\u00eda sido pedido por\u2026","rel":"","context":"En \u00abEducaci\u00f3n\u00bb","block_context":{"text":"Educaci\u00f3n","link":"https:\/\/www.hoymercedes.com.ar\/principal\/category\/educacion\/"},"img":{"alt_text":"","src":"https:\/\/i0.wp.com\/www.hoymercedes.com.ar\/principal\/wp-content\/uploads\/2023\/03\/DSC05745.jpg?resize=350%2C200&ssl=1","width":350,"height":200,"srcset":"https:\/\/i0.wp.com\/www.hoymercedes.com.ar\/principal\/wp-content\/uploads\/2023\/03\/DSC05745.jpg?resize=350%2C200&ssl=1 1x, https:\/\/i0.wp.com\/www.hoymercedes.com.ar\/principal\/wp-content\/uploads\/2023\/03\/DSC05745.jpg?resize=525%2C300&ssl=1 1.5x, https:\/\/i0.wp.com\/www.hoymercedes.com.ar\/principal\/wp-content\/uploads\/2023\/03\/DSC05745.jpg?resize=700%2C400&ssl=1 2x"},"classes":[]}],"_links":{"self":[{"href":"https:\/\/www.hoymercedes.com.ar\/principal\/wp-json\/wp\/v2\/posts\/79354","targetHints":{"allow":["GET"]}}],"collection":[{"href":"https:\/\/www.hoymercedes.com.ar\/principal\/wp-json\/wp\/v2\/posts"}],"about":[{"href":"https:\/\/www.hoymercedes.com.ar\/principal\/wp-json\/wp\/v2\/types\/post"}],"author":[{"embeddable":true,"href":"https:\/\/www.hoymercedes.com.ar\/principal\/wp-json\/wp\/v2\/users\/1"}],"replies":[{"embeddable":true,"href":"https:\/\/www.hoymercedes.com.ar\/principal\/wp-json\/wp\/v2\/comments?post=79354"}],"version-history":[{"count":0,"href":"https:\/\/www.hoymercedes.com.ar\/principal\/wp-json\/wp\/v2\/posts\/79354\/revisions"}],"wp:featuredmedia":[{"embeddable":true,"href":"https:\/\/www.hoymercedes.com.ar\/principal\/wp-json\/wp\/v2\/media\/79355"}],"wp:attachment":[{"href":"https:\/\/www.hoymercedes.com.ar\/principal\/wp-json\/wp\/v2\/media?parent=79354"}],"wp:term":[{"taxonomy":"category","embeddable":true,"href":"https:\/\/www.hoymercedes.com.ar\/principal\/wp-json\/wp\/v2\/categories?post=79354"},{"taxonomy":"post_tag","embeddable":true,"href":"https:\/\/www.hoymercedes.com.ar\/principal\/wp-json\/wp\/v2\/tags?post=79354"}],"curies":[{"name":"wp","href":"https:\/\/api.w.org\/{rel}","templated":true}]}}