{"id":79360,"date":"2018-08-03T07:09:53","date_gmt":"2018-08-03T10:09:53","guid":{"rendered":"http:\/\/www.hoymercedes.com.ar\/principal\/?p=79360"},"modified":"2018-08-03T09:20:34","modified_gmt":"2018-08-03T12:20:34","slug":"victorias-de-colon-velez-y-trocha-para-seguir-poniendo-al-dia-el-torneo","status":"publish","type":"post","link":"https:\/\/www.hoymercedes.com.ar\/principal\/2018\/08\/03\/victorias-de-colon-velez-y-trocha-para-seguir-poniendo-al-dia-el-torneo\/","title":{"rendered":"Victorias de Col\u00f3n, V\u00e9lez y Trocha para seguir poniendo al d\u00eda el torneo"},"content":{"rendered":"<p>Los tres encuentros que hab\u00edan quedado pendientes de la duod\u00e9cima jornada se saldaron tras varios d\u00edas de lluvia y los asteriscos del torneo Apertura, que parecen interminables, ahora son menos. Col\u00f3n, de torneo irregular, derrot\u00f3 3 a 1 a Comunicaciones y por diferencia de gol ahora est\u00e1 como tercero en la Zona A y acecha a Estudiantes, que si bien tiene un partido menos, est\u00e1 a s\u00f3lo dos puntos. Para el cartero, que no puede levantar cabeza, signific\u00f3 no poder quedar cerca de los puestos de clasificaci\u00f3n y cuando quedan cinco partidos para el final, est\u00e1 a dos de distancia de Ateneo.<\/p>\n<p>V\u00e9lez, por su parte, no puede salir del \u00faltimo escal\u00f3n de clasificaci\u00f3n de la Zona B, pero su goleada ante Defensores, sumado a la derrota de Quilmes ante Trocha, le permiti\u00f3 quedar con muchas chances de quedar m\u00e1s arriba, ya que est\u00e1 a uno del cervero y seguir a cinco de la carbonilla, a quien todav\u00eda tiene que enfrenar y adem\u00e1s, jugar el adeudado de fecha 4 ante Defensores, uno de los rivales m\u00e1s d\u00e9biles que tiene el torneo.<\/p>\n<p>En cuanto a la clasificaci\u00f3n a la Liguilla, quedan 15 puntos por disputar y en la Zona A Club Mercedes ya tiene pasaje y Estudiantes, de conseguir cuatro puntos y Holanda no sumar, tambi\u00e9n lograr\u00eda el primer objetivo. La Zona B tiene mucha diferencia entre los primeros seis y los \u00faltimos cuatro. El Front\u00f3n, m\u00e1s all\u00e1 de la resoluci\u00f3n del Tribunal de Penas sobre el partido que tiene suspendido ante AMEFIP, ya est\u00e1 en Liguilla. Lo mismo ocurrir\u00e1 con Barrio San Mart\u00edn si le dan por ganado el partido, o si este fin de semana suma al menos un punto o pierde este fin de semana Palometas y Costa Brava. Misma situaci\u00f3n para Juventud, que con una derrota granate y una roja o un empate propio, asegurar\u00e1 objetivo.<\/p>\n<p>En el caso de Trocha, con 25 puntos, tiene una situaci\u00f3n similar, ya que con dos puntos quedar\u00e1 entre los mejores seis, mientras que a Quilmes y V\u00e9lez, un par de victorias tambi\u00e9n lo dejan adentro. En cuanto a la pelea por la clasificaci\u00f3n directa, solo Mercedes, con 9 puntos de ventaja sobre el tercero es el que m\u00e1s tranquilo est\u00e1. El resto est\u00e1 inmerso en la pelea, particularmente en la Zona B, donde la distancia entre primero y sexto es de diez puntos y ah\u00ed hay varios partidos adeudados.<\/p>\n<p><strong>Comunicaciones 1:<\/strong>\u00a0David Br\u00edsoliz, Gast\u00f3n Borelli, Juan Torres, Jonathan Bartolomeo, Franco Torres, Tom\u00e1s P\u00e9rez, Maximiliano Guzm\u00e1n, Diego Ferrara, Alexis Salinas, Jonathan Cuello y Nicol\u00e1s Paniagua.\u00a0<strong>DT:<\/strong>\u00a0Julio Torres.\u00a0<strong>Suplentes:<\/strong>\u00a0Isa\u00edas Negosi, Fernando Enriques, Laureano Celaye y Gonzalo Hern\u00e1ndez.<br \/>\n<strong>Col\u00f3n 3:<\/strong>\u00a0Iv\u00e1n Noy, Franco Castro, Ramiro Fern\u00e1ndez, Gonzalo Espinosa, Hugo Bordi, Luciano L\u00f3pez, Federico Marrafeiro, Dami\u00e1n Gonz\u00e1lez, Juan Tibieri, Jonathan Mart\u00ednez y Antonio Esp\u00ednola.\u00a0<strong>DT:<\/strong>\u00a0Fernando Mainielli.\u00a0<strong>Suplente:<\/strong>\u00a0V\u00edctor Mendoza.<br \/>\n<strong>Goles:<\/strong>\u00a0Alexis Salinas para Comunicaciones. Dami\u00e1n Gonz\u00e1lez 2 y Antonio Esp\u00ednola para Col\u00f3n.<br \/>\n<strong>Cambios:<\/strong>\u00a0Mart\u00edn Zuleta por Jonathan Cuello y Jer\u00f3nimo Navarro por Juan Torres en Comunicaciones. Tob\u00edas Cuneras por Ramiro Fern\u00e1ndez, Nicol\u00e1s Agromart\u00edn por Juan Tibieri y Sebasti\u00e1n Lusardi por Antonio Esp\u00ednola en Col\u00f3n.<br \/>\n<strong>Arbitro:\u00a0<\/strong>Ernesto Callegari (SADRA).<\/p>\n<p><strong>Defensores Juniors 2:<\/strong>\u00a0Facundo Baigorria, Segundo Lizarraga, Sergio Montenegro, Gast\u00f3n Bianchi, Mat\u00edas Solorzano, Mat\u00edas Denis, Daniel Paj\u00f3n, Iv\u00e1n Ortega, Ram\u00f3n Alcaraz, Braian Barrios y Carlos Gonz\u00e1lez.\u00a0<strong>DT:<\/strong>\u00a0Silvio Ag\u00fcero.\u00a0<strong>Suplente:<\/strong>\u00a0Ariel Mamani.<br \/>\n<strong>V\u00e9lez 5:<\/strong>\u00a0Mat\u00edas Ram\u00edrez, Alvaro D\u00edaz, Miguel Maldonado, Daniel Jara, Maximiliano Lettieri, Santiago Gonz\u00e1lez, Fabi\u00e1n Alderete, Rodolfo Aquino, Facundo Ballesteros, Luis Giacoy y Nicol\u00e1s Ram\u00edrez.\u00a0<strong>DT:<\/strong>\u00a0Ernesto Ballestero.<br \/>\n<strong>Goles:<\/strong>\u00a0Fabi\u00e1n Alderete 2, Facundo Ballesteros 2 y Luis Giacoy para V\u00e9lez. Daniel Paj\u00f3n 2 para Defensores Juniors.<br \/>\n<strong>Cambios:\u00a0<\/strong>Juan Robledo por Mat\u00edas Solorzano y Joaqu\u00edn Bustamante por Carlos Gonz\u00e1lez en Defensores Juniors. Alvaro D\u00edaz por Luis Giacoy y Gerardo Cod\u00f3n por Maximiliano Lettieri en V\u00e9lez.<br \/>\n<strong>Arbitro:<\/strong>\u00a0Javier Viglietti (SADRA).<\/p>\n<p><strong>Quilmes 0:<\/strong> Pablo Fontana, Mariano Carretero, Mat\u00edas Fern\u00e1ndez, Mariano Ramos, Mariano Villone, Gonzalo Ivaldis, Gabriel Carri\u00f3, Sebasti\u00e1n Biaggini, Alejandro Cardozo, Ruben Mansilla, Luciano Apariente.<strong> DT:<\/strong> Lucas Montero. <strong>Suplentes:<\/strong> Luciano Farola, Carlos Pacheco, El\u00edas Mu\u00f1oz y Joaqu\u00edn Davobe.<\/p>\n<p><strong>Trocha 3:<\/strong> Federico Grosso, Facundo Quiroga, Ignacio Brazuna, Fabio Gonz\u00e1lez, Daniel Mu\u00f1oz, Agust\u00edn Uviz, Emmanuel Vel\u00e1zquez, Solano Bonamino, Agust\u00edn Galassi, Marcelo Gonz\u00e1lez, Dar\u00edo Gianaschi. <strong>DT:<\/strong> Juan Ignacio Menendez. <strong>Suplentes:<\/strong> Pablo Leguizam\u00f3n, Agust\u00edn Malano.<\/p>\n<p><strong>Goles:<\/strong> Emmanuel Vel\u00e1zquez (2) y Solano Bonamino para Trocha.<\/p>\n<p><strong>Cambios:<\/strong> Jorge Montenegro Montenegro por Apariente, Lucas Lofreda por Carri\u00f3 y Nelson Denis por Ramos en Quilmes. Gonzalo Jaime por Uviz, Cristian Far\u00edas por Galassi y Ricardo Ojeda por Marcelo Gonz\u00e1lez en Trocha.<\/p>\n<p><strong>\u00c1rbitro:<\/strong> Javier Mihura (h) (SADRA)<\/p>\n<p>&nbsp;<\/p>\n<p><em><strong>S\u00e1bado 4 de agosto, cancha Liga Mercedina<\/strong><\/em><br \/>\n13:00 hs. Estudiantes Vs. Ateneo<br \/>\n15:00 hs. El Tim\u00f3n Vs. Holanda<br \/>\n17:00 hs. V\u00e9lez Sarsfield Vs. Juventud<br \/>\n19:00 hs. Mercedes Vs. Pe\u00f1a Xeneize<\/p>\n<p><em><strong>Domingo 5 de agosto, cancha Liga Mercedina<\/strong><\/em><br \/>\n11:00 hs. Col\u00f3n Vs. Atl\u00e9tico Marcos Paz<br \/>\n13:00 hs. Trocha Vs. Uni\u00f3n<br \/>\n15:00 hs. Palometas Vs. El Front\u00f3n<br \/>\n17:00 hs. AMEFIP Vs. Quilmes<\/p>\n<p><em><strong>Domingo 5 de agosto, cancha Costa Brava<\/strong><\/em><br \/>\n15:00 hs. Costa Brava Vs. Defensores<\/p>\n<p><em><strong>Domingo 5 de agosto, cancha Pabell\u00f3n Argentino<\/strong><\/em><br \/>\n15:15 hs. Pabell\u00f3n Argentino Vs. Comunicaciones<\/p>\n<p>&nbsp;<\/p>\n<p><img loading=\"lazy\" decoding=\"async\" data-attachment-id=\"79361\" data-permalink=\"https:\/\/www.hoymercedes.com.ar\/principal\/2018\/08\/03\/victorias-de-colon-velez-y-trocha-para-seguir-poniendo-al-dia-el-torneo\/primera-142\/#main\" data-orig-file=\"https:\/\/www.hoymercedes.com.ar\/principal\/wp-content\/uploads\/2018\/08\/Primera-1.png\" data-orig-size=\"576,593\" data-comments-opened=\"0\" data-image-meta=\"{&quot;aperture&quot;:&quot;0&quot;,&quot;credit&quot;:&quot;&quot;,&quot;camera&quot;:&quot;&quot;,&quot;caption&quot;:&quot;&quot;,&quot;created_timestamp&quot;:&quot;0&quot;,&quot;copyright&quot;:&quot;&quot;,&quot;focal_length&quot;:&quot;0&quot;,&quot;iso&quot;:&quot;0&quot;,&quot;shutter_speed&quot;:&quot;0&quot;,&quot;title&quot;:&quot;&quot;,&quot;orientation&quot;:&quot;0&quot;}\" data-image-title=\"Primera\" data-image-description=\"\" data-image-caption=\"\" data-large-file=\"https:\/\/www.hoymercedes.com.ar\/principal\/wp-content\/uploads\/2018\/08\/Primera-1.png\" class=\"aligncenter size-full wp-image-79361\" src=\"https:\/\/www.hoymercedes.com.ar\/principal\/wp-content\/uploads\/2018\/08\/Primera-1.png\" alt=\"\" width=\"576\" height=\"593\" srcset=\"https:\/\/www.hoymercedes.com.ar\/principal\/wp-content\/uploads\/2018\/08\/Primera-1.png 576w, https:\/\/www.hoymercedes.com.ar\/principal\/wp-content\/uploads\/2018\/08\/Primera-1-146x150.png 146w\" sizes=\"auto, (max-width: 576px) 100vw, 576px\" \/> <img loading=\"lazy\" decoding=\"async\" data-attachment-id=\"79362\" data-permalink=\"https:\/\/www.hoymercedes.com.ar\/principal\/2018\/08\/03\/victorias-de-colon-velez-y-trocha-para-seguir-poniendo-al-dia-el-torneo\/goleadores-primera-73\/#main\" data-orig-file=\"https:\/\/www.hoymercedes.com.ar\/principal\/wp-content\/uploads\/2018\/08\/Goleadores-Primera.png\" data-orig-size=\"309,426\" data-comments-opened=\"0\" data-image-meta=\"{&quot;aperture&quot;:&quot;0&quot;,&quot;credit&quot;:&quot;&quot;,&quot;camera&quot;:&quot;&quot;,&quot;caption&quot;:&quot;&quot;,&quot;created_timestamp&quot;:&quot;0&quot;,&quot;copyright&quot;:&quot;&quot;,&quot;focal_length&quot;:&quot;0&quot;,&quot;iso&quot;:&quot;0&quot;,&quot;shutter_speed&quot;:&quot;0&quot;,&quot;title&quot;:&quot;&quot;,&quot;orientation&quot;:&quot;0&quot;}\" data-image-title=\"Goleadores Primera\" data-image-description=\"\" data-image-caption=\"\" data-large-file=\"https:\/\/www.hoymercedes.com.ar\/principal\/wp-content\/uploads\/2018\/08\/Goleadores-Primera.png\" class=\"aligncenter size-medium wp-image-79362\" src=\"https:\/\/www.hoymercedes.com.ar\/principal\/wp-content\/uploads\/2018\/08\/Goleadores-Primera.png\" alt=\"\" width=\"309\" height=\"426\" srcset=\"https:\/\/www.hoymercedes.com.ar\/principal\/wp-content\/uploads\/2018\/08\/Goleadores-Primera.png 309w, https:\/\/www.hoymercedes.com.ar\/principal\/wp-content\/uploads\/2018\/08\/Goleadores-Primera-109x150.png 109w\" sizes=\"auto, (max-width: 309px) 100vw, 309px\" \/><\/p>\n","protected":false},"excerpt":{"rendered":"<p>Los tres encuentros que hab\u00edan quedado pendientes de la duod\u00e9cima jornada se saldaron tras varios d\u00edas de lluvia y los &#8230; <a title=\"Victorias de Col\u00f3n, V\u00e9lez y Trocha para seguir poniendo al d\u00eda el torneo\" class=\"read-more\" href=\"https:\/\/www.hoymercedes.com.ar\/principal\/2018\/08\/03\/victorias-de-colon-velez-y-trocha-para-seguir-poniendo-al-dia-el-torneo\/\" aria-label=\"Leer m\u00e1s sobre Victorias de Col\u00f3n, V\u00e9lez y Trocha para seguir poniendo al d\u00eda el torneo\">Leer m\u00e1s<\/a><\/p>\n","protected":false},"author":1,"featured_media":79361,"comment_status":"closed","ping_status":"open","sticky":false,"template":"","format":"standard","meta":{"_monsterinsights_skip_tracking":false,"_monsterinsights_sitenote_active":false,"_monsterinsights_sitenote_note":"","_monsterinsights_sitenote_category":0,"jetpack_post_was_ever_published":false,"_jetpack_newsletter_access":"","_jetpack_dont_email_post_to_subs":false,"_jetpack_newsletter_tier_id":0,"_jetpack_memberships_contains_paywalled_content":false,"_jetpack_memberships_contains_paid_content":false,"footnotes":"","jetpack_publicize_message":"","jetpack_publicize_feature_enabled":true,"jetpack_social_post_already_shared":true,"jetpack_social_options":{"image_generator_settings":{"template":"highway","default_image_id":0,"font":"","enabled":false},"version":2},"_wpas_customize_per_network":false},"categories":[21],"tags":[204,1003,1901,10],"class_list":["post-79360","post","type-post","status-publish","format-standard","has-post-thumbnail","hentry","category-deportes","tag-deportes-2","tag-futbol","tag-liga-mercedina","tag-mercedes","generate-columns","tablet-grid-50","mobile-grid-100","grid-parent","grid-50"],"jetpack_publicize_connections":[],"jetpack_featured_media_url":"https:\/\/www.hoymercedes.com.ar\/principal\/wp-content\/uploads\/2018\/08\/Primera-1.png","wps_subtitle":"Liga Mercedina","jetpack_sharing_enabled":true,"_links":{"self":[{"href":"https:\/\/www.hoymercedes.com.ar\/principal\/wp-json\/wp\/v2\/posts\/79360","targetHints":{"allow":["GET"]}}],"collection":[{"href":"https:\/\/www.hoymercedes.com.ar\/principal\/wp-json\/wp\/v2\/posts"}],"about":[{"href":"https:\/\/www.hoymercedes.com.ar\/principal\/wp-json\/wp\/v2\/types\/post"}],"author":[{"embeddable":true,"href":"https:\/\/www.hoymercedes.com.ar\/principal\/wp-json\/wp\/v2\/users\/1"}],"replies":[{"embeddable":true,"href":"https:\/\/www.hoymercedes.com.ar\/principal\/wp-json\/wp\/v2\/comments?post=79360"}],"version-history":[{"count":0,"href":"https:\/\/www.hoymercedes.com.ar\/principal\/wp-json\/wp\/v2\/posts\/79360\/revisions"}],"wp:featuredmedia":[{"embeddable":true,"href":"https:\/\/www.hoymercedes.com.ar\/principal\/wp-json\/wp\/v2\/media\/79361"}],"wp:attachment":[{"href":"https:\/\/www.hoymercedes.com.ar\/principal\/wp-json\/wp\/v2\/media?parent=79360"}],"wp:term":[{"taxonomy":"category","embeddable":true,"href":"https:\/\/www.hoymercedes.com.ar\/principal\/wp-json\/wp\/v2\/categories?post=79360"},{"taxonomy":"post_tag","embeddable":true,"href":"https:\/\/www.hoymercedes.com.ar\/principal\/wp-json\/wp\/v2\/tags?post=79360"}],"curies":[{"name":"wp","href":"https:\/\/api.w.org\/{rel}","templated":true}]}}