{"id":79374,"date":"2018-08-03T14:24:05","date_gmt":"2018-08-03T17:24:05","guid":{"rendered":"http:\/\/www.hoymercedes.com.ar\/principal\/?p=79374"},"modified":"2018-08-03T14:24:05","modified_gmt":"2018-08-03T17:24:05","slug":"fallecio-olga-ricard-vda-de-gioscio","status":"publish","type":"post","link":"https:\/\/www.hoymercedes.com.ar\/principal\/2018\/08\/03\/fallecio-olga-ricard-vda-de-gioscio\/","title":{"rendered":"Falleci\u00f3 Olga Ricard vda. de Gioscio"},"content":{"rendered":"<p>En horas de la ma\u00f1ana de este viernes se conoci\u00f3 la noticia del fallecimiento de la se\u00f1ora Olga Ricard Gioscio, viuda del ex intendente Julio Cesar Gioscio. Su nieto Pablo Perazzo, confirm\u00f3 en su red social que el servicio f\u00fanebre ser\u00e1 este viernes 3 de agosto,\u00a0 de 14 a 15.30 horas en la casa velatoria de la calle 22 casi esquina 37 de Cocher\u00eda Silva. El responso ser\u00e1 luego en la Iglesia San Patricio.<\/p>\n<p>Querida por muchos mercedinos que recuerdan los a\u00f1os de Olga como \u00abprimera dama\u00bb de la ciudad y su participaci\u00f3n activa en la pol\u00edtica y en los eventos socio culturales, m\u00e1s all\u00e1 del acompa\u00f1amiento a su marido, el fallecimiento de la \u00abse\u00f1ora de Gioscio\u00bb provoc\u00f3 un profundo pesar en la comunidad.<\/p>\n<p><img loading=\"lazy\" decoding=\"async\" data-attachment-id=\"79375\" data-permalink=\"https:\/\/www.hoymercedes.com.ar\/principal\/2018\/08\/03\/fallecio-olga-ricard-vda-de-gioscio\/03-olga-gioscio\/#main\" data-orig-file=\"https:\/\/www.hoymercedes.com.ar\/principal\/wp-content\/uploads\/2018\/08\/03-olga-Gioscio.jpg\" data-orig-size=\"750,738\" data-comments-opened=\"0\" data-image-meta=\"{&quot;aperture&quot;:&quot;0&quot;,&quot;credit&quot;:&quot;&quot;,&quot;camera&quot;:&quot;&quot;,&quot;caption&quot;:&quot;&quot;,&quot;created_timestamp&quot;:&quot;0&quot;,&quot;copyright&quot;:&quot;&quot;,&quot;focal_length&quot;:&quot;0&quot;,&quot;iso&quot;:&quot;0&quot;,&quot;shutter_speed&quot;:&quot;0&quot;,&quot;title&quot;:&quot;&quot;,&quot;orientation&quot;:&quot;0&quot;}\" data-image-title=\"03 olga Gioscio\" data-image-description=\"\" data-image-caption=\"\" data-large-file=\"https:\/\/www.hoymercedes.com.ar\/principal\/wp-content\/uploads\/2018\/08\/03-olga-Gioscio.jpg\" class=\"aligncenter size-medium wp-image-79375\" src=\"https:\/\/www.hoymercedes.com.ar\/principal\/wp-content\/uploads\/2018\/08\/03-olga-Gioscio-630x620.jpg\" alt=\"\" width=\"630\" height=\"620\" srcset=\"https:\/\/www.hoymercedes.com.ar\/principal\/wp-content\/uploads\/2018\/08\/03-olga-Gioscio-630x620.jpg 630w, https:\/\/www.hoymercedes.com.ar\/principal\/wp-content\/uploads\/2018\/08\/03-olga-Gioscio-150x148.jpg 150w, https:\/\/www.hoymercedes.com.ar\/principal\/wp-content\/uploads\/2018\/08\/03-olga-Gioscio.jpg 750w\" sizes=\"auto, (max-width: 630px) 100vw, 630px\" \/><\/p>\n","protected":false},"excerpt":{"rendered":"<p>En horas de la ma\u00f1ana de este viernes se conoci\u00f3 la noticia del fallecimiento de la se\u00f1ora Olga Ricard Gioscio, &#8230; <a title=\"Falleci\u00f3 Olga Ricard vda. de Gioscio\" class=\"read-more\" href=\"https:\/\/www.hoymercedes.com.ar\/principal\/2018\/08\/03\/fallecio-olga-ricard-vda-de-gioscio\/\" aria-label=\"Leer m\u00e1s sobre Falleci\u00f3 Olga Ricard vda. de Gioscio\">Leer m\u00e1s<\/a><\/p>\n","protected":false},"author":1,"featured_media":79375,"comment_status":"closed","ping_status":"open","sticky":false,"template":"","format":"standard","meta":{"_monsterinsights_skip_tracking":false,"_monsterinsights_sitenote_active":false,"_monsterinsights_sitenote_note":"","_monsterinsights_sitenote_category":0,"jetpack_post_was_ever_published":false,"_jetpack_newsletter_access":"","_jetpack_dont_email_post_to_subs":false,"_jetpack_newsletter_tier_id":0,"_jetpack_memberships_contains_paywalled_content":false,"_jetpack_memberships_contains_paid_content":false,"footnotes":"","jetpack_publicize_message":"Falleci\u00f3 Olga Ricard vda. de Gioscio","jetpack_publicize_feature_enabled":true,"jetpack_social_post_already_shared":true,"jetpack_social_options":{"image_generator_settings":{"template":"highway","default_image_id":0,"font":"","enabled":false},"version":2},"_wpas_customize_per_network":false},"categories":[8],"tags":[8777,10,13550],"class_list":["post-79374","post","type-post","status-publish","format-standard","has-post-thumbnail","hentry","category-sociedad","tag-fallecimiento","tag-mercedes","tag-olga-gioscio","generate-columns","tablet-grid-50","mobile-grid-100","grid-parent","grid-50"],"jetpack_publicize_connections":[],"jetpack_featured_media_url":"https:\/\/www.hoymercedes.com.ar\/principal\/wp-content\/uploads\/2018\/08\/03-olga-Gioscio.jpg","wps_subtitle":"Pesar en la comunidad","jetpack_sharing_enabled":true,"jetpack-related-posts":[{"id":120856,"url":"https:\/\/www.hoymercedes.com.ar\/principal\/2020\/11\/26\/homenaje-al-medico-manlio-gioscio-en-la-plaza-que-lleva-su-nombre\/","url_meta":{"origin":79374,"position":0},"title":"Homenaje al m\u00e9dico Manlio Gioscio en la plaza que lleva su nombre","author":"hoymercedes","date":"26 noviembre, 2020","format":false,"excerpt":"Durante la ma\u00f1ana del mi\u00e9rcoles, en la plazoleta de calle 30 y 9, que recuerda y lleva el nombre de \"Dr. Manlio Gioscio\", \"el m\u00e9dico del pueblo\", se le hizo un homenaje en el marco de la restauraci\u00f3n de la plaza con su nombre. para eso, su hija Carmen Gioscio\u2026","rel":"","context":"En \u00abSociedad\u00bb","block_context":{"text":"Sociedad","link":"https:\/\/www.hoymercedes.com.ar\/principal\/category\/sociedad\/"},"img":{"alt_text":"","src":"https:\/\/i0.wp.com\/www.hoymercedes.com.ar\/principal\/wp-content\/uploads\/2020\/11\/25-manlio-gioscio-3.jpg?resize=350%2C200&ssl=1","width":350,"height":200,"srcset":"https:\/\/i0.wp.com\/www.hoymercedes.com.ar\/principal\/wp-content\/uploads\/2020\/11\/25-manlio-gioscio-3.jpg?resize=350%2C200&ssl=1 1x, https:\/\/i0.wp.com\/www.hoymercedes.com.ar\/principal\/wp-content\/uploads\/2020\/11\/25-manlio-gioscio-3.jpg?resize=525%2C300&ssl=1 1.5x, https:\/\/i0.wp.com\/www.hoymercedes.com.ar\/principal\/wp-content\/uploads\/2020\/11\/25-manlio-gioscio-3.jpg?resize=700%2C400&ssl=1 2x"},"classes":[]},{"id":166887,"url":"https:\/\/www.hoymercedes.com.ar\/principal\/2023\/09\/10\/leticia-krone-y-carolina-gioscio-exponen-en-el-colegio-de-arquitectos\/","url_meta":{"origin":79374,"position":1},"title":"Leticia Krone y Carolina Gioscio exponen en el Colegio de Arquitectos","author":"hoymercedes","date":"10 septiembre, 2023","format":false,"excerpt":"El venidero viernes 15 de septiembre, el Colegio de Abogados Distrito V abre sus puertas con una nueva muestra de pinturas. A partir de la hora 20:30, en la sede de calle 30 entre 23 y 25, se inaugura la exposici\u00f3n con trabajos de Leticia Krone y Carolina Gioscio bajo\u2026","rel":"","context":"En \u00abCultura\u00bb","block_context":{"text":"Cultura","link":"https:\/\/www.hoymercedes.com.ar\/principal\/category\/cultura\/"},"img":{"alt_text":"","src":"https:\/\/i0.wp.com\/www.hoymercedes.com.ar\/principal\/wp-content\/uploads\/2023\/09\/muestr-arquitectos-2.jpg?resize=350%2C200&ssl=1","width":350,"height":200},"classes":[]},{"id":34652,"url":"https:\/\/www.hoymercedes.com.ar\/principal\/2014\/07\/23\/homenajeran-a-julio-cesar-gioscio-a-10-anos-de-su-fallecimiento\/","url_meta":{"origin":79374,"position":2},"title":"Homenajer\u00e1n a Julio C\u00e9sar Gioscio a 10 a\u00f1os de su fallecimiento","author":"hoymercedes","date":"23 julio, 2014","format":false,"excerpt":"Se cumplen diez a\u00f1os del fallecimiento del ex intendente y figura central de la historia pol\u00edtica de nuestra ciudad, Dr. Julio C\u00e9sar Gioscio y se llevar\u00e1 a cabo un acto en su memoria. Ser\u00e1 \u00e9ste jueves 24 a las 19.00hs en el Centro de Jubilados Renacer. Julio C\u00e9sar Gioscio ha\u2026","rel":"","context":"En \u00abSociedad\u00bb","block_context":{"text":"Sociedad","link":"https:\/\/www.hoymercedes.com.ar\/principal\/category\/sin-categoria\/"},"img":{"alt_text":"gioscio-10a\u00f1os","src":"https:\/\/i0.wp.com\/www.hoymercedes.com.ar.ar\/noticias\/wp-content\/uploads\/2014\/07\/gioscio-10a%C3%B1os.jpg?resize=350%2C200","width":350,"height":200,"srcset":"https:\/\/i0.wp.com\/www.hoymercedes.com.ar.ar\/noticias\/wp-content\/uploads\/2014\/07\/gioscio-10a%C3%B1os.jpg?resize=350%2C200 1x, https:\/\/i0.wp.com\/www.hoymercedes.com.ar.ar\/noticias\/wp-content\/uploads\/2014\/07\/gioscio-10a%C3%B1os.jpg?resize=525%2C300 1.5x"},"classes":[]},{"id":100775,"url":"https:\/\/www.hoymercedes.com.ar\/principal\/2019\/10\/02\/esta-en-marcha-el-torneo-abierto-de-ajedrez-ciudad-de-mercedes-en-club-del-progreso\/","url_meta":{"origin":79374,"position":3},"title":"Est\u00e1 en marcha el torneo Abierto de Ajedrez \u201cCiudad de Mercedes\u201d en Club del Progreso","author":"hoymercedes","date":"2 octubre, 2019","format":false,"excerpt":"Con la presencia de los mejores ajedrecistas de la ciudad, entre ellos el regreso de Guillermo Poch, se juega los viernes \u2013 Es impulsado por la Escuela \u201cPe\u00f3n R\u00e1pido\u201d que funciona en la instituci\u00f3n de calle 25. Con la presencia de los mejores ajedrecistas de la ciudad, el viernes \u00faltimo\u2026","rel":"","context":"En \u00abDeportes\u00bb","block_context":{"text":"Deportes","link":"https:\/\/www.hoymercedes.com.ar\/principal\/category\/deportes\/"},"img":{"alt_text":"","src":"https:\/\/i0.wp.com\/www.hoymercedes.com.ar\/principal\/wp-content\/uploads\/2019\/10\/02-ajedrez.jpg?resize=350%2C200&ssl=1","width":350,"height":200,"srcset":"https:\/\/i0.wp.com\/www.hoymercedes.com.ar\/principal\/wp-content\/uploads\/2019\/10\/02-ajedrez.jpg?resize=350%2C200&ssl=1 1x, https:\/\/i0.wp.com\/www.hoymercedes.com.ar\/principal\/wp-content\/uploads\/2019\/10\/02-ajedrez.jpg?resize=525%2C300&ssl=1 1.5x, https:\/\/i0.wp.com\/www.hoymercedes.com.ar\/principal\/wp-content\/uploads\/2019\/10\/02-ajedrez.jpg?resize=700%2C400&ssl=1 2x"},"classes":[]},{"id":152226,"url":"https:\/\/www.hoymercedes.com.ar\/principal\/2022\/08\/23\/apuesta-cultural-propuestas-gratis-en-el-teatro-argentino-julio-c-gioscio\/","url_meta":{"origin":79374,"position":4},"title":"Apuesta cultural: Propuestas gratis en el Teatro Argentino \u00abJulio C. Gioscio\u00bb","author":"hoymercedes","date":"23 agosto, 2022","format":false,"excerpt":"La Direcci\u00f3n de Cultura contin\u00faa apostando a la difusi\u00f3n de diversas obras culturales, en este caso con la m\u00fasica, el baile y el teatro como eje principal.","rel":"","context":"En \u00abCultura\u00bb","block_context":{"text":"Cultura","link":"https:\/\/www.hoymercedes.com.ar\/principal\/category\/cultura\/"},"img":{"alt_text":"","src":"https:\/\/i0.wp.com\/www.hoymercedes.com.ar\/principal\/wp-content\/uploads\/2022\/08\/teatro-arg.jpg?resize=350%2C200&ssl=1","width":350,"height":200,"srcset":"https:\/\/i0.wp.com\/www.hoymercedes.com.ar\/principal\/wp-content\/uploads\/2022\/08\/teatro-arg.jpg?resize=350%2C200&ssl=1 1x, https:\/\/i0.wp.com\/www.hoymercedes.com.ar\/principal\/wp-content\/uploads\/2022\/08\/teatro-arg.jpg?resize=525%2C300&ssl=1 1.5x, https:\/\/i0.wp.com\/www.hoymercedes.com.ar\/principal\/wp-content\/uploads\/2022\/08\/teatro-arg.jpg?resize=700%2C400&ssl=1 2x, https:\/\/i0.wp.com\/www.hoymercedes.com.ar\/principal\/wp-content\/uploads\/2022\/08\/teatro-arg.jpg?resize=1050%2C600&ssl=1 3x, https:\/\/i0.wp.com\/www.hoymercedes.com.ar\/principal\/wp-content\/uploads\/2022\/08\/teatro-arg.jpg?resize=1400%2C800&ssl=1 4x"},"classes":[]},{"id":118214,"url":"https:\/\/www.hoymercedes.com.ar\/principal\/2020\/10\/09\/fallecio-el-abogado-alfredo-bani\/","url_meta":{"origin":79374,"position":5},"title":"Falleci\u00f3 el abogado Alfredo Bani","author":"hoymercedes","date":"9 octubre, 2020","format":false,"excerpt":"H\u00e9ctor Alfredo Bani, falleci\u00f3 este jueves. Con 70 a\u00f1os, el abogado fue director de la Asesor\u00eda Legal durante toda la gesti\u00f3n del ex intendente Julio C\u00e9sar Gioscio. Supo tener una activa actividad p\u00fablica. Ser\u00e1 llevado al Cementerio local a la hora 15 de este viernes. Entre diversas intervenciones como letrado,\u2026","rel":"","context":"En \u00abSociedad\u00bb","block_context":{"text":"Sociedad","link":"https:\/\/www.hoymercedes.com.ar\/principal\/category\/sociedad\/"},"img":{"alt_text":"","src":"https:\/\/i0.wp.com\/www.hoymercedes.com.ar\/principal\/wp-content\/uploads\/2020\/10\/alfredo-bani.jpg?resize=350%2C200&ssl=1","width":350,"height":200,"srcset":"https:\/\/i0.wp.com\/www.hoymercedes.com.ar\/principal\/wp-content\/uploads\/2020\/10\/alfredo-bani.jpg?resize=350%2C200&ssl=1 1x, https:\/\/i0.wp.com\/www.hoymercedes.com.ar\/principal\/wp-content\/uploads\/2020\/10\/alfredo-bani.jpg?resize=525%2C300&ssl=1 1.5x, https:\/\/i0.wp.com\/www.hoymercedes.com.ar\/principal\/wp-content\/uploads\/2020\/10\/alfredo-bani.jpg?resize=700%2C400&ssl=1 2x"},"classes":[]}],"_links":{"self":[{"href":"https:\/\/www.hoymercedes.com.ar\/principal\/wp-json\/wp\/v2\/posts\/79374","targetHints":{"allow":["GET"]}}],"collection":[{"href":"https:\/\/www.hoymercedes.com.ar\/principal\/wp-json\/wp\/v2\/posts"}],"about":[{"href":"https:\/\/www.hoymercedes.com.ar\/principal\/wp-json\/wp\/v2\/types\/post"}],"author":[{"embeddable":true,"href":"https:\/\/www.hoymercedes.com.ar\/principal\/wp-json\/wp\/v2\/users\/1"}],"replies":[{"embeddable":true,"href":"https:\/\/www.hoymercedes.com.ar\/principal\/wp-json\/wp\/v2\/comments?post=79374"}],"version-history":[{"count":0,"href":"https:\/\/www.hoymercedes.com.ar\/principal\/wp-json\/wp\/v2\/posts\/79374\/revisions"}],"wp:featuredmedia":[{"embeddable":true,"href":"https:\/\/www.hoymercedes.com.ar\/principal\/wp-json\/wp\/v2\/media\/79375"}],"wp:attachment":[{"href":"https:\/\/www.hoymercedes.com.ar\/principal\/wp-json\/wp\/v2\/media?parent=79374"}],"wp:term":[{"taxonomy":"category","embeddable":true,"href":"https:\/\/www.hoymercedes.com.ar\/principal\/wp-json\/wp\/v2\/categories?post=79374"},{"taxonomy":"post_tag","embeddable":true,"href":"https:\/\/www.hoymercedes.com.ar\/principal\/wp-json\/wp\/v2\/tags?post=79374"}],"curies":[{"name":"wp","href":"https:\/\/api.w.org\/{rel}","templated":true}]}}