{"id":7939,"date":"2011-10-05T00:15:17","date_gmt":"2011-10-05T00:15:17","guid":{"rendered":"http:\/\/www.hoymercedes.com.ar\/principal\/?p=7939"},"modified":"2011-10-05T00:18:52","modified_gmt":"2011-10-05T00:18:52","slug":"ustarroz-trabaja-en-relacion-a-un-modelo-industrial-en-la-ciudad","status":"publish","type":"post","link":"https:\/\/www.hoymercedes.com.ar\/principal\/2011\/10\/05\/ustarroz-trabaja-en-relacion-a-un-modelo-industrial-en-la-ciudad\/","title":{"rendered":"Ustarroz trabaja en relaci\u00f3n a un modelo industrial en la ciudad"},"content":{"rendered":"<p><a href=\"https:\/\/www.hoymercedes.com.ar\/principal\/wp-content\/uploads\/2011\/10\/ustarroz-industria.jpg\"><img loading=\"lazy\" decoding=\"async\" data-attachment-id=\"7941\" data-permalink=\"https:\/\/www.hoymercedes.com.ar\/principal\/2011\/10\/05\/ustarroz-trabaja-en-relacion-a-un-modelo-industrial-en-la-ciudad\/ustarroz-industria\/#main\" data-orig-file=\"https:\/\/www.hoymercedes.com.ar\/principal\/wp-content\/uploads\/2011\/10\/ustarroz-industria.jpg\" data-orig-size=\"608,404\" data-comments-opened=\"1\" data-image-meta=\"{&quot;aperture&quot;:&quot;4.8&quot;,&quot;credit&quot;:&quot;Moreira Mario&quot;,&quot;camera&quot;:&quot;NIKON D300&quot;,&quot;caption&quot;:&quot;&quot;,&quot;created_timestamp&quot;:&quot;1309191647&quot;,&quot;copyright&quot;:&quot;Moreira Mario&quot;,&quot;focal_length&quot;:&quot;52&quot;,&quot;iso&quot;:&quot;1600&quot;,&quot;shutter_speed&quot;:&quot;0.016666666666667&quot;,&quot;title&quot;:&quot;&quot;}\" data-image-title=\"ustarroz-industria\" data-image-description=\"\" data-image-caption=\"\" data-large-file=\"https:\/\/www.hoymercedes.com.ar\/principal\/wp-content\/uploads\/2011\/10\/ustarroz-industria.jpg\" class=\"aligncenter size-full wp-image-7941\" title=\"ustarroz-industria\" src=\"https:\/\/www.hoymercedes.com.ar\/principal\/wp-content\/uploads\/2011\/10\/ustarroz-industria.jpg\" alt=\"\" width=\"608\" height=\"404\" \/><\/a><\/p>\n<p>Juan Ustarroz y su equipo siguen trabajando firmemente sobre uno de los principales objetivos planteados en su campa\u00f1a electoral: \u201cGeneraci\u00f3n de empleo genuino\u201d. Para esto la radicaci\u00f3n de nuevas industrias y el aumento de producci\u00f3n de las empresas locales es de vital importancia para el cumplimiento del mismo.<\/p>\n<p>Despu\u00e9s de la visita de la Ministra de Industria, Lic. Debora Giorgi a Mercedes y de las sucesivas jornadas de capacitaci\u00f3n organizadas por el Frente Mercedino para la Victoria donde participaron subsecretarios de esa cartera nacional, el proyecto de la empresa mercedina INDEMET ha sido una de las empresas elegidas para el otorgamiento de un pr\u00e9stamo para compra de bienes de capital a trav\u00e9s del Fondo Nacional de Desarrollo para la Micro, Peque\u00f1a y Mediana Empresa (FONAPyME) que coordina dicho ministerio. Esta importante herramienta financiera es una opci\u00f3n concreta ante las dificultades de algunas pymes para acceder al financiamiento bancario tradicional.<\/p>\n<p>Sergio Martinez, titular de la empresa Indemet se mostro muy contento ante el otorgamiento de este pr\u00e9stamo y dijo sentirse comprometido a invertir en bienes de capital para asi poder generar un salto cualitativo y cuantitativo de su empresa y poder generar mas trabajo en la ciudad de Mercedes que tanto lo necesita.<\/p>\n<p>&nbsp;<\/p>\n","protected":false},"excerpt":{"rendered":"<p>Juan Ustarroz y su equipo siguen trabajando firmemente sobre uno de los principales objetivos planteados en su campa\u00f1a electoral: \u201cGeneraci\u00f3n &#8230; <a title=\"Ustarroz trabaja en relaci\u00f3n a un modelo industrial en la ciudad\" class=\"read-more\" href=\"https:\/\/www.hoymercedes.com.ar\/principal\/2011\/10\/05\/ustarroz-trabaja-en-relacion-a-un-modelo-industrial-en-la-ciudad\/\" aria-label=\"Leer m\u00e1s sobre Ustarroz trabaja en relaci\u00f3n a un modelo industrial en la ciudad\">Leer m\u00e1s<\/a><\/p>\n","protected":false},"author":1,"featured_media":0,"comment_status":"open","ping_status":"open","sticky":false,"template":"","format":"standard","meta":{"_monsterinsights_skip_tracking":false,"_monsterinsights_sitenote_active":false,"_monsterinsights_sitenote_note":"","_monsterinsights_sitenote_category":0,"jetpack_post_was_ever_published":false,"_jetpack_newsletter_access":"","_jetpack_dont_email_post_to_subs":false,"_jetpack_newsletter_tier_id":0,"_jetpack_memberships_contains_paywalled_content":false,"_jetpack_memberships_contains_paid_content":false,"footnotes":"","jetpack_publicize_message":"","jetpack_publicize_feature_enabled":true,"jetpack_social_post_already_shared":false,"jetpack_social_options":{"image_generator_settings":{"template":"highway","default_image_id":0,"font":"","enabled":false},"version":2},"_wpas_customize_per_network":false},"categories":[5],"tags":[1402,424],"class_list":["post-7939","post","type-post","status-publish","format-standard","hentry","category-politica","tag-industria","tag-ustarroz","generate-columns","tablet-grid-50","mobile-grid-100","grid-parent","grid-50"],"jetpack_publicize_connections":[],"jetpack_featured_media_url":"","wps_subtitle":"","jetpack_sharing_enabled":true,"_links":{"self":[{"href":"https:\/\/www.hoymercedes.com.ar\/principal\/wp-json\/wp\/v2\/posts\/7939","targetHints":{"allow":["GET"]}}],"collection":[{"href":"https:\/\/www.hoymercedes.com.ar\/principal\/wp-json\/wp\/v2\/posts"}],"about":[{"href":"https:\/\/www.hoymercedes.com.ar\/principal\/wp-json\/wp\/v2\/types\/post"}],"author":[{"embeddable":true,"href":"https:\/\/www.hoymercedes.com.ar\/principal\/wp-json\/wp\/v2\/users\/1"}],"replies":[{"embeddable":true,"href":"https:\/\/www.hoymercedes.com.ar\/principal\/wp-json\/wp\/v2\/comments?post=7939"}],"version-history":[{"count":0,"href":"https:\/\/www.hoymercedes.com.ar\/principal\/wp-json\/wp\/v2\/posts\/7939\/revisions"}],"wp:attachment":[{"href":"https:\/\/www.hoymercedes.com.ar\/principal\/wp-json\/wp\/v2\/media?parent=7939"}],"wp:term":[{"taxonomy":"category","embeddable":true,"href":"https:\/\/www.hoymercedes.com.ar\/principal\/wp-json\/wp\/v2\/categories?post=7939"},{"taxonomy":"post_tag","embeddable":true,"href":"https:\/\/www.hoymercedes.com.ar\/principal\/wp-json\/wp\/v2\/tags?post=7939"}],"curies":[{"name":"wp","href":"https:\/\/api.w.org\/{rel}","templated":true}]}}