{"id":79423,"date":"2018-08-05T22:36:04","date_gmt":"2018-08-06T01:36:04","guid":{"rendered":"http:\/\/www.hoymercedes.com.ar\/principal\/?p=79423"},"modified":"2018-08-05T22:36:04","modified_gmt":"2018-08-06T01:36:04","slug":"se-llevo-a-cabo-la-cuarta-marcha-salvemos-las-dos-vidas","status":"publish","type":"post","link":"https:\/\/www.hoymercedes.com.ar\/principal\/2018\/08\/05\/se-llevo-a-cabo-la-cuarta-marcha-salvemos-las-dos-vidas\/","title":{"rendered":"Se llev\u00f3 a cabo la cuarta marcha \u201cSalvemos las dos vidas\u201d"},"content":{"rendered":"<p>En la tarde del domingo, una gran cantidad de mercedinos se reuni\u00f3 en la plaza San Mart\u00edn para decirle, nuevamente, a los legisladores argentinos que voten negativamente a la ley planteada en el Congreso de la Naci\u00f3n como \u201cLey de interrupci\u00f3n voluntaria del embarazo\u201d. \u201cS\u00ed a la vida\u201d, \u201cCuidemos a los dos \u201c y \u201cCon aborto no te voto\u201d, fueron algunos de los lemas y c\u00e1nticos pronunciados en la manifestaci\u00f3n.<\/p>\n<p><img loading=\"lazy\" decoding=\"async\" data-attachment-id=\"79426\" data-permalink=\"https:\/\/www.hoymercedes.com.ar\/principal\/2018\/08\/05\/se-llevo-a-cabo-la-cuarta-marcha-salvemos-las-dos-vidas\/06-celeste-contra\/#main\" data-orig-file=\"https:\/\/www.hoymercedes.com.ar\/principal\/wp-content\/uploads\/2018\/08\/06-celeste-contra.jpeg\" data-orig-size=\"750,500\" data-comments-opened=\"0\" data-image-meta=\"{&quot;aperture&quot;:&quot;0&quot;,&quot;credit&quot;:&quot;&quot;,&quot;camera&quot;:&quot;&quot;,&quot;caption&quot;:&quot;&quot;,&quot;created_timestamp&quot;:&quot;0&quot;,&quot;copyright&quot;:&quot;&quot;,&quot;focal_length&quot;:&quot;0&quot;,&quot;iso&quot;:&quot;0&quot;,&quot;shutter_speed&quot;:&quot;0&quot;,&quot;title&quot;:&quot;&quot;,&quot;orientation&quot;:&quot;0&quot;}\" data-image-title=\"06 celeste contra\" data-image-description=\"\" data-image-caption=\"\" data-large-file=\"https:\/\/www.hoymercedes.com.ar\/principal\/wp-content\/uploads\/2018\/08\/06-celeste-contra.jpeg\" class=\"aligncenter size-medium wp-image-79426\" src=\"https:\/\/www.hoymercedes.com.ar\/principal\/wp-content\/uploads\/2018\/08\/06-celeste-contra-630x420.jpeg\" alt=\"\" width=\"630\" height=\"420\" srcset=\"https:\/\/www.hoymercedes.com.ar\/principal\/wp-content\/uploads\/2018\/08\/06-celeste-contra-630x420.jpeg 630w, https:\/\/www.hoymercedes.com.ar\/principal\/wp-content\/uploads\/2018\/08\/06-celeste-contra-150x100.jpeg 150w, https:\/\/www.hoymercedes.com.ar\/principal\/wp-content\/uploads\/2018\/08\/06-celeste-contra.jpeg 750w\" sizes=\"auto, (max-width: 630px) 100vw, 630px\" \/><\/p>\n<p>La jornada comenz\u00f3 con el himno Nacional Argentino y luego tomaron la palabra algunas vecinas que quisieron darle voz al reclamo. Una de ellas explic\u00f3 que \u201clos derechos del ni\u00f1o por nacer no son negociables, y la muerte no es un derecho. Menos a\u00fan, cuando se pretende abortar hasta el noveno mes, como lo permitir\u00eda esta ley. No se puede buscar un bien, a trav\u00e9s de un mal. Ser pro-vida no es solo un pronunciamiento sino comprometerse a proteger la vida de los m\u00e1s d\u00e9biles, de las mujeres embarazadas y los ni\u00f1os en el vientre. Se\u00f1ores senadores, Argentina es pro-vida, Mercedes es pro-vida\u201d, dijo con \u00e9nfasis.<\/p>\n<p>Otra de las oradoras habl\u00f3 como mujer, madre y estudiante de Medicina, y desde ese lugar elabor\u00f3 un discurso cargado de emotividad y entendiendo que \u201ccomo futura m\u00e9dica ninguna ley la obligar\u00e1 a realizar abortos\u201d, refiri\u00e9ndose a uno de los art\u00edculos presentados en el proyecto que aclara establecimientos de salud se deber\u00e1 garantizar la realizaci\u00f3n del aborto sin dar lugar a la objeci\u00f3n de conciencia; y continu\u00f3 : \u201cNo quiero ese futuro para la Argentina, donde mueren los desprotegidos. Dolor y angustia es lo que siento al estar debatiendo si hay vida o no, o qu\u00e9 nombre le ponemos al ni\u00f1o por nacer. Vamos a seguir trabajando para acompa\u00f1ar, aconsejar, a todas esas mam\u00e1s que est\u00e1n pensando en abortar o incluso para ayudar a sanar las heridas de un aborto\u201d.<\/p>\n<p>\u201cVine a la plaza porque quiero que quienes me representan y a los legisladores a los que les di el voto me representen. No puedo dejar que mis hijos y nietos crezcan en una sociedad donde abortar es ley y eso se ense\u00f1e en las escuelas. Quiero leyes superadoras y soluciones serias y contemplando la vida de todos. Los derechos de unos no pueden llevarse la vida de otros\u201d, coment\u00f3 Ra\u00fal, uno de las vecinos autoconvocadas que se acerc\u00f3 a la plaza con su bandera argentina al hombro.<\/p>\n<p>El 8 de este mes se votar\u00e1 en la Honorable C\u00e1mara de Senadores este proyecto de ley que tanto debate gener\u00f3 en toda la sociedad. En todo el pa\u00eds se manifestaron en contra y a favor de este dictamen. Ahora ser\u00e1n los Senadores quienes dir\u00e1n si el aborto ser\u00e1 ley o no.<\/p>\n<p>&nbsp;<\/p>\n<p>Colaboraci\u00f3n:\u00a0Ma. Eugenia Elizalde<\/p>\n","protected":false},"excerpt":{"rendered":"<p>En la tarde del domingo, una gran cantidad de mercedinos se reuni\u00f3 en la plaza San Mart\u00edn para decirle, nuevamente, &#8230; <a title=\"Se llev\u00f3 a cabo la cuarta marcha \u201cSalvemos las dos vidas\u201d\" class=\"read-more\" href=\"https:\/\/www.hoymercedes.com.ar\/principal\/2018\/08\/05\/se-llevo-a-cabo-la-cuarta-marcha-salvemos-las-dos-vidas\/\" aria-label=\"Leer m\u00e1s sobre Se llev\u00f3 a cabo la cuarta marcha \u201cSalvemos las dos vidas\u201d\">Leer m\u00e1s<\/a><\/p>\n","protected":false},"author":1,"featured_media":79426,"comment_status":"closed","ping_status":"open","sticky":false,"template":"","format":"standard","meta":{"_monsterinsights_skip_tracking":false,"_monsterinsights_sitenote_active":false,"_monsterinsights_sitenote_note":"","_monsterinsights_sitenote_category":0,"jetpack_post_was_ever_published":false,"_jetpack_newsletter_access":"","_jetpack_dont_email_post_to_subs":false,"_jetpack_newsletter_tier_id":0,"_jetpack_memberships_contains_paywalled_content":false,"_jetpack_memberships_contains_paid_content":false,"footnotes":"","jetpack_publicize_message":"","jetpack_publicize_feature_enabled":true,"jetpack_social_post_already_shared":true,"jetpack_social_options":{"image_generator_settings":{"template":"highway","default_image_id":0,"font":"","enabled":false},"version":2},"_wpas_customize_per_network":false},"categories":[8],"tags":[13555,13373,10,7802],"class_list":["post-79423","post","type-post","status-publish","format-standard","has-post-thumbnail","hentry","category-sociedad","tag-contra-el-proyecto-de-ley-ive","tag-dos-vidas","tag-mercedes","tag-sociedad","generate-columns","tablet-grid-50","mobile-grid-100","grid-parent","grid-50"],"jetpack_publicize_connections":[],"jetpack_featured_media_url":"https:\/\/www.hoymercedes.com.ar\/principal\/wp-content\/uploads\/2018\/08\/06-celeste-contra.jpeg","wps_subtitle":"El domingo a la tarde","jetpack_sharing_enabled":true,"jetpack-related-posts":[{"id":79371,"url":"https:\/\/www.hoymercedes.com.ar\/principal\/2018\/08\/03\/el-proximo-domingo-5-se-realizara-una-nueva-marcha-por-las-dos-vidas\/","url_meta":{"origin":79423,"position":0},"title":"El pr\u00f3ximo domingo 5 se realizar\u00e1 una nueva\u00a0Marcha\u00a0por las dos Vidas","author":"hoymercedes","date":"3 agosto, 2018","format":false,"excerpt":"El 8 de agosto se votar\u00e1 en la Honorable C\u00e1mara de Senadores de la Naci\u00f3n el proyecto de ley de aborto legal y gratuito.\u00a0Dentro de este contexto, un grupo de mercedinos autoconvocados invitan a los vecinos de Mercedes a sumarse al reclamo para salvar las dos vidas, la de la\u2026","rel":"","context":"En \u00abSociedad\u00bb","block_context":{"text":"Sociedad","link":"https:\/\/www.hoymercedes.com.ar\/principal\/category\/sociedad\/"},"img":{"alt_text":"","src":"https:\/\/i0.wp.com\/www.hoymercedes.com.ar\/principal\/wp-content\/uploads\/2018\/08\/03-dos-vidas.jpg?resize=350%2C200&ssl=1","width":350,"height":200,"srcset":"https:\/\/i0.wp.com\/www.hoymercedes.com.ar\/principal\/wp-content\/uploads\/2018\/08\/03-dos-vidas.jpg?resize=350%2C200&ssl=1 1x, https:\/\/i0.wp.com\/www.hoymercedes.com.ar\/principal\/wp-content\/uploads\/2018\/08\/03-dos-vidas.jpg?resize=525%2C300&ssl=1 1.5x"},"classes":[]},{"id":76982,"url":"https:\/\/www.hoymercedes.com.ar\/principal\/2018\/06\/08\/este-domingo-ultima-marcha-por-las-dos-vidas-antes-de-la-votacion-en-el-congreso\/","url_meta":{"origin":79423,"position":1},"title":"Este domingo, \u00faltima Marcha por las dos Vidas antes de la votaci\u00f3n en el Congreso","author":"hoymercedes","date":"8 junio, 2018","format":false,"excerpt":"El pr\u00f3ximo 13 de junio se votar\u00e1, luego de varias semanas de debate,\u00a0\u00a0por la ley del aborto. Muchas opiniones. Dentro de este contexto, un grupo de mercedinos autoconvocados invitan a los vecinos de Mercedes a sumarse al reclamo para salvar las dos vidas, la de la madre y la del\u2026","rel":"","context":"En \u00abSociedad\u00bb","block_context":{"text":"Sociedad","link":"https:\/\/www.hoymercedes.com.ar\/principal\/category\/sociedad\/"},"img":{"alt_text":"","src":"https:\/\/i0.wp.com\/www.hoymercedes.com.ar\/principal\/wp-content\/uploads\/2018\/06\/08-marcha-dos-vidas.jpeg?resize=350%2C200&ssl=1","width":350,"height":200,"srcset":"https:\/\/i0.wp.com\/www.hoymercedes.com.ar\/principal\/wp-content\/uploads\/2018\/06\/08-marcha-dos-vidas.jpeg?resize=350%2C200&ssl=1 1x, https:\/\/i0.wp.com\/www.hoymercedes.com.ar\/principal\/wp-content\/uploads\/2018\/06\/08-marcha-dos-vidas.jpeg?resize=525%2C300&ssl=1 1.5x, https:\/\/i0.wp.com\/www.hoymercedes.com.ar\/principal\/wp-content\/uploads\/2018\/06\/08-marcha-dos-vidas.jpeg?resize=700%2C400&ssl=1 2x"},"classes":[]},{"id":75936,"url":"https:\/\/www.hoymercedes.com.ar\/principal\/2018\/05\/18\/realizaran-marcha-por-las-dos-vidas-en-la-plaza-san-martin\/","url_meta":{"origin":79423,"position":2},"title":"Realizar\u00e1n Marcha \u00abpor las dos vidas\u00bb en la Plaza San Mart\u00edn","author":"hoymercedes","date":"18 mayo, 2018","format":false,"excerpt":"A partir de la hora 15 del domingo 20 de mayo, en la plaza central de la ciudad se reunir\u00e1n vecinos autoconvocados que se proclaman en contra del proyecto de ley que legalizar\u00eda y despenalizar\u00eda el aborto. Un grupo de mercedinos autoconvocados invitan a los vecinos a sumarse al reclamo\u2026","rel":"","context":"En \u00abSociedad\u00bb","block_context":{"text":"Sociedad","link":"https:\/\/www.hoymercedes.com.ar\/principal\/category\/sociedad\/"},"img":{"alt_text":"","src":"https:\/\/i0.wp.com\/www.hoymercedes.com.ar\/principal\/wp-content\/uploads\/2018\/05\/32563467_10214803703338879_3046023160311840768_o-e1526598580589.jpg?resize=350%2C200&ssl=1","width":350,"height":200,"srcset":"https:\/\/i0.wp.com\/www.hoymercedes.com.ar\/principal\/wp-content\/uploads\/2018\/05\/32563467_10214803703338879_3046023160311840768_o-e1526598580589.jpg?resize=350%2C200&ssl=1 1x, https:\/\/i0.wp.com\/www.hoymercedes.com.ar\/principal\/wp-content\/uploads\/2018\/05\/32563467_10214803703338879_3046023160311840768_o-e1526598580589.jpg?resize=525%2C300&ssl=1 1.5x"},"classes":[]},{"id":77101,"url":"https:\/\/www.hoymercedes.com.ar\/principal\/2018\/06\/11\/se-llevo-a-cabo-la-ultima-manifestacion-a-favor-de-las-dos-vidas\/","url_meta":{"origin":79423,"position":3},"title":"Se llev\u00f3 a cabo la \u00faltima manifestaci\u00f3n \u00aba favor de las dos vidas\u00bb","author":"hoymercedes","date":"11 junio, 2018","format":false,"excerpt":"En la tarde del domingo, la Plaza San Mart\u00edn fue el marco para que un numeroso conjunto de vecinos autoconvocados se manifiesten a favor de las dos vidas y pidieron a los legisladores que no den su voto positivo al proyecto de ley del aborto libre y gratuito; entendiendo que\u2026","rel":"","context":"En \u00abSociedad\u00bb","block_context":{"text":"Sociedad","link":"https:\/\/www.hoymercedes.com.ar\/principal\/category\/sociedad\/"},"img":{"alt_text":"","src":"https:\/\/i0.wp.com\/www.hoymercedes.com.ar\/principal\/wp-content\/uploads\/2018\/06\/11-dos-vidas.jpg?resize=350%2C200&ssl=1","width":350,"height":200,"srcset":"https:\/\/i0.wp.com\/www.hoymercedes.com.ar\/principal\/wp-content\/uploads\/2018\/06\/11-dos-vidas.jpg?resize=350%2C200&ssl=1 1x, https:\/\/i0.wp.com\/www.hoymercedes.com.ar\/principal\/wp-content\/uploads\/2018\/06\/11-dos-vidas.jpg?resize=525%2C300&ssl=1 1.5x, https:\/\/i0.wp.com\/www.hoymercedes.com.ar\/principal\/wp-content\/uploads\/2018\/06\/11-dos-vidas.jpg?resize=700%2C400&ssl=1 2x"},"classes":[]},{"id":77213,"url":"https:\/\/www.hoymercedes.com.ar\/principal\/2018\/06\/12\/diputado-selva-no-estoy-a-favor-de-la-legalizacion-del-aborto\/","url_meta":{"origin":79423,"position":4},"title":"Diputado Selva: \u201cNo estoy a favor de la legalizaci\u00f3n del aborto\u201d","author":"hoymercedes","date":"12 junio, 2018","format":false,"excerpt":"El Diputado Nacional Carlos Selva se manifest\u00f3 en contra de la ley de Interrupci\u00f3n Voluntaria del Embarazo. \u201cOjal\u00e1 que todos tengamos la madurez para entender que ac\u00e1 no hay buenos ni malos, ni el que vota de una forma ni el que vota de otra, y que haya respeto\u201d, dijo.\u2026","rel":"","context":"En \u00abPol\u00edtica Nacional\u00bb","block_context":{"text":"Pol\u00edtica Nacional","link":"https:\/\/www.hoymercedes.com.ar\/principal\/category\/politica-nacional\/"},"img":{"alt_text":"","src":"https:\/\/i0.wp.com\/www.hoymercedes.com.ar\/principal\/wp-content\/uploads\/2018\/06\/12-selva-periodistas-2.jpg?resize=350%2C200&ssl=1","width":350,"height":200,"srcset":"https:\/\/i0.wp.com\/www.hoymercedes.com.ar\/principal\/wp-content\/uploads\/2018\/06\/12-selva-periodistas-2.jpg?resize=350%2C200&ssl=1 1x, https:\/\/i0.wp.com\/www.hoymercedes.com.ar\/principal\/wp-content\/uploads\/2018\/06\/12-selva-periodistas-2.jpg?resize=525%2C300&ssl=1 1.5x, https:\/\/i0.wp.com\/www.hoymercedes.com.ar\/principal\/wp-content\/uploads\/2018\/06\/12-selva-periodistas-2.jpg?resize=700%2C400&ssl=1 2x"},"classes":[]},{"id":77640,"url":"https:\/\/www.hoymercedes.com.ar\/principal\/2018\/06\/24\/charla-contra-el-proyecto-de-ley-de-aborto-se-realizo-el-viernes-pasado\/","url_meta":{"origin":79423,"position":5},"title":"Charla contra el proyecto de ley de aborto se realiz\u00f3 el viernes pasado","author":"hoymercedes","date":"24 junio, 2018","format":false,"excerpt":"El pasado viernes se realiz\u00f3 un encuentro en el Honorable Concejo Deliberante en el cual expuso el Licenciado en medicina bio\u00e9tica, Gabriel Ballerini. La charla fue convocada por AICEM (Asociaci\u00f3n Iglesias Cristianas Evang\u00e9licas de Mercedes) y trat\u00f3 sobre ideolog\u00eda de g\u00e9nero y aborto, temas tan discutidos en la actualidad. Desborado\u2026","rel":"","context":"En \u00abSociedad\u00bb","block_context":{"text":"Sociedad","link":"https:\/\/www.hoymercedes.com.ar\/principal\/category\/sociedad\/"},"img":{"alt_text":"","src":"https:\/\/i0.wp.com\/www.hoymercedes.com.ar\/principal\/wp-content\/uploads\/2018\/06\/24-iglesias-contra-aborto-1.jpg?resize=350%2C200&ssl=1","width":350,"height":200,"srcset":"https:\/\/i0.wp.com\/www.hoymercedes.com.ar\/principal\/wp-content\/uploads\/2018\/06\/24-iglesias-contra-aborto-1.jpg?resize=350%2C200&ssl=1 1x, https:\/\/i0.wp.com\/www.hoymercedes.com.ar\/principal\/wp-content\/uploads\/2018\/06\/24-iglesias-contra-aborto-1.jpg?resize=525%2C300&ssl=1 1.5x, https:\/\/i0.wp.com\/www.hoymercedes.com.ar\/principal\/wp-content\/uploads\/2018\/06\/24-iglesias-contra-aborto-1.jpg?resize=700%2C400&ssl=1 2x"},"classes":[]}],"_links":{"self":[{"href":"https:\/\/www.hoymercedes.com.ar\/principal\/wp-json\/wp\/v2\/posts\/79423","targetHints":{"allow":["GET"]}}],"collection":[{"href":"https:\/\/www.hoymercedes.com.ar\/principal\/wp-json\/wp\/v2\/posts"}],"about":[{"href":"https:\/\/www.hoymercedes.com.ar\/principal\/wp-json\/wp\/v2\/types\/post"}],"author":[{"embeddable":true,"href":"https:\/\/www.hoymercedes.com.ar\/principal\/wp-json\/wp\/v2\/users\/1"}],"replies":[{"embeddable":true,"href":"https:\/\/www.hoymercedes.com.ar\/principal\/wp-json\/wp\/v2\/comments?post=79423"}],"version-history":[{"count":0,"href":"https:\/\/www.hoymercedes.com.ar\/principal\/wp-json\/wp\/v2\/posts\/79423\/revisions"}],"wp:featuredmedia":[{"embeddable":true,"href":"https:\/\/www.hoymercedes.com.ar\/principal\/wp-json\/wp\/v2\/media\/79426"}],"wp:attachment":[{"href":"https:\/\/www.hoymercedes.com.ar\/principal\/wp-json\/wp\/v2\/media?parent=79423"}],"wp:term":[{"taxonomy":"category","embeddable":true,"href":"https:\/\/www.hoymercedes.com.ar\/principal\/wp-json\/wp\/v2\/categories?post=79423"},{"taxonomy":"post_tag","embeddable":true,"href":"https:\/\/www.hoymercedes.com.ar\/principal\/wp-json\/wp\/v2\/tags?post=79423"}],"curies":[{"name":"wp","href":"https:\/\/api.w.org\/{rel}","templated":true}]}}