{"id":79430,"date":"2018-08-06T07:41:24","date_gmt":"2018-08-06T10:41:24","guid":{"rendered":"http:\/\/www.hoymercedes.com.ar\/principal\/?p=79430"},"modified":"2018-08-05T22:45:09","modified_gmt":"2018-08-06T01:45:09","slug":"el-impulso-de-las-energias-renovables","status":"publish","type":"post","link":"https:\/\/www.hoymercedes.com.ar\/principal\/2018\/08\/06\/el-impulso-de-las-energias-renovables\/","title":{"rendered":"El impulso de las energ\u00edas renovables"},"content":{"rendered":"<p>Por Cristi\u00e1n Frers* &#8211; Una energ\u00eda alternativa, o m\u00e1s precisamente una fuente de energ\u00eda alternativa es aquella que puede suplir a las energ\u00edas o fuentes energ\u00e9ticas actuales, ya sea por su menor efecto contaminante, o fundamentalmente por su posibilidad de renovaci\u00f3n.<\/p>\n<p>El consumo de energ\u00eda es uno de los grandes medidores del progreso y bienestar de una sociedad. El concepto de crisis energ\u00e9tica aparece cuando las fuentes de energ\u00eda de las que se abastece la sociedad se agotan. Un modelo econ\u00f3mico como el actual, cuyo funcionamiento depende de un continuo crecimiento, exige tambi\u00e9n una demanda igualmente creciente de energ\u00eda. Puesto que las fuentes de energ\u00eda f\u00f3sil y nuclear son finitas, es inevitable que en un determinado momento la demanda no pueda ser abastecida y todo el sistema colapse, salvo que se descubran y desarrollen otros nuevos m\u00e9todos para obtener energ\u00eda: \u00e9stas ser\u00edan las energ\u00edas alternativas<\/p>\n<p>Las fuentes de energ\u00eda renovables son aquellas que, tras ser utilizadas, se pueden regenerar de manera natural o artificial. Algunas de estas fuentes renovables est\u00e1n sometidas a ciclos que se mantienen de forma m\u00e1s o menos constante en la naturaleza<\/p>\n<p>Almacenar energ\u00eda es un desaf\u00edo por excelencia en los pr\u00f3ximos a\u00f1os. Los principales problemas de este almacenaje a escala de red est\u00e1n basados en la tecnolog\u00eda y en la econom\u00eda. En la actualidad, se est\u00e1n usando volantes o bancos de bater\u00eda para almacenar electricidad durante tiempos breves, por lo que sirven, hasta el momento, solo para estabilizar la red el\u00e9ctrica. La \u00fanica tecnolog\u00eda que se utiliza comercialmente en el uso de la electricidad es el bombeo de agua. El proceso tiene un impacto ambiental no menor que necesita de inversiones de tiempos de construcci\u00f3n y de capital. Se espera que existan otras tecnolog\u00edas que lleguen a brindar soluciones razonables a este tipo de almacenaje. El aire comprimido, no ha llegado a despegar hasta el d\u00eda de hoy, pero las bater\u00edas de litio han reducido los costos y se espera que su utilizaci\u00f3n aumente significativamente.<\/p>\n<p>La distribuci\u00f3n de las energ\u00edas renovables es m\u00e1s equitativa que otros recursos energ\u00e9ticos y llega al punto de consumo con mayor facilidad. La energ\u00eda solar puede ayudar a ganar confort sin altos costos pero el salto en la calidad de vida se siente en la calidad por su versatilidad. Si se tiene en cuenta que la red el\u00e9ctrica necesita un volumen de mercado que impulse su desarrollo. Las energ\u00edas renovables pueden llevar progreso a lugares donde el acceso a la red el\u00e9ctrica parec\u00eda impensado debido a la inexistencia de consumidores.<\/p>\n<p>La transformaci\u00f3n de la matriz energ\u00e9tica de casi todas las provincias argentinas est\u00e1 en marcha. El Plan Nacional de Energ\u00edas Renovables, implementado el actual Gobierno Nacional de Mauricio Macri, ya super\u00f3 las expectativas. La inversi\u00f3n en energ\u00edas renovables en Argentina aument\u00f3 unas 9 veces en el 2017 hasta alcanzar los 1.800 millones de d\u00f3lares, comparado con el 2016. Se estableci\u00f3 la meta de alcanzar un 8% de generaci\u00f3n de energ\u00edas limpias para fines del a\u00f1o 2018, y de un 20 por ciento para fines del 2025. Es necesario profundizar este proceso y tomar lo realizado hasta este a\u00f1o como punto de partida de la estrategia futura en la materia, todo esto es bueno para el ambiente, lo que significa que es bueno para la sociedad.<\/p>\n<p>Resulta imperativo que Argentina se mantenga en el camino iniciado en el a\u00f1o 2015 con la aprobaci\u00f3n de la ley N\u00b0 27191 y profundice sus esfuerzos para cumplir con los objetivos propuestos, aprovechando el m\u00e1s que favorable contexto internacional para este tipo de inversiones y capitalizando la disposici\u00f3n geogr\u00e1fica del territorio nacional, cuya extensi\u00f3n permite planificar proyectos que abarquen diversos tipos de energ\u00edas renovables: solar, e\u00f3lica, hidr\u00e1ulica o, incluso, generada por biomasa.<\/p>\n<p>Todos los d\u00edas vamos siguiendo los avances de la tecnolog\u00eda que nos acercar\u00e1n cada d\u00eda m\u00e1s al reemplazo definitivo de las energ\u00edas no renovables. La disponibilidad energ\u00e9tica de las fuentes de energ\u00eda renovable es mayor que las fuentes de energ\u00eda convencionales, sin embargo su utilizaci\u00f3n aun es escasa.<\/p>\n<p>El desarrollo de la tecnolog\u00eda, el incremento de la exigencia social y los costos m\u00e1s bajos de instalaci\u00f3n y r\u00e1pida amortizaci\u00f3n, est\u00e1n impulsando un mayor\u00a0 uso de las fuentes de energ\u00eda de origen renovable en los \u00faltimos a\u00f1os.<\/p>\n<p>&nbsp;<\/p>\n<p>*Cristi\u00e1n Frers \u2013 T\u00e9cnico Superior en Gesti\u00f3n Ambiental y T\u00e9cnico Superior en Comunicaci\u00f3n Social (Periodista).<\/p>\n<p>&nbsp;<\/p>\n<p>&nbsp;<\/p>\n","protected":false},"excerpt":{"rendered":"<p>Por Cristi\u00e1n Frers* &#8211; Una energ\u00eda alternativa, o m\u00e1s precisamente una fuente de energ\u00eda alternativa es aquella que puede suplir &#8230; <a title=\"El impulso de las energ\u00edas renovables\" class=\"read-more\" href=\"https:\/\/www.hoymercedes.com.ar\/principal\/2018\/08\/06\/el-impulso-de-las-energias-renovables\/\" aria-label=\"Leer m\u00e1s sobre El impulso de las energ\u00edas renovables\">Leer m\u00e1s<\/a><\/p>\n","protected":false},"author":1,"featured_media":79431,"comment_status":"closed","ping_status":"open","sticky":false,"template":"","format":"standard","meta":{"_monsterinsights_skip_tracking":false,"_monsterinsights_sitenote_active":false,"_monsterinsights_sitenote_note":"","_monsterinsights_sitenote_category":0,"jetpack_post_was_ever_published":false,"_jetpack_newsletter_access":"","_jetpack_dont_email_post_to_subs":false,"_jetpack_newsletter_tier_id":0,"_jetpack_memberships_contains_paywalled_content":false,"_jetpack_memberships_contains_paid_content":false,"footnotes":"","jetpack_publicize_message":"","jetpack_publicize_feature_enabled":true,"jetpack_social_post_already_shared":true,"jetpack_social_options":{"image_generator_settings":{"template":"highway","default_image_id":0,"font":"","enabled":false},"version":2},"_wpas_customize_per_network":false},"categories":[1],"tags":[13556,43,8748],"class_list":["post-79430","post","type-post","status-publish","format-standard","has-post-thumbnail","hentry","category-opinion","tag-energia-renovable","tag-medio-ambiente","tag-opinion","generate-columns","tablet-grid-50","mobile-grid-100","grid-parent","grid-50"],"jetpack_publicize_connections":[],"jetpack_featured_media_url":"https:\/\/www.hoymercedes.com.ar\/principal\/wp-content\/uploads\/2018\/08\/06-energia-renovable.jpg","wps_subtitle":"Medio ambiente","jetpack_sharing_enabled":true,"jetpack-related-posts":[{"id":84058,"url":"https:\/\/www.hoymercedes.com.ar\/principal\/2018\/11\/16\/como-se-maneja-el-costo-de-la-energia-en-el-pais\/","url_meta":{"origin":79430,"position":0},"title":"Como se maneja el costo de la energ\u00eda en el pa\u00eds","author":"hoymercedes","date":"16 noviembre, 2018","format":false,"excerpt":"Por Cristi\u00e1n Frers* La energ\u00eda se define como la capacidad de realizar trabajo, de producir movimiento, de generar cambio. Es inherente a todos los sistemas f\u00edsicos, y la vida en todas sus formas, se basa en la conversi\u00f3n, uso, almacenamiento y transferencia de energ\u00eda. La vida, en todas sus formas,\u2026","rel":"","context":"En \u00abOpini\u00f3n\u00bb","block_context":{"text":"Opini\u00f3n","link":"https:\/\/www.hoymercedes.com.ar\/principal\/category\/opinion\/"},"img":{"alt_text":"","src":"https:\/\/i0.wp.com\/www.hoymercedes.com.ar\/principal\/wp-content\/uploads\/2018\/11\/16-osto-energia-e1542372127656.jpg?resize=350%2C200&ssl=1","width":350,"height":200,"srcset":"https:\/\/i0.wp.com\/www.hoymercedes.com.ar\/principal\/wp-content\/uploads\/2018\/11\/16-osto-energia-e1542372127656.jpg?resize=350%2C200&ssl=1 1x, https:\/\/i0.wp.com\/www.hoymercedes.com.ar\/principal\/wp-content\/uploads\/2018\/11\/16-osto-energia-e1542372127656.jpg?resize=525%2C300&ssl=1 1.5x, https:\/\/i0.wp.com\/www.hoymercedes.com.ar\/principal\/wp-content\/uploads\/2018\/11\/16-osto-energia-e1542372127656.jpg?resize=700%2C400&ssl=1 2x"},"classes":[]},{"id":98363,"url":"https:\/\/www.hoymercedes.com.ar\/principal\/2019\/08\/15\/que-esta-sucediendo-con-las-energias-renovables-en-argentina\/","url_meta":{"origin":79430,"position":1},"title":"\u00bfQu\u00e9 est\u00e1 sucediendo con las energ\u00edas renovables en Argentina?","author":"hoymercedes","date":"15 agosto, 2019","format":false,"excerpt":"Por Cristi\u00e1n Frers* \u2013 Son fuentes de energ\u00eda limpia, inagotable y competitiva. Se diferencian de los combustibles f\u00f3siles, principalmente en su diversidad, abundancia y potencial de aprovechamiento en \u00a0cualquier parte del planeta;\u00a0 sobre todo no producen gases de efecto invernadero -causantes del cambio clim\u00e1tico- ni emisiones contaminantes. Adem\u00e1s, sus costos\u2026","rel":"","context":"En \u00abOpini\u00f3n\u00bb","block_context":{"text":"Opini\u00f3n","link":"https:\/\/www.hoymercedes.com.ar\/principal\/category\/opinion\/"},"img":{"alt_text":"","src":"https:\/\/i0.wp.com\/www.hoymercedes.com.ar\/principal\/wp-content\/uploads\/2019\/08\/15-energia-renovable.gif?resize=350%2C200&ssl=1","width":350,"height":200,"srcset":"https:\/\/i0.wp.com\/www.hoymercedes.com.ar\/principal\/wp-content\/uploads\/2019\/08\/15-energia-renovable.gif?resize=350%2C200&ssl=1 1x, https:\/\/i0.wp.com\/www.hoymercedes.com.ar\/principal\/wp-content\/uploads\/2019\/08\/15-energia-renovable.gif?resize=525%2C300&ssl=1 1.5x, https:\/\/i0.wp.com\/www.hoymercedes.com.ar\/principal\/wp-content\/uploads\/2019\/08\/15-energia-renovable.gif?resize=700%2C400&ssl=1 2x"},"classes":[]},{"id":92026,"url":"https:\/\/www.hoymercedes.com.ar\/principal\/2019\/04\/27\/como-implementar-energias-sustentables\/","url_meta":{"origin":79430,"position":2},"title":"Como implementar energ\u00edas sustentables","author":"hoymercedes","date":"27 abril, 2019","format":false,"excerpt":"Por Cristi\u00e1n Frers* - Urge que nos atrevamos a cuestionarnos el modelo de desarrollo que estamos llevando a cabo: \u00bfA qui\u00e9n beneficia y c\u00f3mo? \u00bfQu\u00e9 consecuencias tiene? Nuestras sociedades han evolucionado consumiendo cada vez mayores cantidades de energ\u00eda, energ\u00eda que hoy por hoy proviene principalmente de combustibles f\u00f3siles. Energ\u00eda renovable,\u2026","rel":"","context":"En \u00abOpini\u00f3n\u00bb","block_context":{"text":"Opini\u00f3n","link":"https:\/\/www.hoymercedes.com.ar\/principal\/category\/opinion\/"},"img":{"alt_text":"","src":"https:\/\/i0.wp.com\/www.hoymercedes.com.ar\/principal\/wp-content\/uploads\/2018\/08\/16-sustentab.jpg?resize=350%2C200&ssl=1","width":350,"height":200,"srcset":"https:\/\/i0.wp.com\/www.hoymercedes.com.ar\/principal\/wp-content\/uploads\/2018\/08\/16-sustentab.jpg?resize=350%2C200&ssl=1 1x, https:\/\/i0.wp.com\/www.hoymercedes.com.ar\/principal\/wp-content\/uploads\/2018\/08\/16-sustentab.jpg?resize=525%2C300&ssl=1 1.5x, https:\/\/i0.wp.com\/www.hoymercedes.com.ar\/principal\/wp-content\/uploads\/2018\/08\/16-sustentab.jpg?resize=700%2C400&ssl=1 2x"},"classes":[]},{"id":167458,"url":"https:\/\/www.hoymercedes.com.ar\/principal\/2023\/09\/22\/la-transicion-hacia-las-energias-renovables-viene-atrasada-en-argentina\/","url_meta":{"origin":79430,"position":3},"title":"La transici\u00f3n hacia las energ\u00edas renovables viene atrasada en Argentina","author":"hoymercedes","date":"22 septiembre, 2023","format":false,"excerpt":"Por Cristi\u00e1n Frers* \u2013 El mundo se encamina hacia la\u00a0transici\u00f3n energ\u00e9tica. La expansi\u00f3n de las fuentes de energ\u00eda renovables es clave para combatir el\u00a0calentamiento global\u00a0y la contaminaci\u00f3n ambiental sin afectar el abastecimiento. La disminuci\u00f3n de gases de\u00a0efecto invernadero es una prioridad y requiere la predisposici\u00f3n de los pa\u00edses para transformar\u2026","rel":"","context":"En \u00abSociedad\u00bb","block_context":{"text":"Sociedad","link":"https:\/\/www.hoymercedes.com.ar\/principal\/category\/sociedad\/"},"img":{"alt_text":"","src":"https:\/\/i0.wp.com\/www.hoymercedes.com.ar\/principal\/wp-content\/uploads\/2023\/09\/energia-renovable-AI.jpg?resize=350%2C200&ssl=1","width":350,"height":200,"srcset":"https:\/\/i0.wp.com\/www.hoymercedes.com.ar\/principal\/wp-content\/uploads\/2023\/09\/energia-renovable-AI.jpg?resize=350%2C200&ssl=1 1x, https:\/\/i0.wp.com\/www.hoymercedes.com.ar\/principal\/wp-content\/uploads\/2023\/09\/energia-renovable-AI.jpg?resize=525%2C300&ssl=1 1.5x, https:\/\/i0.wp.com\/www.hoymercedes.com.ar\/principal\/wp-content\/uploads\/2023\/09\/energia-renovable-AI.jpg?resize=700%2C400&ssl=1 2x"},"classes":[]},{"id":102468,"url":"https:\/\/www.hoymercedes.com.ar\/principal\/2019\/11\/18\/implementando-energias-renovables-en-el-pais\/","url_meta":{"origin":79430,"position":4},"title":"Implementando energ\u00edas renovables en el pa\u00eds","author":"hoymercedes","date":"18 noviembre, 2019","format":false,"excerpt":"Por Cristi\u00e1n Frers* - Hoy me levante con una gran idea que quisiera compartir con todos ustedes porque adem\u00e1s estoy buscando inversores para llevarla adelante. Quienes quieran participar del proyecto les aseguro que tendr\u00e1n solucionado el futuro econ\u00f3mico durante el resto de sus d\u00edas. Busco socios para poner una cancha\u2026","rel":"","context":"En \u00abOpini\u00f3n\u00bb","block_context":{"text":"Opini\u00f3n","link":"https:\/\/www.hoymercedes.com.ar\/principal\/category\/opinion\/"},"img":{"alt_text":"","src":"https:\/\/i0.wp.com\/www.hoymercedes.com.ar\/principal\/wp-content\/uploads\/2019\/11\/17-ambiente-energ%C3%ADa-renovable.jpg?resize=350%2C200&ssl=1","width":350,"height":200,"srcset":"https:\/\/i0.wp.com\/www.hoymercedes.com.ar\/principal\/wp-content\/uploads\/2019\/11\/17-ambiente-energ%C3%ADa-renovable.jpg?resize=350%2C200&ssl=1 1x, https:\/\/i0.wp.com\/www.hoymercedes.com.ar\/principal\/wp-content\/uploads\/2019\/11\/17-ambiente-energ%C3%ADa-renovable.jpg?resize=525%2C300&ssl=1 1.5x, https:\/\/i0.wp.com\/www.hoymercedes.com.ar\/principal\/wp-content\/uploads\/2019\/11\/17-ambiente-energ%C3%ADa-renovable.jpg?resize=700%2C400&ssl=1 2x"},"classes":[]},{"id":12085,"url":"https:\/\/www.hoymercedes.com.ar\/principal\/2012\/04\/10\/disertacion-del-ingeniero-julio-ortiz-en-gowland\/","url_meta":{"origin":79430,"position":5},"title":"Disertaci\u00f3n del ingeniero Julio Ortiz en Gowland","author":"hoymercedes","date":"10 abril, 2012","format":false,"excerpt":"En el marco de su ciclo anual de conferencias \"Hacia un mundo mejor\", la Comisi\u00f3n Directiva de la Asociaci\u00f3n civil S.O.S HABITAT organiz\u00f3 una disertaci\u00f3n del Ingeniero Julio Ortiz quien desarroll\u00f3 el tema \"Uso racional de la energ\u00eda\" , la cual tuvo lugar en la escuela T\u00e9cnica n\u00b0 2 de\u2026","rel":"","context":"En \u00abEducaci\u00f3n\u00bb","block_context":{"text":"Educaci\u00f3n","link":"https:\/\/www.hoymercedes.com.ar\/principal\/category\/educacion\/"},"img":{"alt_text":"","src":"https:\/\/i0.wp.com\/www.hoymercedes.com.ar\/principal\/wp-content\/uploads\/2012\/04\/Ing.Ortiz-I.jpg?resize=350%2C200","width":350,"height":200,"srcset":"https:\/\/i0.wp.com\/www.hoymercedes.com.ar\/principal\/wp-content\/uploads\/2012\/04\/Ing.Ortiz-I.jpg?resize=350%2C200 1x, https:\/\/i0.wp.com\/www.hoymercedes.com.ar\/principal\/wp-content\/uploads\/2012\/04\/Ing.Ortiz-I.jpg?resize=525%2C300 1.5x"},"classes":[]}],"_links":{"self":[{"href":"https:\/\/www.hoymercedes.com.ar\/principal\/wp-json\/wp\/v2\/posts\/79430","targetHints":{"allow":["GET"]}}],"collection":[{"href":"https:\/\/www.hoymercedes.com.ar\/principal\/wp-json\/wp\/v2\/posts"}],"about":[{"href":"https:\/\/www.hoymercedes.com.ar\/principal\/wp-json\/wp\/v2\/types\/post"}],"author":[{"embeddable":true,"href":"https:\/\/www.hoymercedes.com.ar\/principal\/wp-json\/wp\/v2\/users\/1"}],"replies":[{"embeddable":true,"href":"https:\/\/www.hoymercedes.com.ar\/principal\/wp-json\/wp\/v2\/comments?post=79430"}],"version-history":[{"count":0,"href":"https:\/\/www.hoymercedes.com.ar\/principal\/wp-json\/wp\/v2\/posts\/79430\/revisions"}],"wp:featuredmedia":[{"embeddable":true,"href":"https:\/\/www.hoymercedes.com.ar\/principal\/wp-json\/wp\/v2\/media\/79431"}],"wp:attachment":[{"href":"https:\/\/www.hoymercedes.com.ar\/principal\/wp-json\/wp\/v2\/media?parent=79430"}],"wp:term":[{"taxonomy":"category","embeddable":true,"href":"https:\/\/www.hoymercedes.com.ar\/principal\/wp-json\/wp\/v2\/categories?post=79430"},{"taxonomy":"post_tag","embeddable":true,"href":"https:\/\/www.hoymercedes.com.ar\/principal\/wp-json\/wp\/v2\/tags?post=79430"}],"curies":[{"name":"wp","href":"https:\/\/api.w.org\/{rel}","templated":true}]}}