{"id":7945,"date":"2011-10-05T00:31:38","date_gmt":"2011-10-05T00:31:38","guid":{"rendered":"http:\/\/www.hoymercedes.com.ar\/principal\/?p=7945"},"modified":"2011-10-05T00:31:38","modified_gmt":"2011-10-05T00:31:38","slug":"inauguran-carteleria-turistica-en-tomas-jofre","status":"publish","type":"post","link":"https:\/\/www.hoymercedes.com.ar\/principal\/2011\/10\/05\/inauguran-carteleria-turistica-en-tomas-jofre\/","title":{"rendered":"Inauguran carteler\u00eda tur\u00edstica en Tom\u00e1s Jofr\u00e9"},"content":{"rendered":"<p style=\"text-align: center;\"><a href=\"https:\/\/www.hoymercedes.com.ar\/principal\/wp-content\/uploads\/2011\/10\/Carteler\u00edaTom\u00e1sJofre-I.jpg\"><img loading=\"lazy\" decoding=\"async\" data-attachment-id=\"7946\" data-permalink=\"https:\/\/www.hoymercedes.com.ar\/principal\/carteleriatomasjofre-i\/\" data-orig-file=\"https:\/\/www.hoymercedes.com.ar\/principal\/wp-content\/uploads\/2011\/10\/Carteler\u00edaTom\u00e1sJofre-I.jpg\" data-orig-size=\"720,405\" data-comments-opened=\"1\" data-image-meta=\"{&quot;aperture&quot;:&quot;0&quot;,&quot;credit&quot;:&quot;&quot;,&quot;camera&quot;:&quot;&quot;,&quot;caption&quot;:&quot;&quot;,&quot;created_timestamp&quot;:&quot;0&quot;,&quot;copyright&quot;:&quot;&quot;,&quot;focal_length&quot;:&quot;0&quot;,&quot;iso&quot;:&quot;0&quot;,&quot;shutter_speed&quot;:&quot;0&quot;,&quot;title&quot;:&quot;&quot;}\" data-image-title=\"Carteler\u00edaTom\u00e1sJofre-I\" data-image-description=\"\" data-image-caption=\"\" data-large-file=\"https:\/\/www.hoymercedes.com.ar\/principal\/wp-content\/uploads\/2011\/10\/Carteler\u00edaTom\u00e1sJofre-I.jpg\" class=\"aligncenter size-full wp-image-7946\" title=\"Carteler\u00edaTom\u00e1sJofre-I\" src=\"https:\/\/www.hoymercedes.com.ar\/principal\/wp-content\/uploads\/2011\/10\/Carteler\u00edaTom\u00e1sJofre-I.jpg\" alt=\"\" width=\"610\" height=\"390\" \/><\/a><\/p>\n<p>Desde hace un tiempo y bajo una planificaci\u00f3n integral Tom\u00e1s Jofr\u00e9 viene recibiendo por parte del municipio una serie de obras y beneficios que elevan notablemente los servicios que brinda a los visitantes que cada fin de semana arriban a la ciudad.<\/p>\n<p>Las mejoras son tanto estructurales como en el plano de la imagen institucional jerarquizando el lugar.<\/p>\n<p>Algunas obras fueron \u00edntegramente realizadas por la comuna mientras que otras a partir de las gestiones realizadas desde la Direcci\u00f3n de Turismo ante la Provincia de Buenos Aires y la Asociaci\u00f3n Empresaria Hotelera y Gastron\u00f3mica de la ciudad de La Plata.<\/p>\n<p>A la redefinici\u00f3n de la imagen, la carteler\u00eda interna, la red de agua corriente, los puestos de artesanos, la colocaci\u00f3n de Wi fi, entre otras acciones, se le debe sumar la nueva carteler\u00eda de importantes dimensiones y estructura inaugurada en los accesos a Tom\u00e1s Jofr\u00e9 siendo similar a la colocada, por ejemplo, en Plaza San Mart\u00edn o Av 2 y Av1, dado que se trata de un proyecto integral de mejoraras en la comunicaci\u00f3n ciudadana y atenci\u00f3n al visitante.<\/p>\n<p>En el acto inaugural participaron el Intendente, Carlos Selva, junto al Presidente de la AEHG, Mario Aguilar acompa\u00f1ados por reconocidos propietarios de casas de comida de la localidad entre los que se ecnontraban Minino Silvano y Alberto Castelli. El Director de Turismo, Marcelo Melo y el Secretario de Gobierno, Sergio L\u00f3pez, tambi\u00e9n estuvieron presentes dentro de la comitiva municipal.<\/p>\n<p style=\"text-align: center;\"><a href=\"https:\/\/www.hoymercedes.com.ar\/principal\/wp-content\/uploads\/2011\/10\/Carteler\u00edaTom\u00e1sJofre-II.jpg\"><img loading=\"lazy\" decoding=\"async\" data-attachment-id=\"7947\" data-permalink=\"https:\/\/www.hoymercedes.com.ar\/principal\/carteleriatomasjofre-ii\/\" data-orig-file=\"https:\/\/www.hoymercedes.com.ar\/principal\/wp-content\/uploads\/2011\/10\/Carteler\u00edaTom\u00e1sJofre-II.jpg\" data-orig-size=\"720,405\" data-comments-opened=\"1\" data-image-meta=\"{&quot;aperture&quot;:&quot;0&quot;,&quot;credit&quot;:&quot;&quot;,&quot;camera&quot;:&quot;&quot;,&quot;caption&quot;:&quot;&quot;,&quot;created_timestamp&quot;:&quot;0&quot;,&quot;copyright&quot;:&quot;&quot;,&quot;focal_length&quot;:&quot;0&quot;,&quot;iso&quot;:&quot;0&quot;,&quot;shutter_speed&quot;:&quot;0&quot;,&quot;title&quot;:&quot;&quot;}\" data-image-title=\"Carteler\u00edaTom\u00e1sJofre-II\" data-image-description=\"\" data-image-caption=\"\" data-large-file=\"https:\/\/www.hoymercedes.com.ar\/principal\/wp-content\/uploads\/2011\/10\/Carteler\u00edaTom\u00e1sJofre-II.jpg\" class=\"aligncenter size-full wp-image-7947\" title=\"Carteler\u00edaTom\u00e1sJofre-II\" src=\"https:\/\/www.hoymercedes.com.ar\/principal\/wp-content\/uploads\/2011\/10\/Carteler\u00edaTom\u00e1sJofre-II.jpg\" alt=\"\" width=\"610\" height=\"390\" \/><\/a><\/p>\n<p>\u201cMercedes crece tur\u00edsticamente todo el tiempo, es importante la colocaci\u00f3n de carteler\u00eda acorde al crecimiento\u201d dijo Carlos Selva y remarc\u00f3 \u201cel pr\u00f3ximo domingo estaremos inaugurando la totalidad de la nueva se\u00f1al\u00e9tica en el interior de Tomas Jofre, esperamos el cuidado de los turistas y el compromiso de los habitantes\u201d<\/p>\n<p><strong>Roturas<\/strong><\/p>\n<p>Lamentablemente a casi un d\u00eda de inauguradas las obras se recibi\u00f3 el aviso indignado de propietarios de comercios en Tom\u00e1s Jofr\u00e9 as\u00ed como de vecinos en relaci\u00f3n a personas que estaban intentando romper la carteler\u00eda. Si bien no lograron finalizar plenamente con sus intenciones el cartel de acceso si sufri\u00f3 el robo de tres de las banderas con su correspondiente m\u00e1stil. Desgraciadamente acciones como estas perjudican a la totalidad de la comunidad.<\/p>\n<p><span style=\"color: #888888;\">Fuente: DirTur<\/span><\/p>\n","protected":false},"excerpt":{"rendered":"<p>Desde hace un tiempo y bajo una planificaci\u00f3n integral Tom\u00e1s Jofr\u00e9 viene recibiendo por parte del municipio una serie de &#8230; <a title=\"Inauguran carteler\u00eda tur\u00edstica en Tom\u00e1s Jofr\u00e9\" class=\"read-more\" href=\"https:\/\/www.hoymercedes.com.ar\/principal\/2011\/10\/05\/inauguran-carteleria-turistica-en-tomas-jofre\/\" aria-label=\"Leer m\u00e1s sobre Inauguran carteler\u00eda tur\u00edstica en Tom\u00e1s Jofr\u00e9\">Leer m\u00e1s<\/a><\/p>\n","protected":false},"author":1,"featured_media":0,"comment_status":"open","ping_status":"open","sticky":false,"template":"","format":"standard","meta":{"_monsterinsights_skip_tracking":false,"_monsterinsights_sitenote_active":false,"_monsterinsights_sitenote_note":"","_monsterinsights_sitenote_category":0,"jetpack_post_was_ever_published":false,"_jetpack_newsletter_access":"","_jetpack_dont_email_post_to_subs":false,"_jetpack_newsletter_tier_id":0,"_jetpack_memberships_contains_paywalled_content":false,"_jetpack_memberships_contains_paid_content":false,"footnotes":"","jetpack_publicize_message":"","jetpack_publicize_feature_enabled":true,"jetpack_social_post_already_shared":false,"jetpack_social_options":{"image_generator_settings":{"template":"highway","default_image_id":0,"font":"","enabled":false},"version":2},"_wpas_customize_per_network":false},"categories":[30],"tags":[1068,39,986,403,594],"class_list":["post-7945","post","type-post","status-publish","format-standard","hentry","category-municipio","tag-cametur","tag-carlos-selva","tag-direccion-de-turismo","tag-marcelo-melo","tag-tomas-jofre","generate-columns","tablet-grid-50","mobile-grid-100","grid-parent","grid-50"],"jetpack_publicize_connections":[],"jetpack_featured_media_url":"","wps_subtitle":"","jetpack_sharing_enabled":true,"_links":{"self":[{"href":"https:\/\/www.hoymercedes.com.ar\/principal\/wp-json\/wp\/v2\/posts\/7945","targetHints":{"allow":["GET"]}}],"collection":[{"href":"https:\/\/www.hoymercedes.com.ar\/principal\/wp-json\/wp\/v2\/posts"}],"about":[{"href":"https:\/\/www.hoymercedes.com.ar\/principal\/wp-json\/wp\/v2\/types\/post"}],"author":[{"embeddable":true,"href":"https:\/\/www.hoymercedes.com.ar\/principal\/wp-json\/wp\/v2\/users\/1"}],"replies":[{"embeddable":true,"href":"https:\/\/www.hoymercedes.com.ar\/principal\/wp-json\/wp\/v2\/comments?post=7945"}],"version-history":[{"count":0,"href":"https:\/\/www.hoymercedes.com.ar\/principal\/wp-json\/wp\/v2\/posts\/7945\/revisions"}],"wp:attachment":[{"href":"https:\/\/www.hoymercedes.com.ar\/principal\/wp-json\/wp\/v2\/media?parent=7945"}],"wp:term":[{"taxonomy":"category","embeddable":true,"href":"https:\/\/www.hoymercedes.com.ar\/principal\/wp-json\/wp\/v2\/categories?post=7945"},{"taxonomy":"post_tag","embeddable":true,"href":"https:\/\/www.hoymercedes.com.ar\/principal\/wp-json\/wp\/v2\/tags?post=7945"}],"curies":[{"name":"wp","href":"https:\/\/api.w.org\/{rel}","templated":true}]}}