{"id":79515,"date":"2018-08-06T20:26:27","date_gmt":"2018-08-06T23:26:27","guid":{"rendered":"http:\/\/www.hoymercedes.com.ar\/principal\/?p=79515"},"modified":"2018-08-07T14:36:57","modified_gmt":"2018-08-07T17:36:57","slug":"docente-acusado-de-abusar-de-una-alumna","status":"publish","type":"post","link":"https:\/\/www.hoymercedes.com.ar\/principal\/2018\/08\/06\/docente-acusado-de-abusar-de-una-alumna\/","title":{"rendered":"Docente acusado de abusar de una alumna"},"content":{"rendered":"<p>Esta semana se conoci\u00f3 que un docente fue detenido, acusado de \u201cmanosear\u201d a una alumna. El hecho habr\u00eda ocurrido en la semana previa al receso invernal, en uno de los cursos del Colegio Industrial. La menor le comunic\u00f3 a uno de sus familiares lo que hab\u00eda ocurrido en uno de los talleres que se brindan en la instituci\u00f3n educativa, y de inmediato se hizo la denuncia correspondiente.<\/p>\n<p>Este fin de semana, el sujeto fue detenido y puesto a disposici\u00f3n de la Justicia. En la causa interviene la UFI N\u00b0 4 a cargo del doctor Juan Ignacio Bidone, quien tras recabar informaci\u00f3n sobre el hecho, y el testimonio \u2013 adem\u00e1s de la prueba de C\u00e1mara Gesell a la menor \u2013 solicit\u00f3 la detenci\u00f3n del docente y fue concedido el pasado viernes por el Juzgado de Garant\u00edas N\u00b0 3.<\/p>\n<p>El delito fue caratulado como \u201cAbuso sexual simple\u201d, pero cuenta con el agravante de haber sido cometido por un encargado de la educaci\u00f3n de la menor.<\/p>\n<p>El hecho caus\u00f3 gran conmoci\u00f3n en la comunidad educativa, y por razones de preservar a la menor de edad y su entorno, se omiten datos respecto de su identidad y del mayor imputado por este delito.<\/p>\n","protected":false},"excerpt":{"rendered":"<p>Esta semana se conoci\u00f3 que un docente fue detenido, acusado de \u201cmanosear\u201d a una alumna. El hecho habr\u00eda ocurrido en &#8230; <a title=\"Docente acusado de abusar de una alumna\" class=\"read-more\" href=\"https:\/\/www.hoymercedes.com.ar\/principal\/2018\/08\/06\/docente-acusado-de-abusar-de-una-alumna\/\" aria-label=\"Leer m\u00e1s sobre Docente acusado de abusar de una alumna\">Leer m\u00e1s<\/a><\/p>\n","protected":false},"author":1,"featured_media":0,"comment_status":"closed","ping_status":"open","sticky":false,"template":"","format":"standard","meta":{"_monsterinsights_skip_tracking":false,"_monsterinsights_sitenote_active":false,"_monsterinsights_sitenote_note":"","_monsterinsights_sitenote_category":0,"jetpack_post_was_ever_published":false,"_jetpack_newsletter_access":"","_jetpack_dont_email_post_to_subs":false,"_jetpack_newsletter_tier_id":0,"_jetpack_memberships_contains_paywalled_content":false,"_jetpack_memberships_contains_paid_content":false,"footnotes":"","jetpack_publicize_message":"","jetpack_publicize_feature_enabled":true,"jetpack_social_post_already_shared":true,"jetpack_social_options":{"image_generator_settings":{"template":"highway","default_image_id":0,"font":"","enabled":false},"version":2},"_wpas_customize_per_network":false},"categories":[85],"tags":[5797,10352,13568,96],"class_list":["post-79515","post","type-post","status-publish","format-standard","hentry","category-policial","tag-abuso-sexual","tag-detencion","tag-menores","tag-policial-2","generate-columns","tablet-grid-50","mobile-grid-100","grid-parent","grid-50"],"jetpack_publicize_connections":[],"jetpack_featured_media_url":"","wps_subtitle":"Investigaci\u00f3n judicial","jetpack_sharing_enabled":true,"jetpack-related-posts":[{"id":78376,"url":"https:\/\/www.hoymercedes.com.ar\/principal\/2018\/07\/09\/dictan-preventiva-a-acusado-de-abuso\/","url_meta":{"origin":79515,"position":0},"title":"Dictan preventiva a acusado de abuso","author":"hoymercedes","date":"9 julio, 2018","format":false,"excerpt":"El pasado 15 de junio fue detenido un comerciante acusado de abuso sexual agravado. Esta semana, tras una intensa recopilaci\u00f3n de elementos probatorios, se le dict\u00f3 la prisi\u00f3n preventiva tanto por las pruebas en su contra como as\u00ed tambi\u00e9n por posibles peligros procesales. Vale recordar que el hecho tom\u00f3 trascendencia\u2026","rel":"","context":"En \u00abPolicial\u00bb","block_context":{"text":"Policial","link":"https:\/\/www.hoymercedes.com.ar\/principal\/category\/policial\/"},"img":{"alt_text":"","src":"","width":0,"height":0},"classes":[]},{"id":76497,"url":"https:\/\/www.hoymercedes.com.ar\/principal\/2018\/05\/28\/detienen-a-un-hombre-acusado-de-abusar-de-su-hijastra-menor-de-edad\/","url_meta":{"origin":79515,"position":1},"title":"Detienen a un hombre acusado de abusar de su hijastra menor de edad","author":"hoymercedes","date":"28 mayo, 2018","format":false,"excerpt":"D\u00edas atr\u00e1s se llev\u00f3 a cabo la aprehensi\u00f3n de un hombre por haber abusado sexualmente con acceso carnal a una menor de 18 a\u00f1os. El caso se denunci\u00f3 cuando la menor de 15 a\u00f1os ingres\u00f3 al hospital tras haberse realizado un aborto domiciliario. All\u00ed, la joven dice que de provoc\u00f3\u2026","rel":"","context":"En \u00abPolicial\u00bb","block_context":{"text":"Policial","link":"https:\/\/www.hoymercedes.com.ar\/principal\/category\/policial\/"},"img":{"alt_text":"","src":"","width":0,"height":0},"classes":[]},{"id":23657,"url":"https:\/\/www.hoymercedes.com.ar\/principal\/2013\/07\/15\/detienen-a-hombre-acusado-de-abuso-sexual\/","url_meta":{"origin":79515,"position":2},"title":"Detienen a hombre acusado de abuso sexual","author":"hoymercedes","date":"15 julio, 2013","format":false,"excerpt":"El hecho se produjo d\u00edas atr\u00e1s tras una serie de instancias llevadas a cabo por la Polic\u00eda local que atendiera el caso tras conocer las circunstancias del hecho. El sujeto est\u00e1 bajo custodia policial y a la orden de la justicia. La detenci\u00f3n la realizaron sobre un vecino de nuestra\u2026","rel":"","context":"En \u00abPolicial\u00bb","block_context":{"text":"Policial","link":"https:\/\/www.hoymercedes.com.ar\/principal\/category\/policial\/"},"img":{"alt_text":"","src":"","width":0,"height":0},"classes":[]},{"id":77399,"url":"https:\/\/www.hoymercedes.com.ar\/principal\/2018\/06\/18\/detienen-a-un-comerciante-por-abuso-sexual-y-a-un-martillero-por-estafa\/","url_meta":{"origin":79515,"position":3},"title":"Detienen a un comerciante por abuso sexual y a un martillero por estafa","author":"hoymercedes","date":"18 junio, 2018","format":false,"excerpt":"Entre jueves y viernes se concretaron dos detenciones poco habituales: un martillero fue arrestado por estafa y ejercicio ilegal de la profesi\u00f3n y un comerciante por abuso sexual. Ambos temas hab\u00edan generado intensos rumores. El pasado jueves, se llev\u00f3 a cabo la detenci\u00f3n de un martillero p\u00fablico de nuestra ciudad\u2026","rel":"","context":"En \u00abPolicial\u00bb","block_context":{"text":"Policial","link":"https:\/\/www.hoymercedes.com.ar\/principal\/category\/policial\/"},"img":{"alt_text":"","src":"https:\/\/i0.wp.com\/www.hoymercedes.com.ar\/principal\/wp-content\/uploads\/2017\/11\/Policia-Moviles-.jpg?resize=350%2C200&ssl=1","width":350,"height":200,"srcset":"https:\/\/i0.wp.com\/www.hoymercedes.com.ar\/principal\/wp-content\/uploads\/2017\/11\/Policia-Moviles-.jpg?resize=350%2C200&ssl=1 1x, https:\/\/i0.wp.com\/www.hoymercedes.com.ar\/principal\/wp-content\/uploads\/2017\/11\/Policia-Moviles-.jpg?resize=525%2C300&ssl=1 1.5x, https:\/\/i0.wp.com\/www.hoymercedes.com.ar\/principal\/wp-content\/uploads\/2017\/11\/Policia-Moviles-.jpg?resize=700%2C400&ssl=1 2x"},"classes":[]},{"id":71291,"url":"https:\/\/www.hoymercedes.com.ar\/principal\/2018\/01\/03\/cuadrilla-de-la-policia-comunal-logra-detener-acusado-de-abuso-sexual\/","url_meta":{"origin":79515,"position":4},"title":"Cuadrilla de la Polic\u00eda Comunal logra detener acusado de abuso sexual","author":"hoymercedes","date":"3 enero, 2018","format":false,"excerpt":"La Polic\u00eda Comunal Mercedes a cargo del Comisario Sergio Macedo volvi\u00f3 a cumplir con una sentida demanda social y judicial al detener a un masculino acusado de abuso sexual que ten\u00eda pedido de detenci\u00f3n y andaba \u201clibre\u201d recorriendo la ciudad. La atenta mirada de los uniformados permiti\u00f3 que ahora el\u2026","rel":"","context":"En \u00abPolicial\u00bb","block_context":{"text":"Policial","link":"https:\/\/www.hoymercedes.com.ar\/principal\/category\/policial\/"},"img":{"alt_text":"","src":"https:\/\/i0.wp.com\/www.hoymercedes.com.ar\/principal\/wp-content\/uploads\/2018\/01\/detenido-abuso.jpg?resize=350%2C200&ssl=1","width":350,"height":200,"srcset":"https:\/\/i0.wp.com\/www.hoymercedes.com.ar\/principal\/wp-content\/uploads\/2018\/01\/detenido-abuso.jpg?resize=350%2C200&ssl=1 1x, https:\/\/i0.wp.com\/www.hoymercedes.com.ar\/principal\/wp-content\/uploads\/2018\/01\/detenido-abuso.jpg?resize=525%2C300&ssl=1 1.5x, https:\/\/i0.wp.com\/www.hoymercedes.com.ar\/principal\/wp-content\/uploads\/2018\/01\/detenido-abuso.jpg?resize=700%2C400&ssl=1 2x"},"classes":[]},{"id":105855,"url":"https:\/\/www.hoymercedes.com.ar\/principal\/2020\/02\/02\/un-hombre-fue-detenido-y-estaba-siendo-buscado-por-abuso-sexual\/","url_meta":{"origin":79515,"position":5},"title":"Un hombre fue detenido y estaba siendo buscado por abuso sexual","author":"hoymercedes","date":"2 febrero, 2020","format":false,"excerpt":"En Luj\u00e1n, la detenci\u00f3n se produjo en la v\u00eda p\u00fablica. Un hombre fue detenido por Personal de la Polic\u00eda Local de Luj\u00e1n en la calle 9 de julio y Doctor Real. El hombre de 38 a\u00f1os estaba siendo buscado por abuso sexual agravado con acceso, hecho que habr\u00eda ocurrido en\u2026","rel":"","context":"En \u00abPolicial\u00bb","block_context":{"text":"Policial","link":"https:\/\/www.hoymercedes.com.ar\/principal\/category\/policial\/"},"img":{"alt_text":"","src":"https:\/\/i0.wp.com\/www.hoymercedes.com.ar\/principal\/wp-content\/uploads\/2019\/11\/29-policial-lujan.jpg?resize=350%2C200&ssl=1","width":350,"height":200,"srcset":"https:\/\/i0.wp.com\/www.hoymercedes.com.ar\/principal\/wp-content\/uploads\/2019\/11\/29-policial-lujan.jpg?resize=350%2C200&ssl=1 1x, https:\/\/i0.wp.com\/www.hoymercedes.com.ar\/principal\/wp-content\/uploads\/2019\/11\/29-policial-lujan.jpg?resize=525%2C300&ssl=1 1.5x, https:\/\/i0.wp.com\/www.hoymercedes.com.ar\/principal\/wp-content\/uploads\/2019\/11\/29-policial-lujan.jpg?resize=700%2C400&ssl=1 2x"},"classes":[]}],"_links":{"self":[{"href":"https:\/\/www.hoymercedes.com.ar\/principal\/wp-json\/wp\/v2\/posts\/79515","targetHints":{"allow":["GET"]}}],"collection":[{"href":"https:\/\/www.hoymercedes.com.ar\/principal\/wp-json\/wp\/v2\/posts"}],"about":[{"href":"https:\/\/www.hoymercedes.com.ar\/principal\/wp-json\/wp\/v2\/types\/post"}],"author":[{"embeddable":true,"href":"https:\/\/www.hoymercedes.com.ar\/principal\/wp-json\/wp\/v2\/users\/1"}],"replies":[{"embeddable":true,"href":"https:\/\/www.hoymercedes.com.ar\/principal\/wp-json\/wp\/v2\/comments?post=79515"}],"version-history":[{"count":0,"href":"https:\/\/www.hoymercedes.com.ar\/principal\/wp-json\/wp\/v2\/posts\/79515\/revisions"}],"wp:attachment":[{"href":"https:\/\/www.hoymercedes.com.ar\/principal\/wp-json\/wp\/v2\/media?parent=79515"}],"wp:term":[{"taxonomy":"category","embeddable":true,"href":"https:\/\/www.hoymercedes.com.ar\/principal\/wp-json\/wp\/v2\/categories?post=79515"},{"taxonomy":"post_tag","embeddable":true,"href":"https:\/\/www.hoymercedes.com.ar\/principal\/wp-json\/wp\/v2\/tags?post=79515"}],"curies":[{"name":"wp","href":"https:\/\/api.w.org\/{rel}","templated":true}]}}