{"id":79580,"date":"2018-08-07T20:25:38","date_gmt":"2018-08-07T23:25:38","guid":{"rendered":"http:\/\/www.hoymercedes.com.ar\/principal\/?p=79580"},"modified":"2018-08-07T17:28:08","modified_gmt":"2018-08-07T20:28:08","slug":"este-miercoles-hay-elecciones-en-cta-autonoma","status":"publish","type":"post","link":"https:\/\/www.hoymercedes.com.ar\/principal\/2018\/08\/07\/este-miercoles-hay-elecciones-en-cta-autonoma\/","title":{"rendered":"Este mi\u00e9rcoles hay elecciones en CTA Aut\u00f3noma"},"content":{"rendered":"<p>Este 8 de agosto se llevar\u00e1n adelante las elecciones de la CTA Aut\u00f3noma. Cuatro mesas habr\u00e1 para votar entre las 8 y las 18 horas. Solo dos listas se presentan en el \u00e1mbito local. La Lista N\u00b0 1 \u201cGerm\u00e1n Abdala\u201d est\u00e1 encabezada por Fernando Bojorge y Liliana Besadas, mientras que la Lista N\u00b0 6 la Multicolor est\u00e1 liderada por Ariel Chacar y Gustavo Resqu\u00edn.<\/p>\n<p>La elecci\u00f3n ser\u00e1 desde las primeras horas de la ma\u00f1ana hasta la tarde, de 8 a 18 horas. Quienes est\u00e9n empadronados por su afiliaci\u00f3n tendr\u00e1n a disposici\u00f3n seis mesas para votar \u2013 cuatro en Mercedes, una en Navarro y otra en Suipacha. Las cuatro mesas de Mercedes estar\u00e1n en la sede del gremio CTA y al lado, donde est\u00e1 la sede de ATE, en la esquina de las avenidas 17 y 30.<\/p>\n<p>Mientras que en Navarro la mesa estar\u00e1 en la sede local de ATE, al igual que en Suipcha donde la sede de la Asociaci\u00f3n de Trabajadores Estatales recibir\u00e1 a los afiliados que quieran votar.<\/p>\n","protected":false},"excerpt":{"rendered":"<p>Este 8 de agosto se llevar\u00e1n adelante las elecciones de la CTA Aut\u00f3noma. Cuatro mesas habr\u00e1 para votar entre las &#8230; <a title=\"Este mi\u00e9rcoles hay elecciones en CTA Aut\u00f3noma\" class=\"read-more\" href=\"https:\/\/www.hoymercedes.com.ar\/principal\/2018\/08\/07\/este-miercoles-hay-elecciones-en-cta-autonoma\/\" aria-label=\"Leer m\u00e1s sobre Este mi\u00e9rcoles hay elecciones en CTA Aut\u00f3noma\">Leer m\u00e1s<\/a><\/p>\n","protected":false},"author":1,"featured_media":79581,"comment_status":"closed","ping_status":"open","sticky":false,"template":"","format":"standard","meta":{"_monsterinsights_skip_tracking":false,"_monsterinsights_sitenote_active":false,"_monsterinsights_sitenote_note":"","_monsterinsights_sitenote_category":0,"jetpack_post_was_ever_published":false,"_jetpack_newsletter_access":"","_jetpack_dont_email_post_to_subs":false,"_jetpack_newsletter_tier_id":0,"_jetpack_memberships_contains_paywalled_content":false,"_jetpack_memberships_contains_paid_content":false,"footnotes":"","jetpack_publicize_message":"","jetpack_publicize_feature_enabled":true,"jetpack_social_post_already_shared":true,"jetpack_social_options":{"image_generator_settings":{"template":"highway","default_image_id":0,"font":"","enabled":false},"version":2},"_wpas_customize_per_network":false},"categories":[10563],"tags":[10059,9142,8799,1443],"class_list":["post-79580","post","type-post","status-publish","format-standard","has-post-thumbnail","hentry","category-gremios-sindicatos","tag-cta-autonoma","tag-elecciones","tag-gremios","tag-sindicatos","generate-columns","tablet-grid-50","mobile-grid-100","grid-parent","grid-50"],"jetpack_publicize_connections":[],"jetpack_featured_media_url":"https:\/\/www.hoymercedes.com.ar\/principal\/wp-content\/uploads\/2018\/08\/07-CTA-elecciones.jpg","wps_subtitle":"Dos listas en competencia","jetpack_sharing_enabled":true,"jetpack-related-posts":[{"id":88856,"url":"https:\/\/www.hoymercedes.com.ar\/principal\/2019\/03\/01\/cta-autonoma-organiza-mesa-debate-y-reflexion-sobre-genero-e-igualdad\/","url_meta":{"origin":79580,"position":0},"title":"CTA Aut\u00f3noma organiza mesa debate y reflexi\u00f3n sobre g\u00e9nero e igualdad","author":"hoymercedes","date":"1 marzo, 2019","format":false,"excerpt":"Desde la Secretaria de G\u00e9nero e Igualdad de oportunidades de CTA Aut\u00f3noma Mercedes anunciaron que el d\u00eda 6 de marzo, 18 horas, realizar\u00e1 una mesa de debate y reflexi\u00f3n en conmemoraci\u00f3n del 8 de marzo, D\u00eda internacional de la Mujer Trabajadora. En la sede de la CTA Aut\u00f3noma de la\u2026","rel":"","context":"En \u00abGremios - Sindicatos\u00bb","block_context":{"text":"Gremios - Sindicatos","link":"https:\/\/www.hoymercedes.com.ar\/principal\/category\/gremios-sindicatos\/"},"img":{"alt_text":"","src":"https:\/\/i0.wp.com\/www.hoymercedes.com.ar\/principal\/wp-content\/uploads\/2019\/03\/01-CTA-mujer.jpg?resize=350%2C200&ssl=1","width":350,"height":200,"srcset":"https:\/\/i0.wp.com\/www.hoymercedes.com.ar\/principal\/wp-content\/uploads\/2019\/03\/01-CTA-mujer.jpg?resize=350%2C200&ssl=1 1x, https:\/\/i0.wp.com\/www.hoymercedes.com.ar\/principal\/wp-content\/uploads\/2019\/03\/01-CTA-mujer.jpg?resize=525%2C300&ssl=1 1.5x"},"classes":[]},{"id":164094,"url":"https:\/\/www.hoymercedes.com.ar\/principal\/2023\/07\/03\/reclamaron-justicia-por-sandra-y-ruben\/","url_meta":{"origin":79580,"position":1},"title":"Reclamaron Justicia por Sandra y Rub\u00e9n","author":"hoymercedes","date":"3 julio, 2023","format":false,"excerpt":"En la ma\u00f1ana de este lunes, la plaza San Mart\u00edn frente al Palacio de Tribunales fue el escencario en el que representantes de gremios docentes y movimientos sociales de Moreno y la regi\u00f3n se hicieron presentes con el objetivo de reclamar Justicia por Sandra y Rub\u00e9n. Familiares de Sandra Calamano\u2026","rel":"","context":"En \u00abGremios - Sindicatos\u00bb","block_context":{"text":"Gremios - Sindicatos","link":"https:\/\/www.hoymercedes.com.ar\/principal\/category\/gremios-sindicatos\/"},"img":{"alt_text":"","src":"https:\/\/i0.wp.com\/www.hoymercedes.com.ar\/principal\/wp-content\/uploads\/2023\/07\/IMG_20230703_113115233_BURST000_COVER_copy_800x533.jpg?resize=350%2C200&ssl=1","width":350,"height":200,"srcset":"https:\/\/i0.wp.com\/www.hoymercedes.com.ar\/principal\/wp-content\/uploads\/2023\/07\/IMG_20230703_113115233_BURST000_COVER_copy_800x533.jpg?resize=350%2C200&ssl=1 1x, https:\/\/i0.wp.com\/www.hoymercedes.com.ar\/principal\/wp-content\/uploads\/2023\/07\/IMG_20230703_113115233_BURST000_COVER_copy_800x533.jpg?resize=525%2C300&ssl=1 1.5x, https:\/\/i0.wp.com\/www.hoymercedes.com.ar\/principal\/wp-content\/uploads\/2023\/07\/IMG_20230703_113115233_BURST000_COVER_copy_800x533.jpg?resize=700%2C400&ssl=1 2x"},"classes":[]},{"id":33418,"url":"https:\/\/www.hoymercedes.com.ar\/principal\/2014\/05\/29\/fernando-bojorge-por-amplio-margen-gano-elecciones-cta-mercedes\/","url_meta":{"origin":79580,"position":2},"title":"Fernando Bojorge por amplio margen gan\u00f3 elecciones CTA Mercedes","author":"hoymercedes","date":"29 mayo, 2014","format":false,"excerpt":"Las elecciones se realizaron \u00e9ste jueves. Dos listas se presentaron a la votaci\u00f3n que permit\u00eda elegir las autoridades locales de la CTA. Votaron 362 sufragantes dieron el marco electivo. La Lista 1, encabezada por Fernando Bojorge, se impuso a la Lista 3 que llevaba como cabeza a Julio Sena. Logr\u00f3\u2026","rel":"","context":"En \u00abSociedad\u00bb","block_context":{"text":"Sociedad","link":"https:\/\/www.hoymercedes.com.ar\/principal\/category\/sociedad\/"},"img":{"alt_text":"fernandobojorge","src":"https:\/\/i0.wp.com\/www.hoymercedes.com.ar\/principal\/wp-content\/uploads\/2014\/05\/fernandobojorge.jpg?resize=350%2C200","width":350,"height":200,"srcset":"https:\/\/i0.wp.com\/www.hoymercedes.com.ar\/principal\/wp-content\/uploads\/2014\/05\/fernandobojorge.jpg?resize=350%2C200 1x, https:\/\/i0.wp.com\/www.hoymercedes.com.ar\/principal\/wp-content\/uploads\/2014\/05\/fernandobojorge.jpg?resize=525%2C300 1.5x"},"classes":[]},{"id":92360,"url":"https:\/\/www.hoymercedes.com.ar\/principal\/2019\/05\/04\/la-agrupacion-naranja-de-ata-mercedes-en-la-marcha-del-30-de-abril\/","url_meta":{"origin":79580,"position":3},"title":"La agrupaci\u00f3n Naranja de ATA Mercedes en la marcha del 30 de abril","author":"hoymercedes","date":"4 mayo, 2019","format":false,"excerpt":"Los candidatos a delegados de ATE Educaci\u00f3n que integran la lista naranja, se hicieron presentes en la marcha del martes pasado en donde se encolumnaron detr\u00e1s de las agrupaciones pol\u00edticas relacionadas al sindicalismo combativo. \"Junto a miles de trabajadores, los compa\u00f1eros que integran la lista para delegados de educaci\u00f3n y\u2026","rel":"","context":"En \u00abGremios - Sindicatos\u00bb","block_context":{"text":"Gremios - Sindicatos","link":"https:\/\/www.hoymercedes.com.ar\/principal\/category\/gremios-sindicatos\/"},"img":{"alt_text":"","src":"https:\/\/i0.wp.com\/www.hoymercedes.com.ar\/principal\/wp-content\/uploads\/2019\/05\/04-ATE-PO.jpg?resize=350%2C200&ssl=1","width":350,"height":200,"srcset":"https:\/\/i0.wp.com\/www.hoymercedes.com.ar\/principal\/wp-content\/uploads\/2019\/05\/04-ATE-PO.jpg?resize=350%2C200&ssl=1 1x, https:\/\/i0.wp.com\/www.hoymercedes.com.ar\/principal\/wp-content\/uploads\/2019\/05\/04-ATE-PO.jpg?resize=525%2C300&ssl=1 1.5x, https:\/\/i0.wp.com\/www.hoymercedes.com.ar\/principal\/wp-content\/uploads\/2019\/05\/04-ATE-PO.jpg?resize=700%2C400&ssl=1 2x"},"classes":[]},{"id":9527,"url":"https:\/\/www.hoymercedes.com.ar\/principal\/2011\/12\/02\/asumen-las-nuevas-autoridades-de-cta-mercedes\/","url_meta":{"origin":79580,"position":4},"title":"Asumen las nuevas autoridades de CTA Mercedes","author":"hoymercedes","date":"2 diciembre, 2011","format":false,"excerpt":"Ser\u00e1 a partir de las 18.00 en la nueva sede de calles 14 entre 31 y 33. El acto contar\u00e1 con la presencia del Secretario General de la CTA Provincia de Buenos Aires Roberto Baradel (SUTEBA) y los Secretarios Adjuntos Daniel P\u00e9rez Guill\u00e9n (AJB) y Alejandro Alessandrini (ATE) Hoy en\u2026","rel":"","context":"En \u00abSociedad\u00bb","block_context":{"text":"Sociedad","link":"https:\/\/www.hoymercedes.com.ar\/principal\/category\/sociedad\/"},"img":{"alt_text":"","src":"","width":0,"height":0},"classes":[]},{"id":148384,"url":"https:\/\/www.hoymercedes.com.ar\/principal\/2022\/05\/23\/martes-24-habra-paro-de-ate\/","url_meta":{"origin":79580,"position":5},"title":"Martes 24 habr\u00e1 paro de ATE","author":"hoymercedes","date":"23 mayo, 2022","format":false,"excerpt":"La Asociaci\u00f3n de Trabajadores del Estado (ATE) anunci\u00f3 una jornada de \"lucha con paro y movilizaci\u00f3n\". El motivo es el reclamo para que \"el FMI est\u00e9 fuera de la Argentina\". El paro de actividades ser\u00e1 este martes 24 de mayo junto a CTA Aut\u00f3noma. A ra\u00edz del paro convocado por\u2026","rel":"","context":"En \u00abGremios - Sindicatos\u00bb","block_context":{"text":"Gremios - Sindicatos","link":"https:\/\/www.hoymercedes.com.ar\/principal\/category\/gremios-sindicatos\/"},"img":{"alt_text":"","src":"https:\/\/i0.wp.com\/www.hoymercedes.com.ar\/principal\/wp-content\/uploads\/2022\/05\/WhatsApp-Image-2022-05-23-at-10.29.57-PM-e1653356074351.jpeg?resize=350%2C200&ssl=1","width":350,"height":200,"srcset":"https:\/\/i0.wp.com\/www.hoymercedes.com.ar\/principal\/wp-content\/uploads\/2022\/05\/WhatsApp-Image-2022-05-23-at-10.29.57-PM-e1653356074351.jpeg?resize=350%2C200&ssl=1 1x, https:\/\/i0.wp.com\/www.hoymercedes.com.ar\/principal\/wp-content\/uploads\/2022\/05\/WhatsApp-Image-2022-05-23-at-10.29.57-PM-e1653356074351.jpeg?resize=525%2C300&ssl=1 1.5x, https:\/\/i0.wp.com\/www.hoymercedes.com.ar\/principal\/wp-content\/uploads\/2022\/05\/WhatsApp-Image-2022-05-23-at-10.29.57-PM-e1653356074351.jpeg?resize=700%2C400&ssl=1 2x"},"classes":[]}],"_links":{"self":[{"href":"https:\/\/www.hoymercedes.com.ar\/principal\/wp-json\/wp\/v2\/posts\/79580","targetHints":{"allow":["GET"]}}],"collection":[{"href":"https:\/\/www.hoymercedes.com.ar\/principal\/wp-json\/wp\/v2\/posts"}],"about":[{"href":"https:\/\/www.hoymercedes.com.ar\/principal\/wp-json\/wp\/v2\/types\/post"}],"author":[{"embeddable":true,"href":"https:\/\/www.hoymercedes.com.ar\/principal\/wp-json\/wp\/v2\/users\/1"}],"replies":[{"embeddable":true,"href":"https:\/\/www.hoymercedes.com.ar\/principal\/wp-json\/wp\/v2\/comments?post=79580"}],"version-history":[{"count":0,"href":"https:\/\/www.hoymercedes.com.ar\/principal\/wp-json\/wp\/v2\/posts\/79580\/revisions"}],"wp:featuredmedia":[{"embeddable":true,"href":"https:\/\/www.hoymercedes.com.ar\/principal\/wp-json\/wp\/v2\/media\/79581"}],"wp:attachment":[{"href":"https:\/\/www.hoymercedes.com.ar\/principal\/wp-json\/wp\/v2\/media?parent=79580"}],"wp:term":[{"taxonomy":"category","embeddable":true,"href":"https:\/\/www.hoymercedes.com.ar\/principal\/wp-json\/wp\/v2\/categories?post=79580"},{"taxonomy":"post_tag","embeddable":true,"href":"https:\/\/www.hoymercedes.com.ar\/principal\/wp-json\/wp\/v2\/tags?post=79580"}],"curies":[{"name":"wp","href":"https:\/\/api.w.org\/{rel}","templated":true}]}}