{"id":79585,"date":"2018-08-10T17:54:48","date_gmt":"2018-08-10T20:54:48","guid":{"rendered":"http:\/\/www.hoymercedes.com.ar\/principal\/?p=79585"},"modified":"2018-08-08T15:12:45","modified_gmt":"2018-08-08T18:12:45","slug":"matias-silvestre-paso-a-prestamo-al-empoli","status":"publish","type":"post","link":"https:\/\/www.hoymercedes.com.ar\/principal\/2018\/08\/10\/matias-silvestre-paso-a-prestamo-al-empoli\/","title":{"rendered":"Mat\u00edas Silvestre pas\u00f3 a pr\u00e9stamo al Empoli"},"content":{"rendered":"<p dir=\"ltr\" data-placeholder=\"Traducci\u00f3n\">El defensor Mat\u00edas Silvestre pas\u00f3 de la Sampdoria al Empoli. El jugador firm\u00f3 por un a\u00f1o con opci\u00f3n de compra para la pr\u00f3xima temporada en caso de que su nuevo club se mantenga en la Serie A y ya pas\u00f3 los ex\u00e1menes m\u00e9dicos.<\/p>\n<p dir=\"ltr\" data-placeholder=\"Traducci\u00f3n\"><img loading=\"lazy\" decoding=\"async\" data-attachment-id=\"79586\" data-permalink=\"https:\/\/www.hoymercedes.com.ar\/principal\/2018\/08\/10\/matias-silvestre-paso-a-prestamo-al-empoli\/matias-silvestre-empoli\/#main\" data-orig-file=\"https:\/\/www.hoymercedes.com.ar\/principal\/wp-content\/uploads\/2018\/08\/Matias-Silvestre-Empoli.jpg\" data-orig-size=\"1200,670\" data-comments-opened=\"0\" data-image-meta=\"{&quot;aperture&quot;:&quot;0&quot;,&quot;credit&quot;:&quot;&quot;,&quot;camera&quot;:&quot;&quot;,&quot;caption&quot;:&quot;&quot;,&quot;created_timestamp&quot;:&quot;0&quot;,&quot;copyright&quot;:&quot;&quot;,&quot;focal_length&quot;:&quot;0&quot;,&quot;iso&quot;:&quot;0&quot;,&quot;shutter_speed&quot;:&quot;0&quot;,&quot;title&quot;:&quot;&quot;,&quot;orientation&quot;:&quot;0&quot;}\" data-image-title=\"Matias Silvestre Empoli\" data-image-description=\"\" data-image-caption=\"\" data-large-file=\"https:\/\/www.hoymercedes.com.ar\/principal\/wp-content\/uploads\/2018\/08\/Matias-Silvestre-Empoli-1024x572.jpg\" class=\"aligncenter size-medium wp-image-79586\" src=\"https:\/\/www.hoymercedes.com.ar\/principal\/wp-content\/uploads\/2018\/08\/Matias-Silvestre-Empoli-630x352.jpg\" alt=\"\" width=\"630\" height=\"352\" srcset=\"https:\/\/www.hoymercedes.com.ar\/principal\/wp-content\/uploads\/2018\/08\/Matias-Silvestre-Empoli-630x352.jpg 630w, https:\/\/www.hoymercedes.com.ar\/principal\/wp-content\/uploads\/2018\/08\/Matias-Silvestre-Empoli-150x84.jpg 150w, https:\/\/www.hoymercedes.com.ar\/principal\/wp-content\/uploads\/2018\/08\/Matias-Silvestre-Empoli-1024x572.jpg 1024w, https:\/\/www.hoymercedes.com.ar\/principal\/wp-content\/uploads\/2018\/08\/Matias-Silvestre-Empoli.jpg 1200w\" sizes=\"auto, (max-width: 630px) 100vw, 630px\" \/><\/p>\n<p dir=\"ltr\" data-placeholder=\"Traducci\u00f3n\">El ex Boca, que cumplir\u00e1 32 a\u00f1os el pr\u00f3ximo 25 de septiembre, arrib\u00f3 a su sexto club en Italia, luego de llegar en 2008 a Catania y pasar por Palermo, Inter, Milan y Sampdoria, donde estuvo en los \u00faltimos cuatro a\u00f1os.<\/p>\n","protected":false},"excerpt":{"rendered":"<p>El defensor Mat\u00edas Silvestre pas\u00f3 de la Sampdoria al Empoli. El jugador firm\u00f3 por un a\u00f1o con opci\u00f3n de compra &#8230; <a title=\"Mat\u00edas Silvestre pas\u00f3 a pr\u00e9stamo al Empoli\" class=\"read-more\" href=\"https:\/\/www.hoymercedes.com.ar\/principal\/2018\/08\/10\/matias-silvestre-paso-a-prestamo-al-empoli\/\" aria-label=\"Leer m\u00e1s sobre Mat\u00edas Silvestre pas\u00f3 a pr\u00e9stamo al Empoli\">Leer m\u00e1s<\/a><\/p>\n","protected":false},"author":1,"featured_media":79586,"comment_status":"closed","ping_status":"open","sticky":false,"template":"","format":"standard","meta":{"_monsterinsights_skip_tracking":false,"_monsterinsights_sitenote_active":false,"_monsterinsights_sitenote_note":"","_monsterinsights_sitenote_category":0,"jetpack_post_was_ever_published":false,"_jetpack_newsletter_access":"","_jetpack_dont_email_post_to_subs":false,"_jetpack_newsletter_tier_id":0,"_jetpack_memberships_contains_paywalled_content":false,"_jetpack_memberships_contains_paid_content":false,"footnotes":"","jetpack_publicize_message":"","jetpack_publicize_feature_enabled":true,"jetpack_social_post_already_shared":true,"jetpack_social_options":{"image_generator_settings":{"template":"highway","default_image_id":0,"font":"","enabled":false},"version":2},"_wpas_customize_per_network":false},"categories":[21],"tags":[204,13572,10510,7582,753],"class_list":["post-79585","post","type-post","status-publish","format-standard","has-post-thumbnail","hentry","category-deportes","tag-deportes-2","tag-empoli","tag-futbol-internacional","tag-la-legion","tag-matias-silvestre","generate-columns","tablet-grid-50","mobile-grid-100","grid-parent","grid-50"],"jetpack_publicize_connections":[],"jetpack_featured_media_url":"https:\/\/www.hoymercedes.com.ar\/principal\/wp-content\/uploads\/2018\/08\/Matias-Silvestre-Empoli.jpg","wps_subtitle":"La Legi\u00f3n","jetpack_sharing_enabled":true,"_links":{"self":[{"href":"https:\/\/www.hoymercedes.com.ar\/principal\/wp-json\/wp\/v2\/posts\/79585","targetHints":{"allow":["GET"]}}],"collection":[{"href":"https:\/\/www.hoymercedes.com.ar\/principal\/wp-json\/wp\/v2\/posts"}],"about":[{"href":"https:\/\/www.hoymercedes.com.ar\/principal\/wp-json\/wp\/v2\/types\/post"}],"author":[{"embeddable":true,"href":"https:\/\/www.hoymercedes.com.ar\/principal\/wp-json\/wp\/v2\/users\/1"}],"replies":[{"embeddable":true,"href":"https:\/\/www.hoymercedes.com.ar\/principal\/wp-json\/wp\/v2\/comments?post=79585"}],"version-history":[{"count":0,"href":"https:\/\/www.hoymercedes.com.ar\/principal\/wp-json\/wp\/v2\/posts\/79585\/revisions"}],"wp:featuredmedia":[{"embeddable":true,"href":"https:\/\/www.hoymercedes.com.ar\/principal\/wp-json\/wp\/v2\/media\/79586"}],"wp:attachment":[{"href":"https:\/\/www.hoymercedes.com.ar\/principal\/wp-json\/wp\/v2\/media?parent=79585"}],"wp:term":[{"taxonomy":"category","embeddable":true,"href":"https:\/\/www.hoymercedes.com.ar\/principal\/wp-json\/wp\/v2\/categories?post=79585"},{"taxonomy":"post_tag","embeddable":true,"href":"https:\/\/www.hoymercedes.com.ar\/principal\/wp-json\/wp\/v2\/tags?post=79585"}],"curies":[{"name":"wp","href":"https:\/\/api.w.org\/{rel}","templated":true}]}}