{"id":79601,"date":"2018-08-08T19:22:39","date_gmt":"2018-08-08T22:22:39","guid":{"rendered":"http:\/\/www.hoymercedes.com.ar\/principal\/?p=79601"},"modified":"2018-08-08T19:22:39","modified_gmt":"2018-08-08T22:22:39","slug":"el-diputado-selva-pide-transparentar-el-mercado-del-sector-lechero","status":"publish","type":"post","link":"https:\/\/www.hoymercedes.com.ar\/principal\/2018\/08\/08\/el-diputado-selva-pide-transparentar-el-mercado-del-sector-lechero\/","title":{"rendered":"El diputado Selva pide \u201ctransparentar el mercado\u201d del sector lechero"},"content":{"rendered":"<p><em><strong>El Diputado Carlos Selva pidi\u00f3 dar \u201cpreponderancia en la fijaci\u00f3n de precios a quienes inician la cadena productiva de la actividad lechera\u201d, y dijo que \u201cse trata de un sector clave en el sistema agropecuario argentino\u201d. Se reuni\u00f3 con tamberos de Suipacha y Mercedes.<\/strong><\/em><\/p>\n<p><!--more--><\/p>\n<p>Luego de que en el d\u00eda de ayer se reuniera con tamberos de la regi\u00f3n de Mercedes y Suipacha, que le manifestaran su preocupaci\u00f3n por la dif\u00edcil situaci\u00f3n que atraviesa el sector y que no encuentran respuestas por parte del Gobierno Nacional, el diputado nacional Carlos Selva se manifest\u00f3 al respecto.<\/p>\n<p>\u201cEn nuestro pa\u00eds, en los \u00faltimos a\u00f1os, el n\u00famero de tambos en actividad pas\u00f3 de 13 mil a 9 mil, lo que denota un riesgo para la subsistencia de la actividad que enfrenta hoy una crisis alarmante, y para las miles de familias que dependen de la misma para su subsistencia. Dentro de las preocupaciones manifestadas surge que hoy el Gobierno Nacional no ve a los tambos como unidades productivas de desarrollo, sino como meras unidades econ\u00f3micas, lo que no permite avanzar en otorgar estabilidad, rentabilidad y sustentabilidad al sector\u201d, dijo Selva.<\/p>\n<p>Asimismo, expuso la imposibilidad de previsi\u00f3n de la actividad lechera, \u201cque tiene consonancia con la p\u00e9rdida de los mercados de exportaci\u00f3n\u201d, y \u201cderiva en que una vez que la leche sale del tambo, el productor ni siquiera pueda saber cu\u00e1l va a ser el precio de g\u00f3ndola\u201d: \u201cHoy el litro de leche al tambero se paga $ 6,30, y se vende en los supermercados a m\u00e1s de treinta pesos\u201d, afirm\u00f3 Selva.<\/p>\n<p>El diputado cuestion\u00f3 que el sector tambi\u00e9n atraviesa fuertes dificultades en torno a los costos, ya que los insumos que se utilizan para llevar adelante la actividad, est\u00e1n referenciados en d\u00f3lares y la leche cruda que sale del tambo se abona en pesos. \u201cA esta situaci\u00f3n se suma el traslado a los productores de todas las problem\u00e1ticas de comercializaci\u00f3n y de seguridad, sin posibilidad de poder intervenir en la fijaci\u00f3n de los precios. Las diferencias de competitividad entre las empresas y la ausencia de una clara pol\u00edtica institucional en el manejo de excedentes de consumo (v\u00eda exportaci\u00f3n) fue provocando una crisis de oferta y demanda, tornando imposible sostener precios adecuados en el mercado dom\u00e9stico, y, por ende, en el precio de la leche pagada al productor\u201d, explic\u00f3 Selva.<\/p>\n<p>\u201cLos vaivenes de los precios generan poca o nula rentabilidad y fuertes p\u00e9rdidas al conjunto de la cadena, en la que los principales perjudicados son los productores primarios. Por todo esto, es inminente la necesidad de transparentar el mercado, dando una preponderancia en la fijaci\u00f3n de precios a quienes inician la cadena productiva de la actividad lechera, teniendo en cuenta que se trata de un sector clave en el sistema agropecuario argentino\u201d, complet\u00f3 el diputado.<\/p>\n<p>Fuente: web Carlos Selva<\/p>\n","protected":false},"excerpt":{"rendered":"<p>El Diputado Carlos Selva pidi\u00f3 dar \u201cpreponderancia en la fijaci\u00f3n de precios a quienes inician la cadena productiva de la &#8230; <a title=\"El diputado Selva pide \u201ctransparentar el mercado\u201d del sector lechero\" class=\"read-more\" href=\"https:\/\/www.hoymercedes.com.ar\/principal\/2018\/08\/08\/el-diputado-selva-pide-transparentar-el-mercado-del-sector-lechero\/\" aria-label=\"Leer m\u00e1s sobre El diputado Selva pide \u201ctransparentar el mercado\u201d del sector lechero\">Leer m\u00e1s<\/a><\/p>\n","protected":false},"author":1,"featured_media":73435,"comment_status":"closed","ping_status":"open","sticky":false,"template":"","format":"standard","meta":{"_monsterinsights_skip_tracking":false,"_monsterinsights_sitenote_active":false,"_monsterinsights_sitenote_note":"","_monsterinsights_sitenote_category":0,"jetpack_post_was_ever_published":false,"_jetpack_newsletter_access":"","_jetpack_dont_email_post_to_subs":false,"_jetpack_newsletter_tier_id":0,"_jetpack_memberships_contains_paywalled_content":false,"_jetpack_memberships_contains_paid_content":false,"footnotes":"","jetpack_publicize_message":"","jetpack_publicize_feature_enabled":true,"jetpack_social_post_already_shared":true,"jetpack_social_options":{"image_generator_settings":{"template":"highway","default_image_id":0,"font":"","enabled":false},"version":2},"_wpas_customize_per_network":false},"categories":[5210],"tags":[39,13576,7500,10113],"class_list":["post-79601","post","type-post","status-publish","format-standard","has-post-thumbnail","hentry","category-politica-nacional","tag-carlos-selva","tag-crisis-sector-lechero","tag-diputado-nacional","tag-politica-nacional","generate-columns","tablet-grid-50","mobile-grid-100","grid-parent","grid-50"],"jetpack_publicize_connections":[],"jetpack_featured_media_url":"https:\/\/www.hoymercedes.com.ar\/principal\/wp-content\/uploads\/2018\/03\/13-Carlos-Selva.jpg","wps_subtitle":"Crisis en el sector","jetpack_sharing_enabled":true,"jetpack-related-posts":[{"id":52956,"url":"https:\/\/www.hoymercedes.com.ar\/principal\/2016\/07\/28\/diputados-proponen-sostener-el-sector-lechero-y-tambero\/","url_meta":{"origin":79601,"position":0},"title":"Diputados proponen sostener el sector lechero y tambero","author":"hoymercedes","date":"28 julio, 2016","format":false,"excerpt":"Los Diputados del GEN, el Partido Socialista y del\u00a0Frente Renovador, \u00a0entre ellos el mercedino Carlos Selva, presentaron en la tarde del mi\u00e9rcoles \u00faltimo una iniciativa que busca fortalecer la sustentabilidad del sector lechero.\u00a0Los\u00a0proyectos de ley apuntan a garantizar que el precio por libro de leche que reciban los tamberos sea\u2026","rel":"","context":"En \u00abPol\u00edtica Nacional\u00bb","block_context":{"text":"Pol\u00edtica Nacional","link":"https:\/\/www.hoymercedes.com.ar\/principal\/category\/politica-nacional\/"},"img":{"alt_text":"","src":"https:\/\/i0.wp.com\/www.hoymercedes.com.ar\/principal\/wp-content\/uploads\/2016\/07\/28-selva-lecheriaaa.jpg?resize=350%2C200&ssl=1","width":350,"height":200},"classes":[]},{"id":138869,"url":"https:\/\/www.hoymercedes.com.ar\/principal\/2021\/10\/19\/selva-destaco-decision-del-gobernador-de-avanzar-en-ciencia-y-tecnologia\/","url_meta":{"origin":79601,"position":1},"title":"Selva destac\u00f3 decisi\u00f3n del gobernador de \u201cavanzar en ciencia y tecnolog\u00eda\u201d","author":"hoymercedes","date":"19 octubre, 2021","format":false,"excerpt":"El diputado nacional fue parte del acto de inauguraci\u00f3n este lunes por la tarde de la biof\u00e1brica en la Estaci\u00f3n Experimental de Gowland y manifest\u00f3 su satisfacci\u00f3n. Dialog\u00f3 largamente con Cristina Alvarez Rodriguez, tambi\u00e9n con el gobernador y con el ministro de Desarrollo Agrario. El diputado nacional Carlos Selva fue\u2026","rel":"","context":"En \u00abPol\u00edtica Nacional\u00bb","block_context":{"text":"Pol\u00edtica Nacional","link":"https:\/\/www.hoymercedes.com.ar\/principal\/category\/politica-nacional\/"},"img":{"alt_text":"","src":"https:\/\/i0.wp.com\/www.hoymercedes.com.ar\/principal\/wp-content\/uploads\/2021\/10\/selva-gowl.jpg?resize=350%2C200&ssl=1","width":350,"height":200,"srcset":"https:\/\/i0.wp.com\/www.hoymercedes.com.ar\/principal\/wp-content\/uploads\/2021\/10\/selva-gowl.jpg?resize=350%2C200&ssl=1 1x, https:\/\/i0.wp.com\/www.hoymercedes.com.ar\/principal\/wp-content\/uploads\/2021\/10\/selva-gowl.jpg?resize=525%2C300&ssl=1 1.5x, https:\/\/i0.wp.com\/www.hoymercedes.com.ar\/principal\/wp-content\/uploads\/2021\/10\/selva-gowl.jpg?resize=700%2C400&ssl=1 2x"},"classes":[]},{"id":129686,"url":"https:\/\/www.hoymercedes.com.ar\/principal\/2021\/05\/07\/alquileres-martilleros-se-reunieron-con-el-diputado-carlos-selva\/","url_meta":{"origin":79601,"position":2},"title":"Alquileres: Martilleros se reunieron con el diputado Carlos Selva","author":"hoymercedes","date":"7 mayo, 2021","format":false,"excerpt":"D\u00edas atr\u00e1s, en la C\u00e1mara de Diputados de la Naci\u00f3n, integrantes del Consejo Superior del Colegio de Martilleros de la Provincia de Buenos Aires, mantuvieron una reuni\u00f3n para tratar la problem\u00e1tica de las locaciones con los legisladores nacionales. Entre los participantes se encontraban el diputado nacional\u00a0Carlos Am\u00e9rico Selva (Frente de\u2026","rel":"","context":"En \u00abPol\u00edtica Nacional\u00bb","block_context":{"text":"Pol\u00edtica Nacional","link":"https:\/\/www.hoymercedes.com.ar\/principal\/category\/politica-nacional\/"},"img":{"alt_text":"","src":"https:\/\/i0.wp.com\/www.hoymercedes.com.ar\/principal\/wp-content\/uploads\/2021\/05\/07-selva-martilleros.jpg?resize=350%2C200&ssl=1","width":350,"height":200,"srcset":"https:\/\/i0.wp.com\/www.hoymercedes.com.ar\/principal\/wp-content\/uploads\/2021\/05\/07-selva-martilleros.jpg?resize=350%2C200&ssl=1 1x, https:\/\/i0.wp.com\/www.hoymercedes.com.ar\/principal\/wp-content\/uploads\/2021\/05\/07-selva-martilleros.jpg?resize=525%2C300&ssl=1 1.5x, https:\/\/i0.wp.com\/www.hoymercedes.com.ar\/principal\/wp-content\/uploads\/2021\/05\/07-selva-martilleros.jpg?resize=700%2C400&ssl=1 2x"},"classes":[]},{"id":124567,"url":"https:\/\/www.hoymercedes.com.ar\/principal\/2021\/02\/10\/diputado-selva-destaca-proyecto-para-modificar-ganancias-y-establecer-nuevo-piso\/","url_meta":{"origin":79601,"position":3},"title":"Diputado Selva destaca proyecto para modificar Ganancias y establecer nuevo piso","author":"hoymercedes","date":"10 febrero, 2021","format":false,"excerpt":"\u201cEs un proyecto que tiene ADN del Frente Renovador, y en este momento es una herramienta para cuidar el bolsillo y reactivar el consumo\u201d, destac\u00f3 el diputado\u00a0Carlos Selva, del bloque del Frente de Todos, sobre la iniciativa que Sergio Massa present\u00f3 desde el oficialismo para modificar el Impuesto a las\u2026","rel":"","context":"En \u00abPol\u00edtica Nacional\u00bb","block_context":{"text":"Pol\u00edtica Nacional","link":"https:\/\/www.hoymercedes.com.ar\/principal\/category\/politica-nacional\/"},"img":{"alt_text":"","src":"https:\/\/i0.wp.com\/www.hoymercedes.com.ar\/principal\/wp-content\/uploads\/2021\/02\/selva_max_res.jpg?resize=350%2C200&ssl=1","width":350,"height":200,"srcset":"https:\/\/i0.wp.com\/www.hoymercedes.com.ar\/principal\/wp-content\/uploads\/2021\/02\/selva_max_res.jpg?resize=350%2C200&ssl=1 1x, https:\/\/i0.wp.com\/www.hoymercedes.com.ar\/principal\/wp-content\/uploads\/2021\/02\/selva_max_res.jpg?resize=525%2C300&ssl=1 1.5x, https:\/\/i0.wp.com\/www.hoymercedes.com.ar\/principal\/wp-content\/uploads\/2021\/02\/selva_max_res.jpg?resize=700%2C400&ssl=1 2x"},"classes":[]},{"id":58048,"url":"https:\/\/www.hoymercedes.com.ar\/principal\/2016\/12\/14\/selva-en-informe-anual-sobre-economias-regionales\/","url_meta":{"origin":79601,"position":4},"title":"Selva en informe anual sobre econom\u00edas regionales","author":"hoymercedes","date":"14 diciembre, 2016","format":false,"excerpt":"La actividad en 2016 incluy\u00f3 reuniones con los sectores productivos de las diversas econom\u00edas del pa\u00eds y una importante cantidad de viajes. Un a\u00f1o fruct\u00edfero para el ex intendente de Mercedes como legislador nacional del Frente Renovador. El diputado nacional Carlos Selva fue parte este martes de la reuni\u00f3n de\u2026","rel":"","context":"En \u00abPol\u00edtica\u00bb","block_context":{"text":"Pol\u00edtica","link":"https:\/\/www.hoymercedes.com.ar\/principal\/category\/politica\/"},"img":{"alt_text":"","src":"https:\/\/i0.wp.com\/www.hoymercedes.com.ar\/principal\/wp-content\/uploads\/2016\/12\/selva-2.jpg?resize=350%2C200&ssl=1","width":350,"height":200},"classes":[]},{"id":127653,"url":"https:\/\/www.hoymercedes.com.ar\/principal\/2021\/04\/06\/selva-se-debe-repensar-la-organizacion-de-las-paso\/","url_meta":{"origin":79601,"position":5},"title":"Selva: \u00abSe debe repensar la organizaci\u00f3n de las PASO\u00bb","author":"hoymercedes","date":"6 abril, 2021","format":false,"excerpt":"El diputado nacional Carlos Selva no es ajeno a la discusi\u00f3n que se arm\u00f3, en torno a la inminente realizaci\u00f3n o no de las elecciones primarias en este contexto de pandemia. La semana pasada, en la ciudad de Mercedes, el propio gobernador Axel Kicillof durante su visita dijo que estas\u2026","rel":"","context":"En \u00abPol\u00edtica Nacional\u00bb","block_context":{"text":"Pol\u00edtica Nacional","link":"https:\/\/www.hoymercedes.com.ar\/principal\/category\/politica-nacional\/"},"img":{"alt_text":"","src":"https:\/\/i0.wp.com\/www.hoymercedes.com.ar\/principal\/wp-content\/uploads\/2021\/03\/selva_max_res-1.jpg?resize=350%2C200&ssl=1","width":350,"height":200,"srcset":"https:\/\/i0.wp.com\/www.hoymercedes.com.ar\/principal\/wp-content\/uploads\/2021\/03\/selva_max_res-1.jpg?resize=350%2C200&ssl=1 1x, https:\/\/i0.wp.com\/www.hoymercedes.com.ar\/principal\/wp-content\/uploads\/2021\/03\/selva_max_res-1.jpg?resize=525%2C300&ssl=1 1.5x, https:\/\/i0.wp.com\/www.hoymercedes.com.ar\/principal\/wp-content\/uploads\/2021\/03\/selva_max_res-1.jpg?resize=700%2C400&ssl=1 2x"},"classes":[]}],"_links":{"self":[{"href":"https:\/\/www.hoymercedes.com.ar\/principal\/wp-json\/wp\/v2\/posts\/79601","targetHints":{"allow":["GET"]}}],"collection":[{"href":"https:\/\/www.hoymercedes.com.ar\/principal\/wp-json\/wp\/v2\/posts"}],"about":[{"href":"https:\/\/www.hoymercedes.com.ar\/principal\/wp-json\/wp\/v2\/types\/post"}],"author":[{"embeddable":true,"href":"https:\/\/www.hoymercedes.com.ar\/principal\/wp-json\/wp\/v2\/users\/1"}],"replies":[{"embeddable":true,"href":"https:\/\/www.hoymercedes.com.ar\/principal\/wp-json\/wp\/v2\/comments?post=79601"}],"version-history":[{"count":0,"href":"https:\/\/www.hoymercedes.com.ar\/principal\/wp-json\/wp\/v2\/posts\/79601\/revisions"}],"wp:featuredmedia":[{"embeddable":true,"href":"https:\/\/www.hoymercedes.com.ar\/principal\/wp-json\/wp\/v2\/media\/73435"}],"wp:attachment":[{"href":"https:\/\/www.hoymercedes.com.ar\/principal\/wp-json\/wp\/v2\/media?parent=79601"}],"wp:term":[{"taxonomy":"category","embeddable":true,"href":"https:\/\/www.hoymercedes.com.ar\/principal\/wp-json\/wp\/v2\/categories?post=79601"},{"taxonomy":"post_tag","embeddable":true,"href":"https:\/\/www.hoymercedes.com.ar\/principal\/wp-json\/wp\/v2\/tags?post=79601"}],"curies":[{"name":"wp","href":"https:\/\/api.w.org\/{rel}","templated":true}]}}