{"id":79657,"date":"2018-08-11T09:26:10","date_gmt":"2018-08-11T12:26:10","guid":{"rendered":"http:\/\/www.hoymercedes.com.ar\/principal\/?p=79657"},"modified":"2018-08-11T00:33:45","modified_gmt":"2018-08-11T03:33:45","slug":"grandes-artistas-se-suman-a-la-cena-solidaria-de-todos-x-bomberos","status":"publish","type":"post","link":"https:\/\/www.hoymercedes.com.ar\/principal\/2018\/08\/11\/grandes-artistas-se-suman-a-la-cena-solidaria-de-todos-x-bomberos\/","title":{"rendered":"Grandes artistas se suman a la cena solidaria de \u201cTodos X Bomberos\u201d"},"content":{"rendered":"<p style=\"font-weight: 400;\">\n<p style=\"font-weight: 400;\">El pr\u00f3ximo 18 de agosto se realizar\u00e1 una cena solidaria para nuestros bomberos. Grandes artistas estar\u00e1n sobre el escenario. La esperanza est\u00e1 puesta en lograr que 1000 vecinos sean parte. Tras un nuevo encuentro con el jefe comunal Juan Ignacio Ustarroz y recibir apoyo a trav\u00e9s de un cheque con el aporte de los mercedinos el presidente de la cooperadora de los Bomberos Voluntarios, Pedro Di Cecco, reiter\u00f3 la invitaci\u00f3n a todos los vecinos a sumarse y colaborar.<\/p>\n<p style=\"font-weight: 400;\">Oscar Rosello, Lucas Maidana, Tren Misterioso y La Clave ser\u00e1n parte de la cena solidaria que la Municipalidad de Mercedes y los Bomberos Voluntarios est\u00e1n preparando para el pr\u00f3ximo 18 de agosto en el CEF N\u00aa40 de calle 30 entre 43 y 45.<\/p>\n<p style=\"font-weight: 400;\">Bajo la consigna \u201cTodos por Bomberos\u201d se busca recaudar fondos para aportar a la querida instituci\u00f3n en momentos en que est\u00e1 padeciendo un fuerte ajuste tras la decisi\u00f3n del gobierno nacional de no otorgarles el presupuesto que les corresponde por ley y que proviene de un porcentaje destinado desde las p\u00f3lizas de seguro de las distintas compa\u00f1\u00edas del pa\u00eds. Fue por ello que el pasado 2 de agosto fueron parte de la movilizaci\u00f3n que se realiz\u00f3 al Congreso de la Naci\u00f3n.<\/p>\n<p style=\"font-weight: 400;\">\u201cPara nosotros es un orgullo realizar actividades con ellos, pero tambi\u00e9n una obligaci\u00f3n\u201d narr\u00f3 el intendente.<\/p>\n<p style=\"font-weight: 400;\">En esta ocasi\u00f3n el jefe comunal entreg\u00f3 un nuevo aporte dinerario para apoyar a la instituci\u00f3n, mientras que se reiter\u00f3 la invitaci\u00f3n a que seamos solidarios con nuestra respetada y querida instituci\u00f3n.<\/p>\n<p style=\"font-weight: 400;\">La noche, que se desea sea un \u00e9xito y exprese lo mejor de nuestra solidaridad, estar\u00e1 amenizada por grandes artistas, como lo son Oscar Rosello, Lucas Maidana, Tren Misterioso y La Clave.<\/p>\n<p style=\"font-weight: 400;\"><strong>Cena solidaria<\/strong><\/p>\n<p style=\"font-weight: 400;\">La cita ser\u00e1 el pr\u00f3ximo 18 de agosto en el Centro de Educaci\u00f3n F\u00edsica N\u00b040 de calle 30 entre 43 y 45, donde se espera recibir a mil vecinos generosos que deseen aportar con una tarjeta en una nueva cena solidaria promovida desde la Municipalidad de Mercedes. La tarjeta tiene un valor muy accesible, de $250, y se deber\u00e1 llevar cubiertos.<\/p>\n<p><span class=\"embed-youtube\" style=\"text-align:center; display: block;\"><iframe loading=\"lazy\" class=\"youtube-player\" width=\"1200\" height=\"675\" src=\"https:\/\/www.youtube.com\/embed\/8CFJao_Sfk4?version=3&#038;rel=1&#038;showsearch=0&#038;showinfo=1&#038;iv_load_policy=1&#038;fs=1&#038;hl=es-ES&#038;autohide=2&#038;wmode=transparent\" allowfullscreen=\"true\" style=\"border:0;\" sandbox=\"allow-scripts allow-same-origin allow-popups allow-presentation allow-popups-to-escape-sandbox\"><\/iframe><\/span><\/p>\n<p>&nbsp;<\/p>\n<p><span class=\"embed-youtube\" style=\"text-align:center; display: block;\"><iframe loading=\"lazy\" class=\"youtube-player\" width=\"1200\" height=\"675\" src=\"https:\/\/www.youtube.com\/embed\/z6eW15Nr7A0?version=3&#038;rel=1&#038;showsearch=0&#038;showinfo=1&#038;iv_load_policy=1&#038;fs=1&#038;hl=es-ES&#038;autohide=2&#038;wmode=transparent\" allowfullscreen=\"true\" style=\"border:0;\" sandbox=\"allow-scripts allow-same-origin allow-popups allow-presentation allow-popups-to-escape-sandbox\"><\/iframe><\/span><\/p>\n<p><span class=\"embed-youtube\" style=\"text-align:center; display: block;\"><iframe loading=\"lazy\" class=\"youtube-player\" width=\"1200\" height=\"675\" src=\"https:\/\/www.youtube.com\/embed\/skPd5hINZYs?version=3&#038;rel=1&#038;showsearch=0&#038;showinfo=1&#038;iv_load_policy=1&#038;fs=1&#038;hl=es-ES&#038;autohide=2&#038;wmode=transparent\" allowfullscreen=\"true\" style=\"border:0;\" sandbox=\"allow-scripts allow-same-origin allow-popups allow-presentation allow-popups-to-escape-sandbox\"><\/iframe><\/span><\/p>\n<p><span class=\"embed-youtube\" style=\"text-align:center; display: block;\"><iframe loading=\"lazy\" class=\"youtube-player\" width=\"1200\" height=\"675\" src=\"https:\/\/www.youtube.com\/embed\/aCn36pu-X2g?version=3&#038;rel=1&#038;showsearch=0&#038;showinfo=1&#038;iv_load_policy=1&#038;fs=1&#038;hl=es-ES&#038;autohide=2&#038;wmode=transparent\" allowfullscreen=\"true\" style=\"border:0;\" sandbox=\"allow-scripts allow-same-origin allow-popups allow-presentation allow-popups-to-escape-sandbox\"><\/iframe><\/span><\/p>\n","protected":false},"excerpt":{"rendered":"<p>El pr\u00f3ximo 18 de agosto se realizar\u00e1 una cena solidaria para nuestros bomberos. Grandes artistas estar\u00e1n sobre el escenario. La &#8230; <a title=\"Grandes artistas se suman a la cena solidaria de \u201cTodos X Bomberos\u201d\" class=\"read-more\" href=\"https:\/\/www.hoymercedes.com.ar\/principal\/2018\/08\/11\/grandes-artistas-se-suman-a-la-cena-solidaria-de-todos-x-bomberos\/\" aria-label=\"Leer m\u00e1s sobre Grandes artistas se suman a la cena solidaria de \u201cTodos X Bomberos\u201d\">Leer m\u00e1s<\/a><\/p>\n","protected":false},"author":1,"featured_media":78947,"comment_status":"closed","ping_status":"open","sticky":false,"template":"","format":"standard","meta":{"_monsterinsights_skip_tracking":false,"_monsterinsights_sitenote_active":false,"_monsterinsights_sitenote_note":"","_monsterinsights_sitenote_category":0,"jetpack_post_was_ever_published":false,"_jetpack_newsletter_access":"","_jetpack_dont_email_post_to_subs":false,"_jetpack_newsletter_tier_id":0,"_jetpack_memberships_contains_paywalled_content":false,"_jetpack_memberships_contains_paid_content":false,"footnotes":"","jetpack_publicize_message":"","jetpack_publicize_feature_enabled":true,"jetpack_social_post_already_shared":true,"jetpack_social_options":{"image_generator_settings":{"template":"highway","default_image_id":0,"font":"","enabled":false},"version":2},"_wpas_customize_per_network":false},"categories":[8],"tags":[13582,13583,5985,13584],"class_list":["post-79657","post","type-post","status-publish","format-standard","has-post-thumbnail","hentry","category-sociedad","tag-la-clave","tag-menta-y-limon","tag-oscar-rosello","tag-tren-misterioso","generate-columns","tablet-grid-50","mobile-grid-100","grid-parent","grid-50"],"jetpack_publicize_connections":[],"jetpack_featured_media_url":"https:\/\/www.hoymercedes.com.ar\/principal\/wp-content\/uploads\/2018\/07\/TodosXBomberos-2.jpg","wps_subtitle":"Instituciones mercedinas ","jetpack_sharing_enabled":true,"jetpack-related-posts":[{"id":80014,"url":"https:\/\/www.hoymercedes.com.ar\/principal\/2018\/08\/19\/multitudinaria-cena-solidaria-todos-x-bomberos-en-el-cef-no40\/","url_meta":{"origin":79657,"position":0},"title":"Multitudinaria cena solidaria \u201cTodos X Bomberos\u201d en el CEF N\u00ba40","author":"hoymercedes","date":"19 agosto, 2018","format":false,"excerpt":"La cena solidaria \u201cTodos X Bomberos\u201d result\u00f3 un gran \u00e9xito. Casi un mil vecinos dijeron presente en la convocatoria para dar apoyo a la instituci\u00f3n. La idea generada entre Bomberos y la Municipalidad de Mercedes era recaudar fondos para solventar gastos operativos, especialmente luego de la quita de subsidios realizado\u2026","rel":"","context":"En \u00abSociedad\u00bb","block_context":{"text":"Sociedad","link":"https:\/\/www.hoymercedes.com.ar\/principal\/category\/sociedad\/"},"img":{"alt_text":"","src":"https:\/\/i0.wp.com\/www.hoymercedes.com.ar\/principal\/wp-content\/uploads\/2018\/08\/cena-bomberos016.jpg?resize=350%2C200&ssl=1","width":350,"height":200,"srcset":"https:\/\/i0.wp.com\/www.hoymercedes.com.ar\/principal\/wp-content\/uploads\/2018\/08\/cena-bomberos016.jpg?resize=350%2C200&ssl=1 1x, https:\/\/i0.wp.com\/www.hoymercedes.com.ar\/principal\/wp-content\/uploads\/2018\/08\/cena-bomberos016.jpg?resize=525%2C300&ssl=1 1.5x, https:\/\/i0.wp.com\/www.hoymercedes.com.ar\/principal\/wp-content\/uploads\/2018\/08\/cena-bomberos016.jpg?resize=700%2C400&ssl=1 2x"},"classes":[]},{"id":159500,"url":"https:\/\/www.hoymercedes.com.ar\/principal\/2023\/03\/13\/cerca-de-600-personas-participaron-de-la-cena-solidaria-con-bomberos\/","url_meta":{"origin":79657,"position":1},"title":"Cerca de 600 personas participaron de la cena solidaria con Bomberos","author":"hoymercedes","date":"13 marzo, 2023","format":false,"excerpt":"En la noche del s\u00e1bado se concret\u00f3 la cena solidaria de \u201cTodos por Bomberos\u201d en la sede de la Sociedad Rural Regional de \u00a0Mercedes.\u00a0 Cerca de 600 personas \u2013entre mayores y menores- se congregaron en las instalaciones de la Ruta 5 para colaborar en el evento. En total se cocinaron\u2026","rel":"","context":"En \u00abSociedad\u00bb","block_context":{"text":"Sociedad","link":"https:\/\/www.hoymercedes.com.ar\/principal\/category\/sociedad\/"},"img":{"alt_text":"","src":"https:\/\/i0.wp.com\/www.hoymercedes.com.ar\/principal\/wp-content\/uploads\/2023\/03\/image-20.png?resize=350%2C200&ssl=1","width":350,"height":200,"srcset":"https:\/\/i0.wp.com\/www.hoymercedes.com.ar\/principal\/wp-content\/uploads\/2023\/03\/image-20.png?resize=350%2C200&ssl=1 1x, https:\/\/i0.wp.com\/www.hoymercedes.com.ar\/principal\/wp-content\/uploads\/2023\/03\/image-20.png?resize=525%2C300&ssl=1 1.5x"},"classes":[]},{"id":80748,"url":"https:\/\/www.hoymercedes.com.ar\/principal\/2018\/09\/06\/habra-una-pena-solidaria-a-beneficio-de-caidim-y-bomberos\/","url_meta":{"origin":79657,"position":2},"title":"Habr\u00e1 una pe\u00f1a solidaria a beneficio de CAIDIM y Bomberos","author":"hoymercedes","date":"6 septiembre, 2018","format":false,"excerpt":"El pr\u00f3ximo domingo 9 de septiembre se llevar\u00e1 adelante una nueva pe\u00f1a solidaria. En esta oportunidad, los beneficiados son el taller protegido CAIDIM y los Bomberos Voluntarios. Desde el mediod\u00eda ser\u00e1 en el predio a cielo abierto del Mart\u00edn Rodr\u00edguez. El costo de entrada es de $50. Habr\u00e1 varios artistas\u2026","rel":"","context":"En \u00abCultura\u00bb","block_context":{"text":"Cultura","link":"https:\/\/www.hoymercedes.com.ar\/principal\/category\/cultura\/"},"img":{"alt_text":"","src":"https:\/\/i0.wp.com\/www.hoymercedes.com.ar\/principal\/wp-content\/uploads\/2018\/09\/06-pe%C3%B1a-caidim-bom.jpg?resize=350%2C200&ssl=1","width":350,"height":200,"srcset":"https:\/\/i0.wp.com\/www.hoymercedes.com.ar\/principal\/wp-content\/uploads\/2018\/09\/06-pe%C3%B1a-caidim-bom.jpg?resize=350%2C200&ssl=1 1x, https:\/\/i0.wp.com\/www.hoymercedes.com.ar\/principal\/wp-content\/uploads\/2018\/09\/06-pe%C3%B1a-caidim-bom.jpg?resize=525%2C300&ssl=1 1.5x, https:\/\/i0.wp.com\/www.hoymercedes.com.ar\/principal\/wp-content\/uploads\/2018\/09\/06-pe%C3%B1a-caidim-bom.jpg?resize=700%2C400&ssl=1 2x"},"classes":[]},{"id":78946,"url":"https:\/\/www.hoymercedes.com.ar\/principal\/2018\/07\/23\/bomberos-y-municipio-organizan-cena-solidaria-todos-x-bomberos\/","url_meta":{"origin":79657,"position":3},"title":"Bomberos y Municipio organizan cena solidaria \u201cTodos x Bomberos\u201d","author":"hoymercedes","date":"23 julio, 2018","format":false,"excerpt":"\u00a0 El pr\u00f3ximo 18 de agosto se llevar\u00e1 a cabo un nuevo encuentro solidario en nuestra ciudad. En esta ocasi\u00f3n para una de las instituciones m\u00e1s queridas y respetadas: Bomberos Voluntarios. Ser\u00e1 en el \u00e1mbito del CEF N\u00b040 y se est\u00e1 trabajando en conjunto entre la Municipalidad de Mercedes y\u2026","rel":"","context":"En \u00abSociedad\u00bb","block_context":{"text":"Sociedad","link":"https:\/\/www.hoymercedes.com.ar\/principal\/category\/sociedad\/"},"img":{"alt_text":"","src":"https:\/\/i0.wp.com\/www.hoymercedes.com.ar\/principal\/wp-content\/uploads\/2018\/07\/TodosXBomberos-2.jpg?resize=350%2C200&ssl=1","width":350,"height":200,"srcset":"https:\/\/i0.wp.com\/www.hoymercedes.com.ar\/principal\/wp-content\/uploads\/2018\/07\/TodosXBomberos-2.jpg?resize=350%2C200&ssl=1 1x, https:\/\/i0.wp.com\/www.hoymercedes.com.ar\/principal\/wp-content\/uploads\/2018\/07\/TodosXBomberos-2.jpg?resize=525%2C300&ssl=1 1.5x, https:\/\/i0.wp.com\/www.hoymercedes.com.ar\/principal\/wp-content\/uploads\/2018\/07\/TodosXBomberos-2.jpg?resize=700%2C400&ssl=1 2x, https:\/\/i0.wp.com\/www.hoymercedes.com.ar\/principal\/wp-content\/uploads\/2018\/07\/TodosXBomberos-2.jpg?resize=1050%2C600&ssl=1 3x"},"classes":[]},{"id":155911,"url":"https:\/\/www.hoymercedes.com.ar\/principal\/2022\/11\/28\/con-ariel-ortega-la-filial-river-mercedes-realizo-cena-solidaria\/","url_meta":{"origin":79657,"position":4},"title":"Con Ariel Ortega  la filial River Mercedes realiz\u00f3 cena solidaria","author":"hoymercedes","date":"28 noviembre, 2022","format":false,"excerpt":"La Filial Ariel Ortega de Mercedes quiere agradecer por la ayuda brindada para llevar adelante la cena anual solidaria en beneficio de los Bomberos Voluntarios, y que cont\u00f3 con la presencia por primera vez de nuestro \u00eddolo \u201cBurrito\u201d Ortega, a: Los Amigos Pe\u00f1eros, los trabajadores cooperativistas, Lucas Riselli, y su\u2026","rel":"","context":"En \u00abDeportes\u00bb","block_context":{"text":"Deportes","link":"https:\/\/www.hoymercedes.com.ar\/principal\/category\/deportes\/"},"img":{"alt_text":"","src":"https:\/\/i0.wp.com\/www.hoymercedes.com.ar\/principal\/wp-content\/uploads\/2022\/11\/ArielOrtegaMercedes-1.jpeg?resize=350%2C200&ssl=1","width":350,"height":200,"srcset":"https:\/\/i0.wp.com\/www.hoymercedes.com.ar\/principal\/wp-content\/uploads\/2022\/11\/ArielOrtegaMercedes-1.jpeg?resize=350%2C200&ssl=1 1x, https:\/\/i0.wp.com\/www.hoymercedes.com.ar\/principal\/wp-content\/uploads\/2022\/11\/ArielOrtegaMercedes-1.jpeg?resize=525%2C300&ssl=1 1.5x, https:\/\/i0.wp.com\/www.hoymercedes.com.ar\/principal\/wp-content\/uploads\/2022\/11\/ArielOrtegaMercedes-1.jpeg?resize=700%2C400&ssl=1 2x, https:\/\/i0.wp.com\/www.hoymercedes.com.ar\/principal\/wp-content\/uploads\/2022\/11\/ArielOrtegaMercedes-1.jpeg?resize=1050%2C600&ssl=1 3x"},"classes":[]},{"id":160278,"url":"https:\/\/www.hoymercedes.com.ar\/principal\/2023\/03\/29\/festival-todos-por-bomberos-este-domingo-2-de-abril\/","url_meta":{"origin":79657,"position":5},"title":"Festival Todos por Bomberos este domingo 2 de abril","author":"hoymercedes","date":"29 marzo, 2023","format":false,"excerpt":"Los Bomberos se preparan para el festival el pr\u00f3ximo domingo 2 de abril. Habr\u00e1 venta de comida por kilo, patio cervecero, exhibici\u00f3n de equitaci\u00f3n y paseos a caballo, sorteos y varios shows musicales contando con el cierre a cargo de Alcides. Tambi\u00e9n homenajear\u00e1n a los Veteranos de Malvinas.","rel":"","context":"En \u00abSociedad\u00bb","block_context":{"text":"Sociedad","link":"https:\/\/www.hoymercedes.com.ar\/principal\/category\/sociedad\/"},"img":{"alt_text":"","src":"https:\/\/i0.wp.com\/www.hoymercedes.com.ar\/principal\/wp-content\/uploads\/2023\/03\/image-20.png?resize=350%2C200&ssl=1","width":350,"height":200,"srcset":"https:\/\/i0.wp.com\/www.hoymercedes.com.ar\/principal\/wp-content\/uploads\/2023\/03\/image-20.png?resize=350%2C200&ssl=1 1x, https:\/\/i0.wp.com\/www.hoymercedes.com.ar\/principal\/wp-content\/uploads\/2023\/03\/image-20.png?resize=525%2C300&ssl=1 1.5x"},"classes":[]}],"_links":{"self":[{"href":"https:\/\/www.hoymercedes.com.ar\/principal\/wp-json\/wp\/v2\/posts\/79657","targetHints":{"allow":["GET"]}}],"collection":[{"href":"https:\/\/www.hoymercedes.com.ar\/principal\/wp-json\/wp\/v2\/posts"}],"about":[{"href":"https:\/\/www.hoymercedes.com.ar\/principal\/wp-json\/wp\/v2\/types\/post"}],"author":[{"embeddable":true,"href":"https:\/\/www.hoymercedes.com.ar\/principal\/wp-json\/wp\/v2\/users\/1"}],"replies":[{"embeddable":true,"href":"https:\/\/www.hoymercedes.com.ar\/principal\/wp-json\/wp\/v2\/comments?post=79657"}],"version-history":[{"count":0,"href":"https:\/\/www.hoymercedes.com.ar\/principal\/wp-json\/wp\/v2\/posts\/79657\/revisions"}],"wp:featuredmedia":[{"embeddable":true,"href":"https:\/\/www.hoymercedes.com.ar\/principal\/wp-json\/wp\/v2\/media\/78947"}],"wp:attachment":[{"href":"https:\/\/www.hoymercedes.com.ar\/principal\/wp-json\/wp\/v2\/media?parent=79657"}],"wp:term":[{"taxonomy":"category","embeddable":true,"href":"https:\/\/www.hoymercedes.com.ar\/principal\/wp-json\/wp\/v2\/categories?post=79657"},{"taxonomy":"post_tag","embeddable":true,"href":"https:\/\/www.hoymercedes.com.ar\/principal\/wp-json\/wp\/v2\/tags?post=79657"}],"curies":[{"name":"wp","href":"https:\/\/api.w.org\/{rel}","templated":true}]}}