{"id":79681,"date":"2018-08-10T23:29:03","date_gmt":"2018-08-11T02:29:03","guid":{"rendered":"http:\/\/www.hoymercedes.com.ar\/principal\/?p=79681"},"modified":"2018-08-11T18:10:23","modified_gmt":"2018-08-11T21:10:23","slug":"tango-en-el-anden-de-la-mano-de-amarilis-diaz","status":"publish","type":"post","link":"https:\/\/www.hoymercedes.com.ar\/principal\/2018\/08\/10\/tango-en-el-anden-de-la-mano-de-amarilis-diaz\/","title":{"rendered":"Tango en el And\u00e9n de la mano de Amarilis D\u00edaz"},"content":{"rendered":"<p><em><strong>Se llev\u00f3 a cabo una nueva edici\u00f3n del ciclo tanguero. Hubo concurso de canto, baile y un d\u00fao instrumental junto a la artista Amarilis D\u00edaz. El\u00a0pr\u00f3ximo mes actuar\u00e1n Boli Noriega y Daniel Capaccio. El ciclo se lleva adelante en el Centro Cultural La Trocha. Entrada libre y gratuita.<\/strong><\/em><\/p>\n<p><img loading=\"lazy\" decoding=\"async\" data-attachment-id=\"79686\" data-permalink=\"https:\/\/www.hoymercedes.com.ar\/principal\/2018\/08\/10\/tango-en-el-anden-de-la-mano-de-amarilis-diaz\/10-tanto-trocha\/#main\" data-orig-file=\"https:\/\/www.hoymercedes.com.ar\/principal\/wp-content\/uploads\/2018\/08\/10-tanto-trocha.jpg\" data-orig-size=\"750,500\" data-comments-opened=\"0\" data-image-meta=\"{&quot;aperture&quot;:&quot;1.9&quot;,&quot;credit&quot;:&quot;&quot;,&quot;camera&quot;:&quot;SM-A510F&quot;,&quot;caption&quot;:&quot;&quot;,&quot;created_timestamp&quot;:&quot;1533853967&quot;,&quot;copyright&quot;:&quot;&quot;,&quot;focal_length&quot;:&quot;3.7&quot;,&quot;iso&quot;:&quot;800&quot;,&quot;shutter_speed&quot;:&quot;0.058823529411765&quot;,&quot;title&quot;:&quot;&quot;,&quot;orientation&quot;:&quot;1&quot;}\" data-image-title=\"10 tanto trocha\" data-image-description=\"\" data-image-caption=\"\" data-large-file=\"https:\/\/www.hoymercedes.com.ar\/principal\/wp-content\/uploads\/2018\/08\/10-tanto-trocha.jpg\" class=\"aligncenter size-medium wp-image-79686\" src=\"https:\/\/www.hoymercedes.com.ar\/principal\/wp-content\/uploads\/2018\/08\/10-tanto-trocha-630x420.jpg\" alt=\"\" width=\"630\" height=\"420\" srcset=\"https:\/\/www.hoymercedes.com.ar\/principal\/wp-content\/uploads\/2018\/08\/10-tanto-trocha-630x420.jpg 630w, https:\/\/www.hoymercedes.com.ar\/principal\/wp-content\/uploads\/2018\/08\/10-tanto-trocha-150x100.jpg 150w, https:\/\/www.hoymercedes.com.ar\/principal\/wp-content\/uploads\/2018\/08\/10-tanto-trocha.jpg 750w\" sizes=\"auto, (max-width: 630px) 100vw, 630px\" \/><\/p>\n<p><!--more--><\/p>\n<p>Por Prensa Municipal &#8211; Sorprende, a veces, que el fr\u00edo no detenga las ganas de salir, curiosear, ver, disfrutar y sentir el tango como desde hace dos inviernos sucede en Mercedes. Es que en el galp\u00f3n central del Complejo Cultural La Trocha, el ciclo que organiza la Direcci\u00f3n de Cultura suma, con el tiempo, a m\u00e1s y m\u00e1s seguidores.<\/p>\n<p>Durante la noche del jueves, alrededor de cien personas vivieron de cerca la actuaci\u00f3n que ofrecieron en formato de tr\u00edo la cantante Amarilis D\u00edaz junto a los maestros Mario Tierno y Eduardo Cirillo. Fueron ellos quienes se ubicaron en el centro de la escena para ejecutar un repertorio de tangos cl\u00e1sicos que fue bien recibido por la gente.<\/p>\n<p>\u201cEl tango tiene ese toque melanc\u00f3lico y muchas veces tr\u00e1gico que, por ejemplo, el blues no tiene. Eso lo hace complejo y es muy dif\u00edcil de cantar\u201d, estableci\u00f3 la voz femenina de la noche. Con una sobrada t\u00e9cnica vocal, la tanguera m\u00e1s blusera hasta ahora jam\u00e1s vista, se sum\u00f3 a los m\u00fasicos con Gardel y Le Pera a cuestas para hacer \u201cGolondrinas\u201d en una bella y dulce versi\u00f3n de bandone\u00f3n y guitarra. Despu\u00e9s lleg\u00f3 \u201cSoledad y \u201cVida M\u00eda\u201d y junto a esas melod\u00edas, la soltura cada vez m\u00e1s notoria de la cantante.<\/p>\n<p>\u201cCanto tango porque tengo atr\u00e1s a dos grandes m\u00fasicos como son Mario y Eduardo. No s\u00e9 si lo hago bien, pero para m\u00ed es un gran desaf\u00edo. Tengo mucho por aprender y hacia all\u00ed voy\u201d, cuenta con extrema modestia una de las voces m\u00e1s importantes de la escena local.<\/p>\n<p>La noche se cubri\u00f3 de un brillo especial, adem\u00e1s, cuando los participantes del concurso \u201cCantor Bohemio\u201d pisaron el escenario. Ya se hab\u00eda hecho la presentaci\u00f3n oficial durante la edici\u00f3n pasada y el jueves fue el momento de escuchar a los cuatro primeros participantes: Axel Bartolomeo, Alondra Cabrera, Amparo Cister y Yasmin Freita. Dos de ellos pasar\u00e1n a la gran final que se har\u00e1 como cierre del ciclo este a\u00f1o. Lo sorprendente fue que, si bien es un concurso libre que re\u00fane a cantantes amateurs, el nivel expuesto dej\u00f3 boquiabierto a m\u00e1s de uno.<\/p>\n<p>Entre el p\u00fablico, uno de los integrantes de la organizaci\u00f3n, Pablo Aschero, se mostr\u00f3 alegre y optimista: \u201cA\u00fan no llegamos a la cima, pero estamos mejor que ayer\u201d, confes\u00f3 el notable cantante emergente y de mayor \u00e9xito de los \u00faltimos a\u00f1os.<\/p>\n<p>La noche se fue cerrando de a poco, pero no faltaron energ\u00edas para que el p\u00fablico tomara sus ya cl\u00e1sicas clases de tango y milonga con los responsables de \u201cEst\u00edmulo Dance\u201d la Escuela \u2013 Taller que en cada edici\u00f3n brinda la posibilidad de conocer y promover los primeros pasos dentro del baile del 2 x 4 con Leandro Lofgren a la cabeza.<\/p>\n<p>Antes del cierre, se pudo apreciar dos maravillosas interpretaciones instrumentales de Adi\u00f3s Nonino, de Astor Piazzola, en el bando del mercedino Eduardo Cirillo y la conjunci\u00f3n perfecta que sorprendi\u00f3 a todos cuando, en otras piezas, se sumaron la guitarra y la arm\u00f3nica al siempre exquisito fuelle tanguero.<\/p>\n<p>Habr\u00e1 m\u00e1s ediciones y llegar\u00e1n el pr\u00f3ximo mes con las actuaciones de Boli Noriega y Daniel Capaccio, como siempre, el galp\u00f3n de la trocha y con entrada libre y gratuita.<\/p>\n","protected":false},"excerpt":{"rendered":"<p>Se llev\u00f3 a cabo una nueva edici\u00f3n del ciclo tanguero. Hubo concurso de canto, baile y un d\u00fao instrumental junto &#8230; <a title=\"Tango en el And\u00e9n de la mano de Amarilis D\u00edaz\" class=\"read-more\" href=\"https:\/\/www.hoymercedes.com.ar\/principal\/2018\/08\/10\/tango-en-el-anden-de-la-mano-de-amarilis-diaz\/\" aria-label=\"Leer m\u00e1s sobre Tango en el And\u00e9n de la mano de Amarilis D\u00edaz\">Leer m\u00e1s<\/a><\/p>\n","protected":false},"author":1,"featured_media":79686,"comment_status":"closed","ping_status":"open","sticky":false,"template":"","format":"standard","meta":{"_monsterinsights_skip_tracking":false,"_monsterinsights_sitenote_active":false,"_monsterinsights_sitenote_note":"","_monsterinsights_sitenote_category":0,"jetpack_post_was_ever_published":false,"_jetpack_newsletter_access":"","_jetpack_dont_email_post_to_subs":false,"_jetpack_newsletter_tier_id":0,"_jetpack_memberships_contains_paywalled_content":false,"_jetpack_memberships_contains_paid_content":false,"footnotes":"","jetpack_publicize_message":"Tango en el And\u00e9n de la mano de Amarilis D\u00edaz","jetpack_publicize_feature_enabled":true,"jetpack_social_post_already_shared":true,"jetpack_social_options":{"image_generator_settings":{"template":"highway","default_image_id":0,"font":"","enabled":false},"version":2},"_wpas_customize_per_network":false},"categories":[104],"tags":[7805,10,244,10843],"class_list":["post-79681","post","type-post","status-publish","format-standard","has-post-thumbnail","hentry","category-cultura","tag-cultura","tag-mercedes","tag-municipio-2","tag-tango-en-el-anden","generate-columns","tablet-grid-50","mobile-grid-100","grid-parent","grid-50"],"jetpack_publicize_connections":[],"jetpack_featured_media_url":"https:\/\/www.hoymercedes.com.ar\/principal\/wp-content\/uploads\/2018\/08\/10-tanto-trocha.jpg","wps_subtitle":"","jetpack_sharing_enabled":true,"jetpack-related-posts":[{"id":188864,"url":"https:\/\/www.hoymercedes.com.ar\/principal\/2025\/10\/18\/tango-en-el-anden-con-gran-acompanamiento-y-musica-en-vivo\/","url_meta":{"origin":79681,"position":0},"title":"Tango en el And\u00e9n con gran acompa\u00f1amiento y m\u00fasica en vivo","author":"hoymercedes","date":"18 octubre, 2025","format":false,"excerpt":"En el C.C. La Trocha se llev\u00f3\u00a0 a cabo una nueva edici\u00f3n del ciclo Tango en el And\u00e9n. Hubo clases de baile gratuitas y un show exquisito de Pablo Aschero. La continuidad del ciclo tendr\u00e1 lugar el pr\u00f3ximo mes con artistas a confirmar. La noche del viernes tuvo, entre otros\u2026","rel":"","context":"En \u00abCultura\u00bb","block_context":{"text":"Cultura","link":"https:\/\/www.hoymercedes.com.ar\/principal\/category\/cultura\/"},"img":{"alt_text":"Tango en el And\u00e9n con gran acompa\u00f1amiento y m\u00fasica en vivo","src":"https:\/\/i0.wp.com\/www.hoymercedes.com.ar\/principal\/wp-content\/uploads\/2025\/10\/Tango-Anden.jpg?resize=350%2C200&ssl=1","width":350,"height":200,"srcset":"https:\/\/i0.wp.com\/www.hoymercedes.com.ar\/principal\/wp-content\/uploads\/2025\/10\/Tango-Anden.jpg?resize=350%2C200&ssl=1 1x, https:\/\/i0.wp.com\/www.hoymercedes.com.ar\/principal\/wp-content\/uploads\/2025\/10\/Tango-Anden.jpg?resize=525%2C300&ssl=1 1.5x, https:\/\/i0.wp.com\/www.hoymercedes.com.ar\/principal\/wp-content\/uploads\/2025\/10\/Tango-Anden.jpg?resize=700%2C400&ssl=1 2x, https:\/\/i0.wp.com\/www.hoymercedes.com.ar\/principal\/wp-content\/uploads\/2025\/10\/Tango-Anden.jpg?resize=1050%2C600&ssl=1 3x"},"classes":[]},{"id":122228,"url":"https:\/\/www.hoymercedes.com.ar\/principal\/2020\/12\/22\/finalizo-el-ciclo-de-streaming-cultuales-desde-el-teatro-argentino\/","url_meta":{"origin":79681,"position":1},"title":"Finaliz\u00f3 el ciclo de streaming cultuales desde el Teatro Argentino","author":"hoymercedes","date":"22 diciembre, 2020","format":false,"excerpt":"Informaci\u00f3n Municipal - Tras 24 presentaciones registradas en HD finaliz\u00f3 el primer ciclo cultural de streaming en vivo desde el hist\u00f3rico Teatro Argentino organizado por la Municipalidad de Mercedes. Fueron varias semanas con fechas dobles para la danza, baile, rock, folklore, mel\u00f3dico, relatos, poes\u00eda, bandas, solistas y una propuesta que\u2026","rel":"","context":"En \u00abMunicipio\u00bb","block_context":{"text":"Municipio","link":"https:\/\/www.hoymercedes.com.ar\/principal\/category\/municipio\/"},"img":{"alt_text":"","src":"https:\/\/i0.wp.com\/www.hoymercedes.com.ar\/principal\/wp-content\/uploads\/2020\/12\/SJA_8634.jpg?resize=350%2C200&ssl=1","width":350,"height":200,"srcset":"https:\/\/i0.wp.com\/www.hoymercedes.com.ar\/principal\/wp-content\/uploads\/2020\/12\/SJA_8634.jpg?resize=350%2C200&ssl=1 1x, https:\/\/i0.wp.com\/www.hoymercedes.com.ar\/principal\/wp-content\/uploads\/2020\/12\/SJA_8634.jpg?resize=525%2C300&ssl=1 1.5x, https:\/\/i0.wp.com\/www.hoymercedes.com.ar\/principal\/wp-content\/uploads\/2020\/12\/SJA_8634.jpg?resize=700%2C400&ssl=1 2x"},"classes":[]},{"id":77363,"url":"https:\/\/www.hoymercedes.com.ar\/principal\/2018\/06\/16\/el-tango-volvio-al-anden-de-la-estacion-trocha\/","url_meta":{"origin":79681,"position":2},"title":"El tango volvi\u00f3 al anden de la estaci\u00f3n Trocha","author":"hoymercedes","date":"16 junio, 2018","format":false,"excerpt":"El pasado jueves volvi\u00f3 a La Trocha el ciclo Tango en el And\u00e9n que organiza la Direcci\u00f3n de Cultura. Hubo artistas de gran calidad y un buen marco de p\u00fablico. Ya se avanza con algunos agregados para la pr\u00f3xima edici\u00f3n de julio. En la el Centro Cultural La Trocha, a\u2026","rel":"","context":"En \u00abCultura\u00bb","block_context":{"text":"Cultura","link":"https:\/\/www.hoymercedes.com.ar\/principal\/category\/cultura\/"},"img":{"alt_text":"","src":"https:\/\/i0.wp.com\/www.hoymercedes.com.ar\/principal\/wp-content\/uploads\/2018\/06\/16-tango-anden-1.jpeg?resize=350%2C200&ssl=1","width":350,"height":200,"srcset":"https:\/\/i0.wp.com\/www.hoymercedes.com.ar\/principal\/wp-content\/uploads\/2018\/06\/16-tango-anden-1.jpeg?resize=350%2C200&ssl=1 1x, https:\/\/i0.wp.com\/www.hoymercedes.com.ar\/principal\/wp-content\/uploads\/2018\/06\/16-tango-anden-1.jpeg?resize=525%2C300&ssl=1 1.5x, https:\/\/i0.wp.com\/www.hoymercedes.com.ar\/principal\/wp-content\/uploads\/2018\/06\/16-tango-anden-1.jpeg?resize=700%2C400&ssl=1 2x"},"classes":[]},{"id":75958,"url":"https:\/\/www.hoymercedes.com.ar\/principal\/2018\/05\/18\/tango-en-el-anden-largo-en-la-trocha-su-ciclo-2018-de-espectaculos-y-cultura\/","url_meta":{"origin":79681,"position":3},"title":"\u201cTango en el And\u00e9n\u201d larg\u00f3 en La Trocha su ciclo 2018 de espect\u00e1culos y cultura","author":"hoymercedes","date":"18 mayo, 2018","format":false,"excerpt":"\u201cTango en el And\u00e9n\u201d inici\u00f3 su ciclo 2018 en el espacio del recuperado predio de La Trocha. Con Pablo Aschero encabezando la velada hubo clase de tango y m\u00fasica en vivo. La propuesta que durante el a\u00f1o pasado fue un verdadero \u00e9xito \u201cpuso primera\u201d y se lanz\u00f3 a un nuevo\u2026","rel":"","context":"En \u00abCultura\u00bb","block_context":{"text":"Cultura","link":"https:\/\/www.hoymercedes.com.ar\/principal\/category\/cultura\/"},"img":{"alt_text":"","src":"https:\/\/i0.wp.com\/www.hoymercedes.com.ar\/principal\/wp-content\/uploads\/2018\/05\/Aschero.jpeg?resize=350%2C200&ssl=1","width":350,"height":200,"srcset":"https:\/\/i0.wp.com\/www.hoymercedes.com.ar\/principal\/wp-content\/uploads\/2018\/05\/Aschero.jpeg?resize=350%2C200&ssl=1 1x, https:\/\/i0.wp.com\/www.hoymercedes.com.ar\/principal\/wp-content\/uploads\/2018\/05\/Aschero.jpeg?resize=525%2C300&ssl=1 1.5x, https:\/\/i0.wp.com\/www.hoymercedes.com.ar\/principal\/wp-content\/uploads\/2018\/05\/Aschero.jpeg?resize=700%2C400&ssl=1 2x"},"classes":[]},{"id":143404,"url":"https:\/\/www.hoymercedes.com.ar\/principal\/2022\/02\/01\/se-viene-tango-en-el-anden-con-shows-y-clases-de-milonga-y-tango\/","url_meta":{"origin":79681,"position":4},"title":"Se viene \u201cTango en el Anden\u201d con shows y clases de milonga y tango","author":"hoymercedes","date":"1 febrero, 2022","format":false,"excerpt":"Este jueves se realizar\u00e1 una nueva velada del cl\u00e1sico \u201cTango en el and\u00e9n\u201d con espect\u00e1culos en vivo, baile, clases de tanto y milonga y servicio de cantina s\u00faper popular. Como es una tradici\u00f3n ya el tango gana la escena para toda la familia y los amantes del 2x4. En esta\u2026","rel":"","context":"En \u00abCultura\u00bb","block_context":{"text":"Cultura","link":"https:\/\/www.hoymercedes.com.ar\/principal\/category\/cultura\/"},"img":{"alt_text":"","src":"https:\/\/i0.wp.com\/www.hoymercedes.com.ar\/principal\/wp-content\/uploads\/2022\/02\/DSC07465.jpg?resize=350%2C200&ssl=1","width":350,"height":200,"srcset":"https:\/\/i0.wp.com\/www.hoymercedes.com.ar\/principal\/wp-content\/uploads\/2022\/02\/DSC07465.jpg?resize=350%2C200&ssl=1 1x, https:\/\/i0.wp.com\/www.hoymercedes.com.ar\/principal\/wp-content\/uploads\/2022\/02\/DSC07465.jpg?resize=525%2C300&ssl=1 1.5x, https:\/\/i0.wp.com\/www.hoymercedes.com.ar\/principal\/wp-content\/uploads\/2022\/02\/DSC07465.jpg?resize=700%2C400&ssl=1 2x"},"classes":[]},{"id":84849,"url":"https:\/\/www.hoymercedes.com.ar\/principal\/2018\/12\/03\/el-tango-gano-la-escena-en-un-fin-de-semana-de-gran-exito-al-2x4\/","url_meta":{"origin":79681,"position":5},"title":"El tango gan\u00f3 la escena en un fin de semana de gran \u00e9xito al 2&#215;4","author":"hoymercedes","date":"3 diciembre, 2018","format":false,"excerpt":"Con un gran cierre a toda orquesta finaliz\u00f3 este domingo el 1\u00b0 Festiva del Tango Ciudad de Mercedes \u201cRafael Rossi\u201d. Fueron tres jornadas a todo 2x4 que incluy\u00f3 teatro, baile, clases abiertas, expo y un encuentro familiar que lleg\u00f3 para quedarse. \u201cEs un orgullo ver cada una de las fiestas\u2026","rel":"","context":"En \u00abMunicipio\u00bb","block_context":{"text":"Municipio","link":"https:\/\/www.hoymercedes.com.ar\/principal\/category\/municipio\/"},"img":{"alt_text":"","src":"https:\/\/i0.wp.com\/www.hoymercedes.com.ar\/principal\/wp-content\/uploads\/2018\/12\/SJA_8174.jpg?resize=350%2C200&ssl=1","width":350,"height":200,"srcset":"https:\/\/i0.wp.com\/www.hoymercedes.com.ar\/principal\/wp-content\/uploads\/2018\/12\/SJA_8174.jpg?resize=350%2C200&ssl=1 1x, https:\/\/i0.wp.com\/www.hoymercedes.com.ar\/principal\/wp-content\/uploads\/2018\/12\/SJA_8174.jpg?resize=525%2C300&ssl=1 1.5x, https:\/\/i0.wp.com\/www.hoymercedes.com.ar\/principal\/wp-content\/uploads\/2018\/12\/SJA_8174.jpg?resize=700%2C400&ssl=1 2x"},"classes":[]}],"_links":{"self":[{"href":"https:\/\/www.hoymercedes.com.ar\/principal\/wp-json\/wp\/v2\/posts\/79681","targetHints":{"allow":["GET"]}}],"collection":[{"href":"https:\/\/www.hoymercedes.com.ar\/principal\/wp-json\/wp\/v2\/posts"}],"about":[{"href":"https:\/\/www.hoymercedes.com.ar\/principal\/wp-json\/wp\/v2\/types\/post"}],"author":[{"embeddable":true,"href":"https:\/\/www.hoymercedes.com.ar\/principal\/wp-json\/wp\/v2\/users\/1"}],"replies":[{"embeddable":true,"href":"https:\/\/www.hoymercedes.com.ar\/principal\/wp-json\/wp\/v2\/comments?post=79681"}],"version-history":[{"count":0,"href":"https:\/\/www.hoymercedes.com.ar\/principal\/wp-json\/wp\/v2\/posts\/79681\/revisions"}],"wp:featuredmedia":[{"embeddable":true,"href":"https:\/\/www.hoymercedes.com.ar\/principal\/wp-json\/wp\/v2\/media\/79686"}],"wp:attachment":[{"href":"https:\/\/www.hoymercedes.com.ar\/principal\/wp-json\/wp\/v2\/media?parent=79681"}],"wp:term":[{"taxonomy":"category","embeddable":true,"href":"https:\/\/www.hoymercedes.com.ar\/principal\/wp-json\/wp\/v2\/categories?post=79681"},{"taxonomy":"post_tag","embeddable":true,"href":"https:\/\/www.hoymercedes.com.ar\/principal\/wp-json\/wp\/v2\/tags?post=79681"}],"curies":[{"name":"wp","href":"https:\/\/api.w.org\/{rel}","templated":true}]}}