{"id":79682,"date":"2018-08-11T16:38:03","date_gmt":"2018-08-11T19:38:03","guid":{"rendered":"http:\/\/www.hoymercedes.com.ar\/principal\/?p=79682"},"modified":"2018-08-11T17:49:20","modified_gmt":"2018-08-11T20:49:20","slug":"participacion-ciudadana-y-acciones-de-salud-junto-al-municipio","status":"publish","type":"post","link":"https:\/\/www.hoymercedes.com.ar\/principal\/2018\/08\/11\/participacion-ciudadana-y-acciones-de-salud-junto-al-municipio\/","title":{"rendered":"Participaci\u00f3n ciudadana y acciones de salud junto al Municipio"},"content":{"rendered":"<p>\u00abEsta semana se concret\u00f3 un hecho muy positivo\u00bb, destacaron desde la Comuna. Se inici\u00f3 el proceso de utilizaci\u00f3n de nuevas mascarillas para RCP tras una intervenci\u00f3n vecinal. De ahora en adelante, donde haya botiquines y DEAs se podr\u00e1n utilizar las mascarillas que tienen un sistema de trabajo distinto al tradicional.<\/p>\n<p><img loading=\"lazy\" decoding=\"async\" data-attachment-id=\"79683\" data-permalink=\"https:\/\/www.hoymercedes.com.ar\/principal\/2018\/08\/11\/participacion-ciudadana-y-acciones-de-salud-junto-al-municipio\/11-muni-salud-rcp\/#main\" data-orig-file=\"https:\/\/www.hoymercedes.com.ar\/principal\/wp-content\/uploads\/2018\/08\/11-muni-salud-rcp.jpg\" data-orig-size=\"750,501\" data-comments-opened=\"0\" data-image-meta=\"{&quot;aperture&quot;:&quot;0&quot;,&quot;credit&quot;:&quot;&quot;,&quot;camera&quot;:&quot;&quot;,&quot;caption&quot;:&quot;&quot;,&quot;created_timestamp&quot;:&quot;0&quot;,&quot;copyright&quot;:&quot;&quot;,&quot;focal_length&quot;:&quot;0&quot;,&quot;iso&quot;:&quot;0&quot;,&quot;shutter_speed&quot;:&quot;0&quot;,&quot;title&quot;:&quot;&quot;,&quot;orientation&quot;:&quot;0&quot;}\" data-image-title=\"11 muni salud rcp\" data-image-description=\"\" data-image-caption=\"\" data-large-file=\"https:\/\/www.hoymercedes.com.ar\/principal\/wp-content\/uploads\/2018\/08\/11-muni-salud-rcp.jpg\" class=\"aligncenter size-medium wp-image-79683\" src=\"https:\/\/www.hoymercedes.com.ar\/principal\/wp-content\/uploads\/2018\/08\/11-muni-salud-rcp-630x421.jpg\" alt=\"\" width=\"630\" height=\"421\" srcset=\"https:\/\/www.hoymercedes.com.ar\/principal\/wp-content\/uploads\/2018\/08\/11-muni-salud-rcp-630x421.jpg 630w, https:\/\/www.hoymercedes.com.ar\/principal\/wp-content\/uploads\/2018\/08\/11-muni-salud-rcp-150x100.jpg 150w, https:\/\/www.hoymercedes.com.ar\/principal\/wp-content\/uploads\/2018\/08\/11-muni-salud-rcp.jpg 750w\" sizes=\"auto, (max-width: 630px) 100vw, 630px\" \/><\/p>\n<p>La idea de su utilizaci\u00f3n nace de una solicitud vecinal. Fue el mercedino Diego Men\u00e9ndez, quien present\u00f3 el proyecto en el HCD y el Ejecutivo recepcion\u00f3 la propuesta para r\u00e1pidamente darle implementaci\u00f3n.<\/p>\n<p>En la presentaci\u00f3n estuvieron presentes el Secretario de Salud de la comuna Pablo Cassiani, el concejal de Unidad Ciudadana Santiago Altube y el Intendente Municipal Dr. Juan I. Ustarroz.<\/p>\n<p>Al respeto el primer mandatario dijo: \u00abes una acci\u00f3n pol\u00edtica muy buena, ejemplar, poder escuchar las propuestas de los vecinos y llevarlas a cabo. Le agradecemos a Diego por su compromiso y por habernos confiado su proyecto que hoy es una realidad\u00bb.<\/p>\n<p>Esta pol\u00edtica se suma a la provisi\u00f3n de desfibriladores que est\u00e1 realizando la comuna a los clubes deportivos y en espacios p\u00fablicos con el fin de tener una ciudad cardioprotegida y cardioresponsable, destacaron desde la Comuna.<\/p>\n<p>&nbsp;<\/p>\n<p>Fuente: Prensa Municipal<\/p>\n","protected":false},"excerpt":{"rendered":"<p>\u00abEsta semana se concret\u00f3 un hecho muy positivo\u00bb, destacaron desde la Comuna. Se inici\u00f3 el proceso de utilizaci\u00f3n de nuevas &#8230; <a title=\"Participaci\u00f3n ciudadana y acciones de salud junto al Municipio\" class=\"read-more\" href=\"https:\/\/www.hoymercedes.com.ar\/principal\/2018\/08\/11\/participacion-ciudadana-y-acciones-de-salud-junto-al-municipio\/\" aria-label=\"Leer m\u00e1s sobre Participaci\u00f3n ciudadana y acciones de salud junto al Municipio\">Leer m\u00e1s<\/a><\/p>\n","protected":false},"author":1,"featured_media":79683,"comment_status":"closed","ping_status":"open","sticky":false,"template":"","format":"standard","meta":{"_monsterinsights_skip_tracking":false,"_monsterinsights_sitenote_active":false,"_monsterinsights_sitenote_note":"","_monsterinsights_sitenote_category":0,"jetpack_post_was_ever_published":false,"_jetpack_newsletter_access":"","_jetpack_dont_email_post_to_subs":false,"_jetpack_newsletter_tier_id":0,"_jetpack_memberships_contains_paywalled_content":false,"_jetpack_memberships_contains_paid_content":false,"footnotes":"","jetpack_publicize_message":"","jetpack_publicize_feature_enabled":true,"jetpack_social_post_already_shared":true,"jetpack_social_options":{"image_generator_settings":{"template":"highway","default_image_id":0,"font":"","enabled":false},"version":2},"_wpas_customize_per_network":false},"categories":[30],"tags":[13587,244,134],"class_list":["post-79682","post","type-post","status-publish","format-standard","has-post-thumbnail","hentry","category-municipio","tag-cardiorespiratorio","tag-municipio-2","tag-salud","generate-columns","tablet-grid-50","mobile-grid-100","grid-parent","grid-50"],"jetpack_publicize_connections":[],"jetpack_featured_media_url":"https:\/\/www.hoymercedes.com.ar\/principal\/wp-content\/uploads\/2018\/08\/11-muni-salud-rcp.jpg","wps_subtitle":"Mascarillas respiratorios","jetpack_sharing_enabled":true,"jetpack-related-posts":[{"id":109488,"url":"https:\/\/www.hoymercedes.com.ar\/principal\/2020\/04\/16\/desde-el-lunes-sera-obligatorio-el-uso-de-mascarillas-tapabocas-o-barbijos-caseros\/","url_meta":{"origin":79682,"position":0},"title":"Desde el lunes ser\u00e1 obligatorio el uso de mascarillas, tapabocas o barbijos caseros","author":"hoymercedes","date":"16 abril, 2020","format":false,"excerpt":"En consonancia con las medidas tomadas por varios distritos vecinos y el anticipo a nivel provincial, desde este lunes 20 de abril ser\u00e1 obligatorio el uso de mascarillas, tapabocas o barbijos caseros con el prop\u00f3sito de evitar la propagaci\u00f3n del COVID-19. Muchos vecinos ya lo empezaron a utilizar, la recomendaci\u00f3n,\u2026","rel":"","context":"En \u00abMunicipio\u00bb","block_context":{"text":"Municipio","link":"https:\/\/www.hoymercedes.com.ar\/principal\/category\/municipio\/"},"img":{"alt_text":"","src":"https:\/\/i0.wp.com\/www.hoymercedes.com.ar\/principal\/wp-content\/uploads\/2020\/04\/16-barbijos-masca.jpg?resize=350%2C200&ssl=1","width":350,"height":200,"srcset":"https:\/\/i0.wp.com\/www.hoymercedes.com.ar\/principal\/wp-content\/uploads\/2020\/04\/16-barbijos-masca.jpg?resize=350%2C200&ssl=1 1x, https:\/\/i0.wp.com\/www.hoymercedes.com.ar\/principal\/wp-content\/uploads\/2020\/04\/16-barbijos-masca.jpg?resize=525%2C300&ssl=1 1.5x, https:\/\/i0.wp.com\/www.hoymercedes.com.ar\/principal\/wp-content\/uploads\/2020\/04\/16-barbijos-masca.jpg?resize=700%2C400&ssl=1 2x"},"classes":[]},{"id":150873,"url":"https:\/\/www.hoymercedes.com.ar\/principal\/2022\/07\/17\/suman-nuevas-sillas-de-ruedas-en-la-ortopedia-municipal\/","url_meta":{"origin":79682,"position":1},"title":"Suman nuevas sillas de ruedas en la Ortopedia Municipal","author":"hoymercedes","date":"17 julio, 2022","format":false,"excerpt":"Suman nuevas sillas de ruedas en la Ortopedia Municipal","rel":"","context":"En \u00abMunicipio\u00bb","block_context":{"text":"Municipio","link":"https:\/\/www.hoymercedes.com.ar\/principal\/category\/municipio\/"},"img":{"alt_text":"","src":"https:\/\/i0.wp.com\/www.hoymercedes.com.ar\/principal\/wp-content\/uploads\/2022\/07\/DSC07723.jpg?resize=350%2C200&ssl=1","width":350,"height":200,"srcset":"https:\/\/i0.wp.com\/www.hoymercedes.com.ar\/principal\/wp-content\/uploads\/2022\/07\/DSC07723.jpg?resize=350%2C200&ssl=1 1x, https:\/\/i0.wp.com\/www.hoymercedes.com.ar\/principal\/wp-content\/uploads\/2022\/07\/DSC07723.jpg?resize=525%2C300&ssl=1 1.5x, https:\/\/i0.wp.com\/www.hoymercedes.com.ar\/principal\/wp-content\/uploads\/2022\/07\/DSC07723.jpg?resize=700%2C400&ssl=1 2x"},"classes":[]},{"id":168506,"url":"https:\/\/www.hoymercedes.com.ar\/principal\/2023\/10\/19\/encuentro-de-trabajo-entre-colegio-de-farmaceuticos-y-municipio\/","url_meta":{"origin":79682,"position":2},"title":"Encuentro de trabajo entre Colegio de Farmac\u00e9uticos y Municipio","author":"hoymercedes","date":"19 octubre, 2023","format":false,"excerpt":"Durante la tarde del martes el intendente del Municipio de Mercedes Juan Ignacio Ustarroz junto al secretario de Salud, N\u00e9stor Pisapia, se reuni\u00f3 con representantes del Colegio de Farmac\u00e9uticos de Mercedes, con quienes se acord\u00f3 seguir trabajando de manera conjunta por la salud de nuestra comunidad. El encuentro se llev\u00f3\u2026","rel":"","context":"En \u00abSociedad\u00bb","block_context":{"text":"Sociedad","link":"https:\/\/www.hoymercedes.com.ar\/principal\/category\/sociedad\/"},"img":{"alt_text":"","src":"https:\/\/i0.wp.com\/www.hoymercedes.com.ar\/principal\/wp-content\/uploads\/2023\/10\/ColegiodeFarmaceuticos-Ustarroz-001.jpg?resize=350%2C200&ssl=1","width":350,"height":200,"srcset":"https:\/\/i0.wp.com\/www.hoymercedes.com.ar\/principal\/wp-content\/uploads\/2023\/10\/ColegiodeFarmaceuticos-Ustarroz-001.jpg?resize=350%2C200&ssl=1 1x, https:\/\/i0.wp.com\/www.hoymercedes.com.ar\/principal\/wp-content\/uploads\/2023\/10\/ColegiodeFarmaceuticos-Ustarroz-001.jpg?resize=525%2C300&ssl=1 1.5x, https:\/\/i0.wp.com\/www.hoymercedes.com.ar\/principal\/wp-content\/uploads\/2023\/10\/ColegiodeFarmaceuticos-Ustarroz-001.jpg?resize=700%2C400&ssl=1 2x, https:\/\/i0.wp.com\/www.hoymercedes.com.ar\/principal\/wp-content\/uploads\/2023\/10\/ColegiodeFarmaceuticos-Ustarroz-001.jpg?resize=1050%2C600&ssl=1 3x"},"classes":[]},{"id":64646,"url":"https:\/\/www.hoymercedes.com.ar\/principal\/2017\/07\/07\/cestari-pide-carteleria-que-destaque-la-hermandad-ciudadana-con-montesano\/","url_meta":{"origin":79682,"position":3},"title":"Cestari pide carteler\u00eda que destaque la hermandad ciudadana con Montesano","author":"hoymercedes","date":"7 julio, 2017","format":false,"excerpt":"El concejal de la Agrupaci\u00f3n Vecinal Mercedina, Jos\u00e9 Cestari, hizo p\u00fablica la presentaci\u00f3n de dos proyectos a tratar en la sesi\u00f3n del pr\u00f3ximo lunes en el Concejo Deliberante. Por un lado, le pide al Departamento Ejecutivo que realice la carteleria que plasme el convenio de hermanamiento entre la ciudad de\u2026","rel":"","context":"En \u00abPol\u00edtica\u00bb","block_context":{"text":"Pol\u00edtica","link":"https:\/\/www.hoymercedes.com.ar\/principal\/category\/politica\/"},"img":{"alt_text":"","src":"https:\/\/i0.wp.com\/www.hoymercedes.com.ar\/principal\/wp-content\/uploads\/2016\/07\/22-cestari.jpg?resize=350%2C200&ssl=1","width":350,"height":200},"classes":[]},{"id":165201,"url":"https:\/\/www.hoymercedes.com.ar\/principal\/2023\/07\/31\/advierten-sobre-llamadas-sospechosas\/","url_meta":{"origin":79682,"position":4},"title":"Advierten sobre llamadas sospechosas","author":"hoymercedes","date":"31 julio, 2023","format":false,"excerpt":"Desde el Municipio de Mercedes realizaron una alerta ante el registro de \"llamadas con intensiones sospechosas\". \"Durante los \u00faltimos d\u00edas se han registrado llamadas haci\u00e9ndose pasar por el Ministerio de Salud u instancias oficiales vinculadas al cuidado de las personas. Son dos n\u00fameros de tel\u00e9fono siendo uno de caracter\u00edsticas 02324\u2026","rel":"","context":"En \u00abMunicipio\u00bb","block_context":{"text":"Municipio","link":"https:\/\/www.hoymercedes.com.ar\/principal\/category\/municipio\/"},"img":{"alt_text":"","src":"https:\/\/i0.wp.com\/www.hoymercedes.com.ar\/principal\/wp-content\/uploads\/2023\/07\/IMG-20230731-WA0014.jpg?resize=350%2C200&ssl=1","width":350,"height":200,"srcset":"https:\/\/i0.wp.com\/www.hoymercedes.com.ar\/principal\/wp-content\/uploads\/2023\/07\/IMG-20230731-WA0014.jpg?resize=350%2C200&ssl=1 1x, https:\/\/i0.wp.com\/www.hoymercedes.com.ar\/principal\/wp-content\/uploads\/2023\/07\/IMG-20230731-WA0014.jpg?resize=525%2C300&ssl=1 1.5x, https:\/\/i0.wp.com\/www.hoymercedes.com.ar\/principal\/wp-content\/uploads\/2023\/07\/IMG-20230731-WA0014.jpg?resize=700%2C400&ssl=1 2x, https:\/\/i0.wp.com\/www.hoymercedes.com.ar\/principal\/wp-content\/uploads\/2023\/07\/IMG-20230731-WA0014.jpg?resize=1050%2C600&ssl=1 3x"},"classes":[]},{"id":145272,"url":"https:\/\/www.hoymercedes.com.ar\/principal\/2022\/03\/13\/salud-calendario-de-vacuna-covid-pediatrica-y-controles-en-los-clubes\/","url_meta":{"origin":79682,"position":5},"title":"Salud: calendario de vacuna, covid pedi\u00e1trica y controles en los clubes \u00a0","author":"hoymercedes","date":"13 marzo, 2022","format":false,"excerpt":"La Secretar\u00eda de Salud del Municipio de Mercedes organiz\u00f3 un cronograma de vacunaci\u00f3n y controles pedi\u00e1tricos en los clubes deportivos. D\u00edas atr\u00e1s estuvieron en Club Defensores, Club Uni\u00f3n y Trocha. La semana pr\u00f3xima se continuar\u00e1 con clubes y escuelas. \u00a0 De acuerdo a la informaci\u00f3n provista por el Municipio de\u2026","rel":"","context":"En \u00abMunicipio\u00bb","block_context":{"text":"Municipio","link":"https:\/\/www.hoymercedes.com.ar\/principal\/category\/municipio\/"},"img":{"alt_text":"","src":"https:\/\/i0.wp.com\/www.hoymercedes.com.ar\/principal\/wp-content\/uploads\/2022\/03\/DSC00155.jpg?resize=350%2C200&ssl=1","width":350,"height":200,"srcset":"https:\/\/i0.wp.com\/www.hoymercedes.com.ar\/principal\/wp-content\/uploads\/2022\/03\/DSC00155.jpg?resize=350%2C200&ssl=1 1x, https:\/\/i0.wp.com\/www.hoymercedes.com.ar\/principal\/wp-content\/uploads\/2022\/03\/DSC00155.jpg?resize=525%2C300&ssl=1 1.5x, https:\/\/i0.wp.com\/www.hoymercedes.com.ar\/principal\/wp-content\/uploads\/2022\/03\/DSC00155.jpg?resize=700%2C400&ssl=1 2x"},"classes":[]}],"_links":{"self":[{"href":"https:\/\/www.hoymercedes.com.ar\/principal\/wp-json\/wp\/v2\/posts\/79682","targetHints":{"allow":["GET"]}}],"collection":[{"href":"https:\/\/www.hoymercedes.com.ar\/principal\/wp-json\/wp\/v2\/posts"}],"about":[{"href":"https:\/\/www.hoymercedes.com.ar\/principal\/wp-json\/wp\/v2\/types\/post"}],"author":[{"embeddable":true,"href":"https:\/\/www.hoymercedes.com.ar\/principal\/wp-json\/wp\/v2\/users\/1"}],"replies":[{"embeddable":true,"href":"https:\/\/www.hoymercedes.com.ar\/principal\/wp-json\/wp\/v2\/comments?post=79682"}],"version-history":[{"count":0,"href":"https:\/\/www.hoymercedes.com.ar\/principal\/wp-json\/wp\/v2\/posts\/79682\/revisions"}],"wp:featuredmedia":[{"embeddable":true,"href":"https:\/\/www.hoymercedes.com.ar\/principal\/wp-json\/wp\/v2\/media\/79683"}],"wp:attachment":[{"href":"https:\/\/www.hoymercedes.com.ar\/principal\/wp-json\/wp\/v2\/media?parent=79682"}],"wp:term":[{"taxonomy":"category","embeddable":true,"href":"https:\/\/www.hoymercedes.com.ar\/principal\/wp-json\/wp\/v2\/categories?post=79682"},{"taxonomy":"post_tag","embeddable":true,"href":"https:\/\/www.hoymercedes.com.ar\/principal\/wp-json\/wp\/v2\/tags?post=79682"}],"curies":[{"name":"wp","href":"https:\/\/api.w.org\/{rel}","templated":true}]}}