{"id":79697,"date":"2018-08-12T19:56:30","date_gmt":"2018-08-12T22:56:30","guid":{"rendered":"http:\/\/www.hoymercedes.com.ar\/principal\/?p=79697"},"modified":"2018-08-12T18:27:41","modified_gmt":"2018-08-12T21:27:41","slug":"municipio-colabora-con-instituciones-y-barrios-para-los-festejos-del-dia-del-nino","status":"publish","type":"post","link":"https:\/\/www.hoymercedes.com.ar\/principal\/2018\/08\/12\/municipio-colabora-con-instituciones-y-barrios-para-los-festejos-del-dia-del-nino\/","title":{"rendered":"Municipio colabora con instituciones y barrios para los festejos del d\u00eda del ni\u00f1o"},"content":{"rendered":"<p>El intendente de Mercedes, Juan Ignacio Ustarroz, junto a su Secretaria de Desarrollo Social, Jorgelina Silva, entregaron insumos destinados a los festejos del d\u00eda del ni\u00f1o en distintos puntos del partido. Las colaboraciones a diferentes instituciones y barrios de Mercedes, buscan ayudar a las iniciativas que se generan e intentan llevar adelante un festejo para los ni\u00f1os en su d\u00eda.<\/p>\n<p><img loading=\"lazy\" decoding=\"async\" data-attachment-id=\"79698\" data-permalink=\"https:\/\/www.hoymercedes.com.ar\/principal\/2018\/08\/12\/municipio-colabora-con-instituciones-y-barrios-para-los-festejos-del-dia-del-nino\/12-muni-dia-nino\/#main\" data-orig-file=\"https:\/\/www.hoymercedes.com.ar\/principal\/wp-content\/uploads\/2018\/08\/12-muni-dia-ni\u00f1o.jpg\" data-orig-size=\"750,356\" data-comments-opened=\"0\" data-image-meta=\"{&quot;aperture&quot;:&quot;0&quot;,&quot;credit&quot;:&quot;&quot;,&quot;camera&quot;:&quot;&quot;,&quot;caption&quot;:&quot;&quot;,&quot;created_timestamp&quot;:&quot;0&quot;,&quot;copyright&quot;:&quot;&quot;,&quot;focal_length&quot;:&quot;0&quot;,&quot;iso&quot;:&quot;0&quot;,&quot;shutter_speed&quot;:&quot;0&quot;,&quot;title&quot;:&quot;&quot;,&quot;orientation&quot;:&quot;0&quot;}\" data-image-title=\"12 muni dia ni\u00f1o\" data-image-description=\"\" data-image-caption=\"\" data-large-file=\"https:\/\/www.hoymercedes.com.ar\/principal\/wp-content\/uploads\/2018\/08\/12-muni-dia-ni\u00f1o.jpg\" class=\"aligncenter size-medium wp-image-79698\" src=\"https:\/\/www.hoymercedes.com.ar\/principal\/wp-content\/uploads\/2018\/08\/12-muni-dia-ni\u00f1o-630x299.jpg\" alt=\"\" width=\"630\" height=\"299\" srcset=\"https:\/\/www.hoymercedes.com.ar\/principal\/wp-content\/uploads\/2018\/08\/12-muni-dia-ni\u00f1o-630x299.jpg 630w, https:\/\/www.hoymercedes.com.ar\/principal\/wp-content\/uploads\/2018\/08\/12-muni-dia-ni\u00f1o-150x71.jpg 150w, https:\/\/www.hoymercedes.com.ar\/principal\/wp-content\/uploads\/2018\/08\/12-muni-dia-ni\u00f1o.jpg 750w\" sizes=\"auto, (max-width: 630px) 100vw, 630px\" \/><\/p>\n<p>Conjuntamente, el primer mandatario explic\u00f3 \u201cno solamente el Municipio va a realizar el d\u00eda del ni\u00f1o en el predio del ex Mar\u00edn Rodr\u00edguez convocando a todos los chicos de nuestra ciudad, sino que tambi\u00e9n estamos trabajando codo a codo y apoyando las iniciativas de las Sociedades de Fomento, sindicatos, escuelas y todas las instituciones que van a festejar el d\u00eda del ni\u00f1o\u201d y agreg\u00f3 \u201clo que hacemos es ayudarlos con algunos insumos b\u00e1sicos para que los chicos puedan disfrutar de su d\u00eda en toda la ciudad\u201d.<\/p>\n<p><strong>Entregas<\/strong><\/p>\n<p>En esta oportunidad se hicieron cuatro entregas, Barrio San Justo, Localidades Gowland\/Agote, Escuela 28 y al Sindicato de municipales. Los insumos entregados fueron, alfajores, leche, cacao, az\u00facar, galletitas, caramelos, chupetines y el d\u00eda del festejo se les brindar\u00e1 el servicio de un inflable. Cabe recordar que los pedidos hechos a la Secretar\u00eda de Desarrollo Municipal ascienden a veinticinco en total.<\/p>\n<p>Al destacarse la gran cantidad de iniciativas llevadas a cabo por la comuna, el intendente Ustarroz, expres\u00f3 \u201cuno de los ejes del Municipio pasa por pol\u00edticas p\u00fablicas en defensa de los derechos del ni\u00f1o y brindarles un festejo en su d\u00eda, a trav\u00e9s de gente con vocaci\u00f3n y voluntad de trabajo, la verdad nos llena de orgullo\u201d.<\/p>\n<p>Tambi\u00e9n estuvo presente en esta entrega, Lic. Jorgelina Silva, Secretaria de Desarrollo Social, qui\u00e9n inform\u00f3 \u201ceste a\u00f1o tenemos dos modalidades, el festejo propio de la Municipalidad que es el 18 de agosto en el predio del ex Mart\u00edn Rodr\u00edguez, donde con los colectivos pertenecientes al municipio recorremos los barrios para que todo aquel que quiera ir lo pueda hacer. Y por otro lado, acompa\u00f1ar a todas las instituciones que festejar\u00e1n el d\u00eda del ni\u00f1o en su barrio\u201d.<\/p>\n<p>Asimismo, Jorgelina Silva describi\u00f3 \u201cson m\u00e1s de veinticinco los pedidos que tenemos, hoy estamos haciendo los primeros cuatro, que har\u00e1n el festejo este fin de semana\u201d y se\u00f1al\u00f3 \u201cacompa\u00f1amos con insumos b\u00e1sicos, como las golosinas, leche cacao, az\u00facar, etc y colocaci\u00f3n de un inflable para que todos los ni\u00f1os del barrio pasen una hermosa jornada\u201d.<\/p>\n<p>Daniel L\u00f3pez, presidente del barrio San Justo, luego de la entrega, expres\u00f3 \u201cnuestra idea es juntar a los chicos del barrio y hacer algo divertido, estaremos invitando a todos los vecinos para poder compartir una linda tarde\u201d.<\/p>\n<p>Adem\u00e1s, Daniel L\u00f3pez, indic\u00f3 \u201cqueremos agradecer al Municipio y al intendente Ustarroz que siempre nos est\u00e1n brindando una mano\u201d y destac\u00f3 \u201cen el barrio se est\u00e1n haciendo muchas cosas, todos los vecinos est\u00e1n sumamente contentos con todos los trabajos que se est\u00e1n realizando, que van desde zanjeo, desmonte, mejora de calle con tosca en casi todo el barrio y nueva luminaria. Una gran cantidad de obras que hasta el momento nadie hab\u00eda hecho\u201d.<\/p>\n<p><strong>Invitaci\u00f3n<\/strong><\/p>\n<p>Por otro lado, la Municipalidad de Mercedes hizo extensiva la invitaci\u00f3n a todos los ni\u00f1os para festejar su d\u00eda el pr\u00f3ximo 18 de agosto en el predio del ex- Instituto Mart\u00edn Rodr\u00edguez. Es importante comunicar que habr\u00e1 dos colectivos municipales recorriendo distintos puntos de la ciudad, los cuales trasladar\u00e1n a las familias que quieran participar de la jornada de festejo.<\/p>\n<p>Fuente: Prensa Municipal<\/p>\n","protected":false},"excerpt":{"rendered":"<p>El intendente de Mercedes, Juan Ignacio Ustarroz, junto a su Secretaria de Desarrollo Social, Jorgelina Silva, entregaron insumos destinados a &#8230; <a title=\"Municipio colabora con instituciones y barrios para los festejos del d\u00eda del ni\u00f1o\" class=\"read-more\" href=\"https:\/\/www.hoymercedes.com.ar\/principal\/2018\/08\/12\/municipio-colabora-con-instituciones-y-barrios-para-los-festejos-del-dia-del-nino\/\" aria-label=\"Leer m\u00e1s sobre Municipio colabora con instituciones y barrios para los festejos del d\u00eda del ni\u00f1o\">Leer m\u00e1s<\/a><\/p>\n","protected":false},"author":1,"featured_media":79698,"comment_status":"closed","ping_status":"open","sticky":false,"template":"","format":"standard","meta":{"_monsterinsights_skip_tracking":false,"_monsterinsights_sitenote_active":false,"_monsterinsights_sitenote_note":"","_monsterinsights_sitenote_category":0,"jetpack_post_was_ever_published":false,"_jetpack_newsletter_access":"","_jetpack_dont_email_post_to_subs":false,"_jetpack_newsletter_tier_id":0,"_jetpack_memberships_contains_paywalled_content":false,"_jetpack_memberships_contains_paid_content":false,"footnotes":"","jetpack_publicize_message":"","jetpack_publicize_feature_enabled":true,"jetpack_social_post_already_shared":true,"jetpack_social_options":{"image_generator_settings":{"template":"highway","default_image_id":0,"font":"","enabled":false},"version":2},"_wpas_customize_per_network":false},"categories":[30],"tags":[600,870,1174,10,244],"class_list":["post-79697","post","type-post","status-publish","format-standard","has-post-thumbnail","hentry","category-municipio","tag-barrios","tag-desarrollo-social","tag-dia-del-nino","tag-mercedes","tag-municipio-2","generate-columns","tablet-grid-50","mobile-grid-100","grid-parent","grid-50"],"jetpack_publicize_connections":[],"jetpack_featured_media_url":"https:\/\/www.hoymercedes.com.ar\/principal\/wp-content\/uploads\/2018\/08\/12-muni-dia-ni\u00f1o.jpg","wps_subtitle":"Desarrollo Social","jetpack_sharing_enabled":true,"_links":{"self":[{"href":"https:\/\/www.hoymercedes.com.ar\/principal\/wp-json\/wp\/v2\/posts\/79697","targetHints":{"allow":["GET"]}}],"collection":[{"href":"https:\/\/www.hoymercedes.com.ar\/principal\/wp-json\/wp\/v2\/posts"}],"about":[{"href":"https:\/\/www.hoymercedes.com.ar\/principal\/wp-json\/wp\/v2\/types\/post"}],"author":[{"embeddable":true,"href":"https:\/\/www.hoymercedes.com.ar\/principal\/wp-json\/wp\/v2\/users\/1"}],"replies":[{"embeddable":true,"href":"https:\/\/www.hoymercedes.com.ar\/principal\/wp-json\/wp\/v2\/comments?post=79697"}],"version-history":[{"count":0,"href":"https:\/\/www.hoymercedes.com.ar\/principal\/wp-json\/wp\/v2\/posts\/79697\/revisions"}],"wp:featuredmedia":[{"embeddable":true,"href":"https:\/\/www.hoymercedes.com.ar\/principal\/wp-json\/wp\/v2\/media\/79698"}],"wp:attachment":[{"href":"https:\/\/www.hoymercedes.com.ar\/principal\/wp-json\/wp\/v2\/media?parent=79697"}],"wp:term":[{"taxonomy":"category","embeddable":true,"href":"https:\/\/www.hoymercedes.com.ar\/principal\/wp-json\/wp\/v2\/categories?post=79697"},{"taxonomy":"post_tag","embeddable":true,"href":"https:\/\/www.hoymercedes.com.ar\/principal\/wp-json\/wp\/v2\/tags?post=79697"}],"curies":[{"name":"wp","href":"https:\/\/api.w.org\/{rel}","templated":true}]}}