{"id":79717,"date":"2018-08-12T11:52:39","date_gmt":"2018-08-12T14:52:39","guid":{"rendered":"http:\/\/www.hoymercedes.com.ar\/principal\/?p=79717"},"modified":"2018-08-11T21:57:00","modified_gmt":"2018-08-12T00:57:00","slug":"350-000-aporta-municipio-al-club-ateneo-para-construccion-de-sum","status":"publish","type":"post","link":"https:\/\/www.hoymercedes.com.ar\/principal\/2018\/08\/12\/350-000-aporta-municipio-al-club-ateneo-para-construccion-de-sum\/","title":{"rendered":"$350.000 aporta municipio al Club Ateneo para construcci\u00f3n de SUM"},"content":{"rendered":"<p><strong><img loading=\"lazy\" decoding=\"async\" data-attachment-id=\"79718\" data-permalink=\"https:\/\/www.hoymercedes.com.ar\/principal\/2018\/08\/12\/350-000-aporta-municipio-al-club-ateneo-para-construccion-de-sum\/ateneo-2\/#main\" data-orig-file=\"https:\/\/www.hoymercedes.com.ar\/principal\/wp-content\/uploads\/2018\/08\/Ateneo-2.jpg\" data-orig-size=\"1280,720\" data-comments-opened=\"0\" data-image-meta=\"{&quot;aperture&quot;:&quot;0&quot;,&quot;credit&quot;:&quot;&quot;,&quot;camera&quot;:&quot;&quot;,&quot;caption&quot;:&quot;&quot;,&quot;created_timestamp&quot;:&quot;1533977015&quot;,&quot;copyright&quot;:&quot;&quot;,&quot;focal_length&quot;:&quot;0&quot;,&quot;iso&quot;:&quot;0&quot;,&quot;shutter_speed&quot;:&quot;0&quot;,&quot;title&quot;:&quot;&quot;,&quot;orientation&quot;:&quot;0&quot;}\" data-image-title=\"Ateneo-2\" data-image-description=\"\" data-image-caption=\"\" data-large-file=\"https:\/\/www.hoymercedes.com.ar\/principal\/wp-content\/uploads\/2018\/08\/Ateneo-2-1024x576.jpg\" class=\"aligncenter size-medium wp-image-79718\" src=\"https:\/\/www.hoymercedes.com.ar\/principal\/wp-content\/uploads\/2018\/08\/Ateneo-2-630x354.jpg\" alt=\"\" width=\"630\" height=\"354\" srcset=\"https:\/\/www.hoymercedes.com.ar\/principal\/wp-content\/uploads\/2018\/08\/Ateneo-2-630x354.jpg 630w, https:\/\/www.hoymercedes.com.ar\/principal\/wp-content\/uploads\/2018\/08\/Ateneo-2-150x84.jpg 150w, https:\/\/www.hoymercedes.com.ar\/principal\/wp-content\/uploads\/2018\/08\/Ateneo-2-1024x576.jpg 1024w, https:\/\/www.hoymercedes.com.ar\/principal\/wp-content\/uploads\/2018\/08\/Ateneo-2.jpg 1280w\" sizes=\"auto, (max-width: 630px) 100vw, 630px\" \/><\/strong><\/p>\n<p>Una vez m\u00e1s el Municipio de Mercedes invierte y colabora con una instituci\u00f3n deportiva de nuestra ciudad. En esta ocasi\u00f3n, el intendente Ustarroz, se acerc\u00f3 al club Ateneo de la Juventud Mercedina para hacer entrega de trescientos cincuenta mil pesos que ser\u00e1n utilizados para la construcci\u00f3n de un SUM, para las j\u00f3venes que practican hockey en dicha entidad. \u201cEl crecimiento, el desarrollo y la organizaci\u00f3n que tiene el club es un ejemplo. Vemos a los directivos y las familias acompa\u00f1ando, lo que demuestra que todos ayudan y apoyan a los chicos y chicas en los diferentes deportes\u201d sostuvo el primer mandatario, Juan Ignacio Ustarroz.<\/p>\n<p>El estado municipal, a trav\u00e9s de la Direcci\u00f3n de Deportes a cargo de Mart\u00edn Silvestre, contin\u00faa trabajando de manera mancomunada con los clubes de nuestra ciudad, ya que se entiende que el deporte es uno de los puntales que favorece la uni\u00f3n de la sociedad, de una manera sana e integral.<\/p>\n<p><strong>SUBSIDIAR Y TRABAJAR JUNTOS <\/strong><\/p>\n<p>El primer mandatario, ante los medios, inform\u00f3 \u201cestamos en una nueva etapa donde planteamos a los clubes que nos acerquen proyectos de infraestructura, los cuales evaluamos en conjunto\u201d y una vez aprobados \u201cel municipio se hace cargo, en un primer paso, de subsidiar en cincuenta por ciento ese proyecto y luego se lo ayuda al club para que pueda reunir el dinero faltante\u201d. Vale recordar que las cenas solidarias se han convertido en una valiosa herramienta en dicho sentido.<\/p>\n<p>De la misma manera, el Dr. Ustarroz sostuvo \u201cla manera a trav\u00e9s de la cual brindamos nuestra colaboraci\u00f3n es siempre la solidaridad, por ejemplo, en las fiestas populares le damos la posibilidad a los clubes para que puedan generar los fondos sobre la base del trabajo\u201d y agreg\u00f3 \u201ccreemos que es un ejemplo muy sano para nuestra sociedad ver a la familia del club unida y trabajando para que la instituci\u00f3n pueda crecer y prosperar\u201d.<\/p>\n<figure id=\"attachment_79719\" aria-describedby=\"caption-attachment-79719\" style=\"width: 620px\" class=\"wp-caption aligncenter\"><img loading=\"lazy\" decoding=\"async\" data-attachment-id=\"79719\" data-permalink=\"https:\/\/www.hoymercedes.com.ar\/principal\/2018\/08\/12\/350-000-aporta-municipio-al-club-ateneo-para-construccion-de-sum\/ateneo-3\/#main\" data-orig-file=\"https:\/\/www.hoymercedes.com.ar\/principal\/wp-content\/uploads\/2018\/08\/Ateneo-3.jpg\" data-orig-size=\"1280,720\" data-comments-opened=\"0\" data-image-meta=\"{&quot;aperture&quot;:&quot;0&quot;,&quot;credit&quot;:&quot;&quot;,&quot;camera&quot;:&quot;&quot;,&quot;caption&quot;:&quot;&quot;,&quot;created_timestamp&quot;:&quot;1533977015&quot;,&quot;copyright&quot;:&quot;&quot;,&quot;focal_length&quot;:&quot;0&quot;,&quot;iso&quot;:&quot;0&quot;,&quot;shutter_speed&quot;:&quot;0&quot;,&quot;title&quot;:&quot;&quot;,&quot;orientation&quot;:&quot;0&quot;}\" data-image-title=\"Ateneo-3\" data-image-description=\"\" data-image-caption=\"&lt;p&gt;Hockey en Ateneo &lt;\/p&gt;\n\" data-large-file=\"https:\/\/www.hoymercedes.com.ar\/principal\/wp-content\/uploads\/2018\/08\/Ateneo-3-1024x576.jpg\" class=\"size-medium wp-image-79719\" src=\"https:\/\/www.hoymercedes.com.ar\/principal\/wp-content\/uploads\/2018\/08\/Ateneo-3-630x354.jpg\" alt=\"\" width=\"630\" height=\"354\" srcset=\"https:\/\/www.hoymercedes.com.ar\/principal\/wp-content\/uploads\/2018\/08\/Ateneo-3-630x354.jpg 630w, https:\/\/www.hoymercedes.com.ar\/principal\/wp-content\/uploads\/2018\/08\/Ateneo-3-150x84.jpg 150w, https:\/\/www.hoymercedes.com.ar\/principal\/wp-content\/uploads\/2018\/08\/Ateneo-3-1024x576.jpg 1024w, https:\/\/www.hoymercedes.com.ar\/principal\/wp-content\/uploads\/2018\/08\/Ateneo-3.jpg 1280w\" sizes=\"auto, (max-width: 630px) 100vw, 630px\" \/><figcaption id=\"caption-attachment-79719\" class=\"wp-caption-text\">Hockey en Ateneo<\/figcaption><\/figure>\n<p><strong>SEGUIR CRECIENDO <\/strong><\/p>\n<p>Por su parte, el presidente de la entidad, Marcelo Pocaresi, dijo \u201cesta es una ayuda muy importante, nosotros tenemos un sue\u00f1o, que es seguir creciendo\u201d y enfatiz\u00f3 \u201cintegrar m\u00e1s a las familias, juntarlas para que vivan el deporte como lo hac\u00eda yo cuando era ni\u00f1o\u201d.<\/p>\n<p>Conjuntamente, Pocaresi, enfatiz\u00f3 \u201ccon este apoyo de la municipalidad y el respaldo que nos da intendente Ustarroz, la verdad que nos ayuda much\u00edsimo a crecer, nos llena de ilusiones de poder progresar y competir\u201d.<\/p>\n<p>\u201cMuy agradecido al municipio, al intendente Ustarroz, a la Direcci\u00f3n de Deportes porque la verdad que esta obra le va a sumar much\u00edsimo al club y nuestra idea es desarrollarnos e ir para adelante\u201d defini\u00f3 el presidente del club Ateneo de la Juventud Mercedina.<\/p>\n<p><strong>CONSTRUCCI\u00d3N DE UN SUM<\/strong><\/p>\n<p>Por otro lado, el intendente Ustarroz, explic\u00f3 en que consiste este primer paso de colaboraci\u00f3n con el club \u201cEn este caso en concreto estamos con un proyecto que nos acerc\u00f3 el Club Ateneo de realizar un SUM para quienes practican Hockey\u201d y afirm\u00f3 \u201cya hemos dado el primer paso con el desembolso por parte de la comuna del 50 por ciento\u201d.<\/p>\n<p>Estamos muy contentos con la labor que est\u00e1n haciendo todos los clubes de Mercedes, creemos de coraz\u00f3n que hay que hacer crecer cada vez m\u00e1s al deporte, porque a trav\u00e9s del mismo se educa, se integra, suma salud, transforma y se logra una sociedad mejor\u201d destac\u00f3 el jefe comunal, Juan Ignacio Ustarroz.<\/p>\n<p><strong>SEGUIR CRECIENDO <\/strong><\/p>\n<p>Por su parte, el presidente de la entidad, Marcelo Pocaresi, dijo \u201cesta es una ayuda muy importante, nosotros tenemos un sue\u00f1o, que es seguir creciendo\u201d y enfatiz\u00f3 \u201cintegrar m\u00e1s a las familias, juntarlas para que vivan el deporte como lo hac\u00eda yo cuando era ni\u00f1o\u201d.<\/p>\n<p>Conjuntamente, Pocaresi, enfatiz\u00f3 \u201ccon este apoyo de la municipalidad y el respaldo que nos da intendente Ustarroz, la verdad que nos ayuda much\u00edsimo a crecer, nos llena de ilusiones de poder progresar y competir\u201d.<\/p>\n<p>\u201cMuy agradecido al municipio, al intendente Ustarroz, a la Direcci\u00f3n de Deportes porque la verdad que esta obra le va a sumar much\u00edsimo al club y nuestra idea es desarrollarnos e ir para adelante\u201d defini\u00f3 el presidente del club Ateneo de la Juventud Mercedina.<\/p>\n<p>&nbsp;<\/p>\n<p>Data: Municipio\u00a0 \/ Direcci\u00f3n de Deportes<\/p>\n","protected":false},"excerpt":{"rendered":"<p>Una vez m\u00e1s el Municipio de Mercedes invierte y colabora con una instituci\u00f3n deportiva de nuestra ciudad. En esta ocasi\u00f3n, &#8230; <a title=\"$350.000 aporta municipio al Club Ateneo para construcci\u00f3n de SUM\" class=\"read-more\" href=\"https:\/\/www.hoymercedes.com.ar\/principal\/2018\/08\/12\/350-000-aporta-municipio-al-club-ateneo-para-construccion-de-sum\/\" aria-label=\"Leer m\u00e1s sobre $350.000 aporta municipio al Club Ateneo para construcci\u00f3n de SUM\">Leer m\u00e1s<\/a><\/p>\n","protected":false},"author":1,"featured_media":79718,"comment_status":"closed","ping_status":"open","sticky":false,"template":"","format":"standard","meta":{"_monsterinsights_skip_tracking":false,"_monsterinsights_sitenote_active":false,"_monsterinsights_sitenote_note":"","_monsterinsights_sitenote_category":0,"jetpack_post_was_ever_published":false,"_jetpack_newsletter_access":"","_jetpack_dont_email_post_to_subs":false,"_jetpack_newsletter_tier_id":0,"_jetpack_memberships_contains_paywalled_content":false,"_jetpack_memberships_contains_paid_content":false,"footnotes":"","jetpack_publicize_message":"","jetpack_publicize_feature_enabled":true,"jetpack_social_post_already_shared":true,"jetpack_social_options":{"image_generator_settings":{"template":"highway","default_image_id":0,"font":"","enabled":false},"version":2},"_wpas_customize_per_network":false},"categories":[21],"tags":[13590,585,13591,13042],"class_list":["post-79717","post","type-post","status-publish","format-standard","has-post-thumbnail","hentry","category-deportes","tag-clun-ateneo","tag-juan-ustarroz","tag-marcelo-pocaresi","tag-programa-esfuerzos-compartidos","generate-columns","tablet-grid-50","mobile-grid-100","grid-parent","grid-50"],"jetpack_publicize_connections":[],"jetpack_featured_media_url":"https:\/\/www.hoymercedes.com.ar\/principal\/wp-content\/uploads\/2018\/08\/Ateneo-2.jpg","wps_subtitle":"Programa Esfuerzos compartidos","jetpack_sharing_enabled":true,"jetpack-related-posts":[{"id":179226,"url":"https:\/\/www.hoymercedes.com.ar\/principal\/2024\/10\/01\/club-ateneo-inauguro-nuevo-playon-deportivo\/","url_meta":{"origin":79717,"position":0},"title":"Club Ateneo inaugur\u00f3 nuevo play\u00f3n deportivo","author":"hoymercedes","date":"1 octubre, 2024","format":false,"excerpt":"Club Ateneo inaugur\u00f3 nuevo play\u00f3n deportivo. Lo hizo con ayuda del Municipio por medio del programa \u00a0\u201cPlayones Multideportivos Accesibles\u201d. Estuvo presente el intendente Ustarroz quien felicit\u00f3 a toda su comunidad por este gran logro, concretado con esfuerzo y sacrificio. Hubo una gran cantidad de familias y deportistas presentes en el\u2026","rel":"","context":"En \u00abDeportes\u00bb","block_context":{"text":"Deportes","link":"https:\/\/www.hoymercedes.com.ar\/principal\/category\/deportes\/"},"img":{"alt_text":"Club Ateneo inaugur\u00f3 nuevo play\u00f3n deportivo","src":"https:\/\/i0.wp.com\/www.hoymercedes.com.ar\/principal\/wp-content\/uploads\/2024\/10\/Ateneo-PlayonDeportivo.jpg?resize=350%2C200&ssl=1","width":350,"height":200,"srcset":"https:\/\/i0.wp.com\/www.hoymercedes.com.ar\/principal\/wp-content\/uploads\/2024\/10\/Ateneo-PlayonDeportivo.jpg?resize=350%2C200&ssl=1 1x, https:\/\/i0.wp.com\/www.hoymercedes.com.ar\/principal\/wp-content\/uploads\/2024\/10\/Ateneo-PlayonDeportivo.jpg?resize=525%2C300&ssl=1 1.5x, https:\/\/i0.wp.com\/www.hoymercedes.com.ar\/principal\/wp-content\/uploads\/2024\/10\/Ateneo-PlayonDeportivo.jpg?resize=700%2C400&ssl=1 2x, https:\/\/i0.wp.com\/www.hoymercedes.com.ar\/principal\/wp-content\/uploads\/2024\/10\/Ateneo-PlayonDeportivo.jpg?resize=1050%2C600&ssl=1 3x"},"classes":[]},{"id":137597,"url":"https:\/\/www.hoymercedes.com.ar\/principal\/2021\/09\/21\/ustarroz-destaco-el-trabajo-de-la-asociacion-mercedina-de-basquet\/","url_meta":{"origin":79717,"position":1},"title":"Ustarroz destac\u00f3 el trabajo de la Asociaci\u00f3n Mercedina de B\u00e1squet","author":"hoymercedes","date":"21 septiembre, 2021","format":false,"excerpt":"El intendente Juan Ignacio Ustarroz acompa\u00f1\u00f3 a la Asociaci\u00f3n Mercedina de B\u00e1squet que tras much\u00edsimos a\u00f1os logr\u00f3 reconformarse y generar intervenciones deportivas. \u201cEsta es una jornada de fiesta. Un gran logro el que han efectuado\u201d dijo y remarc\u00f3 que \u201cdesde el municipio vamos a estar acompa\u00f1\u00e1ndolos porque tenemos la obligaci\u00f3n\u2026","rel":"","context":"En \u00abDeportes\u00bb","block_context":{"text":"Deportes","link":"https:\/\/www.hoymercedes.com.ar\/principal\/category\/deportes\/"},"img":{"alt_text":"","src":"https:\/\/i0.wp.com\/www.hoymercedes.com.ar\/principal\/wp-content\/uploads\/2021\/09\/photo_2021-09-19_18-16-19.jpg?resize=350%2C200&ssl=1","width":350,"height":200,"srcset":"https:\/\/i0.wp.com\/www.hoymercedes.com.ar\/principal\/wp-content\/uploads\/2021\/09\/photo_2021-09-19_18-16-19.jpg?resize=350%2C200&ssl=1 1x, https:\/\/i0.wp.com\/www.hoymercedes.com.ar\/principal\/wp-content\/uploads\/2021\/09\/photo_2021-09-19_18-16-19.jpg?resize=525%2C300&ssl=1 1.5x, https:\/\/i0.wp.com\/www.hoymercedes.com.ar\/principal\/wp-content\/uploads\/2021\/09\/photo_2021-09-19_18-16-19.jpg?resize=700%2C400&ssl=1 2x, https:\/\/i0.wp.com\/www.hoymercedes.com.ar\/principal\/wp-content\/uploads\/2021\/09\/photo_2021-09-19_18-16-19.jpg?resize=1050%2C600&ssl=1 3x"},"classes":[]},{"id":129339,"url":"https:\/\/www.hoymercedes.com.ar\/principal\/2021\/05\/01\/el-club-velez-recibio-subsidio-para-la-construccion-del-sum\/","url_meta":{"origin":79717,"position":2},"title":"El Club Velez recibi\u00f3 subsidio para la construcci\u00f3n del SUM","author":"hoymercedes","date":"1 mayo, 2021","format":false,"excerpt":"En el marco del Programa \u201cEsfuerzos Compartidos\u201d, el Club V\u00e9lez recibi\u00f3 un subsidio de manos del Jefe Comunal . El monto ser\u00e1 destinado para avanzar en la construcci\u00f3n del SUM en el predio que la instituci\u00f3n tiene en la intersecci\u00f3n de las avenidas 1 y 2. \u00a0 El presidente del\u2026","rel":"","context":"En \u00abDeportes\u00bb","block_context":{"text":"Deportes","link":"https:\/\/www.hoymercedes.com.ar\/principal\/category\/deportes\/"},"img":{"alt_text":"","src":"https:\/\/i0.wp.com\/www.hoymercedes.com.ar\/principal\/wp-content\/uploads\/2021\/05\/DSC06445.jpg?resize=350%2C200&ssl=1","width":350,"height":200,"srcset":"https:\/\/i0.wp.com\/www.hoymercedes.com.ar\/principal\/wp-content\/uploads\/2021\/05\/DSC06445.jpg?resize=350%2C200&ssl=1 1x, https:\/\/i0.wp.com\/www.hoymercedes.com.ar\/principal\/wp-content\/uploads\/2021\/05\/DSC06445.jpg?resize=525%2C300&ssl=1 1.5x, https:\/\/i0.wp.com\/www.hoymercedes.com.ar\/principal\/wp-content\/uploads\/2021\/05\/DSC06445.jpg?resize=700%2C400&ssl=1 2x"},"classes":[]},{"id":101681,"url":"https:\/\/www.hoymercedes.com.ar\/principal\/2019\/10\/23\/avanza-la-primera-cancha-de-hockey-sintetico-realizada-entre-ateneo-y-el-municipio\/","url_meta":{"origin":79717,"position":3},"title":"Avanza la primera cancha de hockey sint\u00e9tico realizada entre Ateneo y el Municipio","author":"hoymercedes","date":"23 octubre, 2019","format":false,"excerpt":"Preparaci\u00f3n del terreno El Municipio de Mercedes contin\u00faa trabajando de manera mancomunada con las diferentes instituciones, y en este caso en post de una actividad deportiva que viene creciendo a\u00f1o a a\u00f1o, como lo es el hockey. De esta manera, se est\u00e1 realizando la primera cancha de c\u00e9sped sint\u00e9tico en\u2026","rel":"","context":"En \u00abDeportes\u00bb","block_context":{"text":"Deportes","link":"https:\/\/www.hoymercedes.com.ar\/principal\/category\/deportes\/"},"img":{"alt_text":"","src":"https:\/\/i0.wp.com\/www.hoymercedes.com.ar\/principal\/wp-content\/uploads\/2019\/10\/Ateneo1.jpeg?resize=350%2C200&ssl=1","width":350,"height":200,"srcset":"https:\/\/i0.wp.com\/www.hoymercedes.com.ar\/principal\/wp-content\/uploads\/2019\/10\/Ateneo1.jpeg?resize=350%2C200&ssl=1 1x, https:\/\/i0.wp.com\/www.hoymercedes.com.ar\/principal\/wp-content\/uploads\/2019\/10\/Ateneo1.jpeg?resize=525%2C300&ssl=1 1.5x"},"classes":[]},{"id":157430,"url":"https:\/\/www.hoymercedes.com.ar\/principal\/2023\/01\/18\/entrega-de-materiales-para-los-clubes\/","url_meta":{"origin":79717,"position":4},"title":"Entrega de materiales para los clubes\u00a0\u00a0","author":"hoymercedes","date":"18 enero, 2023","format":false,"excerpt":"Se concret\u00f3 la entrega de materiales a los equipos que forman parte de la Liga Social de Hockey. En esta ocasi\u00f3n, fueron beneficiados de Ateneo, Defensores, Trocha y el CEF 40.\u00a0 Continuando con la entrega de materiales para los clubs de la ciudad, el pasado mi\u00e9rcoles se complet\u00f3 una nueva\u2026","rel":"","context":"En \u00abDeportes\u00bb","block_context":{"text":"Deportes","link":"https:\/\/www.hoymercedes.com.ar\/principal\/category\/deportes\/"},"img":{"alt_text":"","src":"https:\/\/i0.wp.com\/www.hoymercedes.com.ar\/principal\/wp-content\/uploads\/2023\/01\/hockey-1601.jpeg?resize=350%2C200&ssl=1","width":350,"height":200,"srcset":"https:\/\/i0.wp.com\/www.hoymercedes.com.ar\/principal\/wp-content\/uploads\/2023\/01\/hockey-1601.jpeg?resize=350%2C200&ssl=1 1x, https:\/\/i0.wp.com\/www.hoymercedes.com.ar\/principal\/wp-content\/uploads\/2023\/01\/hockey-1601.jpeg?resize=525%2C300&ssl=1 1.5x, https:\/\/i0.wp.com\/www.hoymercedes.com.ar\/principal\/wp-content\/uploads\/2023\/01\/hockey-1601.jpeg?resize=700%2C400&ssl=1 2x"},"classes":[]},{"id":137493,"url":"https:\/\/www.hoymercedes.com.ar\/principal\/2021\/09\/19\/inauguran-cancha-municipal-de-hockey-y-la-asociacion-mercedina-de-hockey\/","url_meta":{"origin":79717,"position":5},"title":"Inauguran Cancha Municipal de Hockey y la Asociaci\u00f3n Mercedina de Hockey","author":"hoymercedes","date":"19 septiembre, 2021","format":false,"excerpt":"En una jornada hist\u00f3rica se inaugur\u00f3 la Cancha Municipal de Hockey con c\u00e9sped sint\u00e9tico y puso en marcha la Asociaci\u00f3n Mercedina de Hockey. La construcci\u00f3n de primera calidad y al mejor nivel profesional se encuentra en el predio del Club Ateneo. \u201cEsto no hubiera sido posible sin la decisi\u00f3n del\u2026","rel":"","context":"En \u00abMunicipio\u00bb","block_context":{"text":"Municipio","link":"https:\/\/www.hoymercedes.com.ar\/principal\/category\/municipio\/"},"img":{"alt_text":"","src":"https:\/\/i0.wp.com\/www.hoymercedes.com.ar\/principal\/wp-content\/uploads\/2021\/09\/DSC04791.jpg?resize=350%2C200&ssl=1","width":350,"height":200,"srcset":"https:\/\/i0.wp.com\/www.hoymercedes.com.ar\/principal\/wp-content\/uploads\/2021\/09\/DSC04791.jpg?resize=350%2C200&ssl=1 1x, https:\/\/i0.wp.com\/www.hoymercedes.com.ar\/principal\/wp-content\/uploads\/2021\/09\/DSC04791.jpg?resize=525%2C300&ssl=1 1.5x, https:\/\/i0.wp.com\/www.hoymercedes.com.ar\/principal\/wp-content\/uploads\/2021\/09\/DSC04791.jpg?resize=700%2C400&ssl=1 2x"},"classes":[]}],"_links":{"self":[{"href":"https:\/\/www.hoymercedes.com.ar\/principal\/wp-json\/wp\/v2\/posts\/79717","targetHints":{"allow":["GET"]}}],"collection":[{"href":"https:\/\/www.hoymercedes.com.ar\/principal\/wp-json\/wp\/v2\/posts"}],"about":[{"href":"https:\/\/www.hoymercedes.com.ar\/principal\/wp-json\/wp\/v2\/types\/post"}],"author":[{"embeddable":true,"href":"https:\/\/www.hoymercedes.com.ar\/principal\/wp-json\/wp\/v2\/users\/1"}],"replies":[{"embeddable":true,"href":"https:\/\/www.hoymercedes.com.ar\/principal\/wp-json\/wp\/v2\/comments?post=79717"}],"version-history":[{"count":0,"href":"https:\/\/www.hoymercedes.com.ar\/principal\/wp-json\/wp\/v2\/posts\/79717\/revisions"}],"wp:featuredmedia":[{"embeddable":true,"href":"https:\/\/www.hoymercedes.com.ar\/principal\/wp-json\/wp\/v2\/media\/79718"}],"wp:attachment":[{"href":"https:\/\/www.hoymercedes.com.ar\/principal\/wp-json\/wp\/v2\/media?parent=79717"}],"wp:term":[{"taxonomy":"category","embeddable":true,"href":"https:\/\/www.hoymercedes.com.ar\/principal\/wp-json\/wp\/v2\/categories?post=79717"},{"taxonomy":"post_tag","embeddable":true,"href":"https:\/\/www.hoymercedes.com.ar\/principal\/wp-json\/wp\/v2\/tags?post=79717"}],"curies":[{"name":"wp","href":"https:\/\/api.w.org\/{rel}","templated":true}]}}