{"id":79726,"date":"2018-08-12T18:51:28","date_gmt":"2018-08-12T21:51:28","guid":{"rendered":"http:\/\/www.hoymercedes.com.ar\/principal\/?p=79726"},"modified":"2018-08-12T18:51:28","modified_gmt":"2018-08-12T21:51:28","slug":"juan-guinot-presento-su-mision-kenobi-en-sus-pagos","status":"publish","type":"post","link":"https:\/\/www.hoymercedes.com.ar\/principal\/2018\/08\/12\/juan-guinot-presento-su-mision-kenobi-en-sus-pagos\/","title":{"rendered":"Juan Guinot present\u00f3 su Misi\u00f3n Kenobi en sus pagos"},"content":{"rendered":"<p>El libro de literatura juvenil que public\u00f3 el mercedino Juan Guinot y que se lee en varios de los secundarios de la ciudad, fue presentado por el auto en el Museo de Arte. El viernes a la noche, acompa\u00f1ado de la profesora Gabriela Bourdieu y algunos de sus alumnos, Juan trajo su Misi\u00f3n Kenobi a la ciudad en donde la historia est\u00e1 ambientada.<\/p>\n<p><img loading=\"lazy\" decoding=\"async\" data-attachment-id=\"79728\" data-permalink=\"https:\/\/www.hoymercedes.com.ar\/principal\/2018\/08\/12\/juan-guinot-presento-su-mision-kenobi-en-sus-pagos\/12-mision-kenobi-2\/#main\" data-orig-file=\"https:\/\/www.hoymercedes.com.ar\/principal\/wp-content\/uploads\/2018\/08\/12-mision-kenobi-2.jpg\" data-orig-size=\"750,500\" data-comments-opened=\"0\" data-image-meta=\"{&quot;aperture&quot;:&quot;2&quot;,&quot;credit&quot;:&quot;&quot;,&quot;camera&quot;:&quot;Moto G (5S) Plus&quot;,&quot;caption&quot;:&quot;&quot;,&quot;created_timestamp&quot;:&quot;1533932364&quot;,&quot;copyright&quot;:&quot;&quot;,&quot;focal_length&quot;:&quot;3.59&quot;,&quot;iso&quot;:&quot;687&quot;,&quot;shutter_speed&quot;:&quot;0.03030303030303&quot;,&quot;title&quot;:&quot;&quot;,&quot;orientation&quot;:&quot;1&quot;}\" data-image-title=\"12 mision kenobi 2\" data-image-description=\"\" data-image-caption=\"\" data-large-file=\"https:\/\/www.hoymercedes.com.ar\/principal\/wp-content\/uploads\/2018\/08\/12-mision-kenobi-2.jpg\" class=\"aligncenter size-medium wp-image-79728\" src=\"https:\/\/www.hoymercedes.com.ar\/principal\/wp-content\/uploads\/2018\/08\/12-mision-kenobi-2-630x420.jpg\" alt=\"\" width=\"630\" height=\"420\" srcset=\"https:\/\/www.hoymercedes.com.ar\/principal\/wp-content\/uploads\/2018\/08\/12-mision-kenobi-2-630x420.jpg 630w, https:\/\/www.hoymercedes.com.ar\/principal\/wp-content\/uploads\/2018\/08\/12-mision-kenobi-2-150x100.jpg 150w, https:\/\/www.hoymercedes.com.ar\/principal\/wp-content\/uploads\/2018\/08\/12-mision-kenobi-2.jpg 750w\" sizes=\"auto, (max-width: 630px) 100vw, 630px\" \/><\/p>\n<p>Trabajos realizados por los alumnos del nivel secundario, la lectura de uno de los cap\u00edtulos del libro y una breve representaci\u00f3n en vivo actuada por los estudiantes fueron algunas de las sorpresas que Juan Guinot recibi\u00f3 en la presentaci\u00f3n local de Misi\u00f3n Kenobi.<\/p>\n<p><span class=\"embed-youtube\" style=\"text-align:center; display: block;\"><iframe loading=\"lazy\" class=\"youtube-player\" width=\"1200\" height=\"675\" src=\"https:\/\/www.youtube.com\/embed\/rHMIsRCIJDM?version=3&#038;rel=1&#038;showsearch=0&#038;showinfo=1&#038;iv_load_policy=1&#038;fs=1&#038;hl=es-ES&#038;autohide=2&#038;wmode=transparent\" allowfullscreen=\"true\" style=\"border:0;\" sandbox=\"allow-scripts allow-same-origin allow-popups allow-presentation allow-popups-to-escape-sandbox\"><\/iframe><\/span><\/p>\n<p>En la sala B y C del MAMM se arm\u00f3 el espacio para que Juan Guinot y Gabriela Bourdieu hagan su entrevista ante los presentes y donde el autor del libro cont\u00f3 la experiencia de escritura, como as\u00ed tambi\u00e9n las vivencias en las distintas presentaciones de libro que lleg\u00f3 a Bolivia, un pa\u00eds donde La Pulper\u00eda es otra cosa diferente a un lugar de expendio de bebidas para los gauchos.<\/p>\n<p>En el di\u00e1logo entre el escritor y la profesora, Juan cont\u00f3 que el protagonista del libro era su alter ego y que gran para de la historia hab\u00eda surgido gracias a su ni\u00f1ez de aventuras con amigos, hermanos y padres. En donde la Guerra de las Galaxias les permiti\u00f3 no son los conocer la historia de Jedi sino un mundo de fantas\u00edas y misiones que cumplir tal como lo hacen el libro.<\/p>\n<p><span class=\"embed-youtube\" style=\"text-align:center; display: block;\"><iframe loading=\"lazy\" class=\"youtube-player\" width=\"1200\" height=\"675\" src=\"https:\/\/www.youtube.com\/embed\/2uk1drwrE20?version=3&#038;rel=1&#038;showsearch=0&#038;showinfo=1&#038;iv_load_policy=1&#038;fs=1&#038;hl=es-ES&#038;autohide=2&#038;wmode=transparent\" allowfullscreen=\"true\" style=\"border:0;\" sandbox=\"allow-scripts allow-same-origin allow-popups allow-presentation allow-popups-to-escape-sandbox\"><\/iframe><\/span><\/p>\n<p>&nbsp;<\/p>\n<p>\u201cQue se te muera tu viejo, tengas la edad que tengas, es una muy doloroso, pero, tambi\u00e9n, algo altamente probable. Que tu viejo se te aparezca despu\u00e9s de muerto, es menos probable. Y, que se te aparezca vestido de Obi Wan Kenobi para darte misiones, hasta ahora, solo le sucedi\u00f3 a Luke Skywalker y al personaje de esta historia. En este libro te vas a enterar como el Lado Oscuro de la Fuerza lleg\u00f3 a un pueblo bonaerense para contaminar el r\u00edo. El protagonista, 12 a\u00f1os, deber\u00e1 enfrentarlos y recuperar el curso de agua para la vida. Para encarar la aventura tendr\u00e1 muy pocos aliados, casi todos enemigos y que, desde el m\u00e1s all\u00e1, a su viejo gui\u00e1ndolo. \u00abMisi\u00f3n Kenobi\u00bb es una aventura que te har\u00e1 recordar que la Fuerza, querido lector, est\u00e1 contigo\u201d.<br \/>\n&nbsp;<\/p>\n","protected":false},"excerpt":{"rendered":"<p>El libro de literatura juvenil que public\u00f3 el mercedino Juan Guinot y que se lee en varios de los secundarios &#8230; <a title=\"Juan Guinot present\u00f3 su Misi\u00f3n Kenobi en sus pagos\" class=\"read-more\" href=\"https:\/\/www.hoymercedes.com.ar\/principal\/2018\/08\/12\/juan-guinot-presento-su-mision-kenobi-en-sus-pagos\/\" aria-label=\"Leer m\u00e1s sobre Juan Guinot present\u00f3 su Misi\u00f3n Kenobi en sus pagos\">Leer m\u00e1s<\/a><\/p>\n","protected":false},"author":1,"featured_media":79727,"comment_status":"closed","ping_status":"open","sticky":false,"template":"","format":"standard","meta":{"_monsterinsights_skip_tracking":false,"_monsterinsights_sitenote_active":false,"_monsterinsights_sitenote_note":"","_monsterinsights_sitenote_category":0,"jetpack_post_was_ever_published":false,"_jetpack_newsletter_access":"","_jetpack_dont_email_post_to_subs":false,"_jetpack_newsletter_tier_id":0,"_jetpack_memberships_contains_paywalled_content":false,"_jetpack_memberships_contains_paid_content":false,"footnotes":"","jetpack_publicize_message":"","jetpack_publicize_feature_enabled":true,"jetpack_social_post_already_shared":true,"jetpack_social_options":{"image_generator_settings":{"template":"highway","default_image_id":0,"font":"","enabled":false},"version":2},"_wpas_customize_per_network":false},"categories":[104],"tags":[7805,2279,8674,10,13593],"class_list":["post-79726","post","type-post","status-publish","format-standard","has-post-thumbnail","hentry","category-cultura","tag-cultura","tag-juan-guinot","tag-mamm","tag-mercedes","tag-mision-kenobi","generate-columns","tablet-grid-50","mobile-grid-100","grid-parent","grid-50"],"jetpack_publicize_connections":[],"jetpack_featured_media_url":"https:\/\/www.hoymercedes.com.ar\/principal\/wp-content\/uploads\/2018\/08\/12-mision-kenobi-1.jpg","wps_subtitle":"Viernes a la noche en el MAMM","jetpack_sharing_enabled":true,"_links":{"self":[{"href":"https:\/\/www.hoymercedes.com.ar\/principal\/wp-json\/wp\/v2\/posts\/79726","targetHints":{"allow":["GET"]}}],"collection":[{"href":"https:\/\/www.hoymercedes.com.ar\/principal\/wp-json\/wp\/v2\/posts"}],"about":[{"href":"https:\/\/www.hoymercedes.com.ar\/principal\/wp-json\/wp\/v2\/types\/post"}],"author":[{"embeddable":true,"href":"https:\/\/www.hoymercedes.com.ar\/principal\/wp-json\/wp\/v2\/users\/1"}],"replies":[{"embeddable":true,"href":"https:\/\/www.hoymercedes.com.ar\/principal\/wp-json\/wp\/v2\/comments?post=79726"}],"version-history":[{"count":0,"href":"https:\/\/www.hoymercedes.com.ar\/principal\/wp-json\/wp\/v2\/posts\/79726\/revisions"}],"wp:featuredmedia":[{"embeddable":true,"href":"https:\/\/www.hoymercedes.com.ar\/principal\/wp-json\/wp\/v2\/media\/79727"}],"wp:attachment":[{"href":"https:\/\/www.hoymercedes.com.ar\/principal\/wp-json\/wp\/v2\/media?parent=79726"}],"wp:term":[{"taxonomy":"category","embeddable":true,"href":"https:\/\/www.hoymercedes.com.ar\/principal\/wp-json\/wp\/v2\/categories?post=79726"},{"taxonomy":"post_tag","embeddable":true,"href":"https:\/\/www.hoymercedes.com.ar\/principal\/wp-json\/wp\/v2\/tags?post=79726"}],"curies":[{"name":"wp","href":"https:\/\/api.w.org\/{rel}","templated":true}]}}