{"id":79736,"date":"2018-08-13T10:30:30","date_gmt":"2018-08-13T13:30:30","guid":{"rendered":"http:\/\/www.hoymercedes.com.ar\/principal\/?p=79736"},"modified":"2018-08-12T23:52:57","modified_gmt":"2018-08-13T02:52:57","slug":"la-ajb-reinauguro-su-salon-de-eventos-en-el-campo-de-deportes","status":"publish","type":"post","link":"https:\/\/www.hoymercedes.com.ar\/principal\/2018\/08\/13\/la-ajb-reinauguro-su-salon-de-eventos-en-el-campo-de-deportes\/","title":{"rendered":"La AJB reinaugur\u00f3 su sal\u00f3n de eventos en el campo de deportes"},"content":{"rendered":"<p>Durante la noche del viernes qued\u00f3 formalmente inaugurado un importante sal\u00f3n de fiestas en el campo de deporte de la Asociaci\u00f3n Judicial Bonaerense de Mercedes. Alrededor de las 21 hs. se dieron cita m\u00e1s de 250 afiliados que se apersonaron a los festejos por tan destacado hecho gremial, los cuales incluyeron un destacado servicio de catering, musicalizaci\u00f3n y el colorido de un verdadero ambiente de compa\u00f1erismo.<\/p>\n<p><img loading=\"lazy\" decoding=\"async\" data-attachment-id=\"79737\" data-permalink=\"https:\/\/www.hoymercedes.com.ar\/principal\/2018\/08\/13\/la-ajb-reinauguro-su-salon-de-eventos-en-el-campo-de-deportes\/13-ajb-salon\/#main\" data-orig-file=\"https:\/\/www.hoymercedes.com.ar\/principal\/wp-content\/uploads\/2018\/08\/13-ajb-salon.jpeg\" data-orig-size=\"750,500\" data-comments-opened=\"0\" data-image-meta=\"{&quot;aperture&quot;:&quot;0&quot;,&quot;credit&quot;:&quot;&quot;,&quot;camera&quot;:&quot;&quot;,&quot;caption&quot;:&quot;&quot;,&quot;created_timestamp&quot;:&quot;0&quot;,&quot;copyright&quot;:&quot;&quot;,&quot;focal_length&quot;:&quot;0&quot;,&quot;iso&quot;:&quot;0&quot;,&quot;shutter_speed&quot;:&quot;0&quot;,&quot;title&quot;:&quot;&quot;,&quot;orientation&quot;:&quot;0&quot;}\" data-image-title=\"13 ajb salon\" data-image-description=\"\" data-image-caption=\"\" data-large-file=\"https:\/\/www.hoymercedes.com.ar\/principal\/wp-content\/uploads\/2018\/08\/13-ajb-salon.jpeg\" class=\"aligncenter size-medium wp-image-79737\" src=\"https:\/\/www.hoymercedes.com.ar\/principal\/wp-content\/uploads\/2018\/08\/13-ajb-salon-630x420.jpeg\" alt=\"\" width=\"630\" height=\"420\" srcset=\"https:\/\/www.hoymercedes.com.ar\/principal\/wp-content\/uploads\/2018\/08\/13-ajb-salon-630x420.jpeg 630w, https:\/\/www.hoymercedes.com.ar\/principal\/wp-content\/uploads\/2018\/08\/13-ajb-salon-150x100.jpeg 150w, https:\/\/www.hoymercedes.com.ar\/principal\/wp-content\/uploads\/2018\/08\/13-ajb-salon.jpeg 750w\" sizes=\"auto, (max-width: 630px) 100vw, 630px\" \/><\/p>\n<p>Tambi\u00e9n se proyect\u00f3 un breve video en donde se repasaron la gran cantidad de obras que esta comisi\u00f3n directiva, conducida por Mariano Romano, llev\u00f3 a cabo en este corto pero intenso tiempo de gesti\u00f3n, como fue la colocaci\u00f3n de 360 metros de alambrado perimetral, parquizado del predio, la remodelaci\u00f3n del acceso al campo de deportes, la puesta en valor de las instalaciones, la construcci\u00f3n del Sal\u00f3n de Usos M\u00faltiples, el techado y remodelaci\u00f3n de la p\u00e9rgola principal y tantas otras.<\/p>\n<p>El encargado de dar la bienvenida fue Alberto Igoldi, quien agradeci\u00f3 la presencia de todos los presentes, pas\u00e1ndole la posta seguidamente al Secretario General de Mercedes, quien se mostr\u00f3 muy satisfecho por este importante logro, expresando: \u201dNos enorgullece representar a nuestros compa\u00f1eros, defendiendo sus intereses como lo hemos hecho desde el primer d\u00eda y tambi\u00e9n comunicando buenas noticias. Hoy estamos muy contentos de concretar este viejo anhelo\u201d.<\/p>\n<p>Asimismo, destac\u00f3 que: \u201cSabemos que circul\u00f3 un comentario de que hacer este sal\u00f3n era malgastar el dinero de los afiliados. Perm\u00edtanme decirles que, si hacer obras de esta importancia y magnitud es malgastar el dinero, lo vamos a seguir haciendo, porque esto es patrimonio de todos los afiliados.<\/p>\n<p>Finalmente, previo al corte de cinta oficial, tom\u00f3 la palabra el Secretario general a nivel provincial, Pablo Abramovich, quien descat\u00f3 que el esfuerzo de los afiliados y de la comisi\u00f3n directiva de Mercedes. \u00abEste sal\u00f3n es muy importante para todos, no solo por ser el m\u00e1s grande de todas las Departamentales, sino tambi\u00e9n porque ac\u00e1 se llevar\u00e1n a cabo festejos muy importantes en la vida de los afiliados, y eso nos hace sentir parte de lo que realmente somos: una gran familia\u201d<\/p>\n<p>Acompa\u00f1aron el evento las m\u00e1ximas autoridades de la AJB, como lo es el ya mencionado Pablo Abramovich, Secretario General; Jorge Sotelo, Secretario Adjunto; Mar\u00eda In\u00e9s Gimenez, Secretaria de Organizaci\u00f3n; Agust\u00edn Garc\u00eda, Secretario Gremial; Mariano Fern\u00e1ndez, Secretario de Relaciones Internacionales; Alberto Igoldi, Secretario de Hacienda provincial, como as\u00ed tambi\u00e9n se aperson\u00f3\u00a0\u00a0Santiago Fontela,\u00a0\u00a0Secretario Gral. de la Departamental La Plata.<\/p>\n<p><strong>El sal\u00f3n<\/strong><\/p>\n<p>El flamante sal\u00f3n de fiesta tiene una dimensi\u00f3n de 15 por 25 metros y cuenta con todas las medidas de seguridad reglamentarias, como son las salidas de emergencia con barras antip\u00e1tico, vidrios tipo \u201c3+3\u201d carteler\u00eda lum\u00ednica, luces de emergencia,\u00a0\u00a0extintores de fuego, manta ign\u00edfuga en el techo, entre otras.<\/p>\n<p>Cuenta con una cocina completa, la cual cuenta con cocina industrial, horno pizzero, una extensa mesada de granito de 8,5 metros de largo, lavaplatos, agua fr\u00eda y caliente, adem\u00e1s de otra mesada movible de acero inoxidable, heladeras, freezer, y todas las comodidades necesarias para vivir grandes festejos.<\/p>\n","protected":false},"excerpt":{"rendered":"<p>Durante la noche del viernes qued\u00f3 formalmente inaugurado un importante sal\u00f3n de fiestas en el campo de deporte de la &#8230; <a title=\"La AJB reinaugur\u00f3 su sal\u00f3n de eventos en el campo de deportes\" class=\"read-more\" href=\"https:\/\/www.hoymercedes.com.ar\/principal\/2018\/08\/13\/la-ajb-reinauguro-su-salon-de-eventos-en-el-campo-de-deportes\/\" aria-label=\"Leer m\u00e1s sobre La AJB reinaugur\u00f3 su sal\u00f3n de eventos en el campo de deportes\">Leer m\u00e1s<\/a><\/p>\n","protected":false},"author":1,"featured_media":79737,"comment_status":"closed","ping_status":"open","sticky":false,"template":"","format":"standard","meta":{"_monsterinsights_skip_tracking":false,"_monsterinsights_sitenote_active":false,"_monsterinsights_sitenote_note":"","_monsterinsights_sitenote_category":0,"jetpack_post_was_ever_published":false,"_jetpack_newsletter_access":"","_jetpack_dont_email_post_to_subs":false,"_jetpack_newsletter_tier_id":0,"_jetpack_memberships_contains_paywalled_content":false,"_jetpack_memberships_contains_paid_content":false,"footnotes":"","jetpack_publicize_message":"","jetpack_publicize_feature_enabled":true,"jetpack_social_post_already_shared":true,"jetpack_social_options":{"image_generator_settings":{"template":"highway","default_image_id":0,"font":"","enabled":false},"version":2},"_wpas_customize_per_network":false},"categories":[10563],"tags":[95,8799,13595,1443],"class_list":["post-79736","post","type-post","status-publish","format-standard","has-post-thumbnail","hentry","category-gremios-sindicatos","tag-ajb","tag-gremios","tag-salon-de-eventos","tag-sindicatos","generate-columns","tablet-grid-50","mobile-grid-100","grid-parent","grid-50"],"jetpack_publicize_connections":[],"jetpack_featured_media_url":"https:\/\/www.hoymercedes.com.ar\/principal\/wp-content\/uploads\/2018\/08\/13-ajb-salon.jpeg","wps_subtitle":"En la noche del viernes","jetpack_sharing_enabled":true,"_links":{"self":[{"href":"https:\/\/www.hoymercedes.com.ar\/principal\/wp-json\/wp\/v2\/posts\/79736","targetHints":{"allow":["GET"]}}],"collection":[{"href":"https:\/\/www.hoymercedes.com.ar\/principal\/wp-json\/wp\/v2\/posts"}],"about":[{"href":"https:\/\/www.hoymercedes.com.ar\/principal\/wp-json\/wp\/v2\/types\/post"}],"author":[{"embeddable":true,"href":"https:\/\/www.hoymercedes.com.ar\/principal\/wp-json\/wp\/v2\/users\/1"}],"replies":[{"embeddable":true,"href":"https:\/\/www.hoymercedes.com.ar\/principal\/wp-json\/wp\/v2\/comments?post=79736"}],"version-history":[{"count":0,"href":"https:\/\/www.hoymercedes.com.ar\/principal\/wp-json\/wp\/v2\/posts\/79736\/revisions"}],"wp:featuredmedia":[{"embeddable":true,"href":"https:\/\/www.hoymercedes.com.ar\/principal\/wp-json\/wp\/v2\/media\/79737"}],"wp:attachment":[{"href":"https:\/\/www.hoymercedes.com.ar\/principal\/wp-json\/wp\/v2\/media?parent=79736"}],"wp:term":[{"taxonomy":"category","embeddable":true,"href":"https:\/\/www.hoymercedes.com.ar\/principal\/wp-json\/wp\/v2\/categories?post=79736"},{"taxonomy":"post_tag","embeddable":true,"href":"https:\/\/www.hoymercedes.com.ar\/principal\/wp-json\/wp\/v2\/tags?post=79736"}],"curies":[{"name":"wp","href":"https:\/\/api.w.org\/{rel}","templated":true}]}}