{"id":79823,"date":"2018-08-14T19:01:12","date_gmt":"2018-08-14T22:01:12","guid":{"rendered":"http:\/\/www.hoymercedes.com.ar\/principal\/?p=79823"},"modified":"2018-08-14T18:27:57","modified_gmt":"2018-08-14T21:27:57","slug":"carlos-selva-gestiona-por-art-para-bomberos","status":"publish","type":"post","link":"https:\/\/www.hoymercedes.com.ar\/principal\/2018\/08\/14\/carlos-selva-gestiona-por-art-para-bomberos\/","title":{"rendered":"Carlos Selva gestiona por ART para Bomberos"},"content":{"rendered":"<p><em><strong>El Diputado Carlos Selva se reuni\u00f3 con la Senadora Magdalena Odarda y la Diputada Mar\u00eda Emilia Soria para avanzar en el Proyecto. Tiene media sanci\u00f3n del Senado y espera tratamiento en la Comisi\u00f3n de Presupuesto de la C\u00e1mara.<\/strong><\/em><\/p>\n<p><img loading=\"lazy\" decoding=\"async\" data-attachment-id=\"79824\" data-permalink=\"https:\/\/www.hoymercedes.com.ar\/principal\/2018\/08\/14\/carlos-selva-gestiona-por-art-para-bomberos\/14-carlos-selva\/#main\" data-orig-file=\"https:\/\/www.hoymercedes.com.ar\/principal\/wp-content\/uploads\/2018\/08\/14-Carlos-selva.jpg\" data-orig-size=\"750,375\" data-comments-opened=\"0\" data-image-meta=\"{&quot;aperture&quot;:&quot;0&quot;,&quot;credit&quot;:&quot;&quot;,&quot;camera&quot;:&quot;&quot;,&quot;caption&quot;:&quot;&quot;,&quot;created_timestamp&quot;:&quot;0&quot;,&quot;copyright&quot;:&quot;&quot;,&quot;focal_length&quot;:&quot;0&quot;,&quot;iso&quot;:&quot;0&quot;,&quot;shutter_speed&quot;:&quot;0&quot;,&quot;title&quot;:&quot;&quot;,&quot;orientation&quot;:&quot;0&quot;}\" data-image-title=\"14 Carlos selva\" data-image-description=\"\" data-image-caption=\"\" data-large-file=\"https:\/\/www.hoymercedes.com.ar\/principal\/wp-content\/uploads\/2018\/08\/14-Carlos-selva.jpg\" class=\"aligncenter size-medium wp-image-79824\" src=\"https:\/\/www.hoymercedes.com.ar\/principal\/wp-content\/uploads\/2018\/08\/14-Carlos-selva-630x315.jpg\" alt=\"\" width=\"630\" height=\"315\" srcset=\"https:\/\/www.hoymercedes.com.ar\/principal\/wp-content\/uploads\/2018\/08\/14-Carlos-selva-630x315.jpg 630w, https:\/\/www.hoymercedes.com.ar\/principal\/wp-content\/uploads\/2018\/08\/14-Carlos-selva-150x75.jpg 150w, https:\/\/www.hoymercedes.com.ar\/principal\/wp-content\/uploads\/2018\/08\/14-Carlos-selva.jpg 750w\" sizes=\"auto, (max-width: 630px) 100vw, 630px\" \/><\/p>\n<p>En el marco de las numerosas acciones que el diputado nacional Carlos Selva viene haciendo individualmente y desde su bloque del Frente Renovador por los Bomberos Voluntarios, en el d\u00eda de hoy tuvo una importante reuni\u00f3n.<\/p>\n<p>\u201cNos reunimos con la Senadora Magdalena Odarda y la Diputada Mar\u00eda Emilia Soria para avanzar en el Proyecto de Ley de ART para los Bomberos Voluntarios de Argentina\u201d, coment\u00f3 Selva.<\/p>\n<p>\u201cAs\u00ed como nos preocupa el financiamiento, nos preocupa que nuestros bomberos voluntarios tengan garantizada su salud ante los riesgos que enfrentan d\u00eda a d\u00eda en la noble y solidaria tarea que realizan\u201d, aclar\u00f3 el diputado nacional.<\/p>\n<p>El Proyecto tiene media sanci\u00f3n del Senado y espera tratamiento en la Comisi\u00f3n de Presupuesto de la C\u00e1mara de Diputados.<\/p>\n<p>&nbsp;<\/p>\n","protected":false},"excerpt":{"rendered":"<p>El Diputado Carlos Selva se reuni\u00f3 con la Senadora Magdalena Odarda y la Diputada Mar\u00eda Emilia Soria para avanzar en &#8230; <a title=\"Carlos Selva gestiona por ART para Bomberos\" class=\"read-more\" href=\"https:\/\/www.hoymercedes.com.ar\/principal\/2018\/08\/14\/carlos-selva-gestiona-por-art-para-bomberos\/\" aria-label=\"Leer m\u00e1s sobre Carlos Selva gestiona por ART para Bomberos\">Leer m\u00e1s<\/a><\/p>\n","protected":false},"author":1,"featured_media":79824,"comment_status":"closed","ping_status":"open","sticky":false,"template":"","format":"standard","meta":{"_monsterinsights_skip_tracking":false,"_monsterinsights_sitenote_active":false,"_monsterinsights_sitenote_note":"","_monsterinsights_sitenote_category":0,"jetpack_post_was_ever_published":false,"_jetpack_newsletter_access":"","_jetpack_dont_email_post_to_subs":false,"_jetpack_newsletter_tier_id":0,"_jetpack_memberships_contains_paywalled_content":false,"_jetpack_memberships_contains_paid_content":false,"footnotes":"","jetpack_publicize_message":"","jetpack_publicize_feature_enabled":true,"jetpack_social_post_already_shared":true,"jetpack_social_options":{"image_generator_settings":{"template":"highway","default_image_id":0,"font":"","enabled":false},"version":2},"_wpas_customize_per_network":false},"categories":[5210],"tags":[10691,865,39,13599,10113],"class_list":["post-79823","post","type-post","status-publish","format-standard","has-post-thumbnail","hentry","category-politica-nacional","tag-art","tag-bomberos-voluntarios","tag-carlos-selva","tag-fuente-renovador","tag-politica-nacional","generate-columns","tablet-grid-50","mobile-grid-100","grid-parent","grid-50"],"jetpack_publicize_connections":[],"jetpack_featured_media_url":"https:\/\/www.hoymercedes.com.ar\/principal\/wp-content\/uploads\/2018\/08\/14-Carlos-selva.jpg","wps_subtitle":"Proyecto legislativo nacional","jetpack_sharing_enabled":true,"jetpack-related-posts":[{"id":81720,"url":"https:\/\/www.hoymercedes.com.ar\/principal\/2018\/09\/27\/carlos-selva-participo-de-audiencia-publica-por-art-para-bomberos-voluntarios\/","url_meta":{"origin":79823,"position":0},"title":"Carlos Selva particip\u00f3 de audiencia p\u00fablica por ART para Bomberos Voluntarios","author":"hoymercedes","date":"27 septiembre, 2018","format":false,"excerpt":"E d\u00eda jueves, el diputado nacional mercedino, Carlos Selva, junto a distintos diputados y senadores nacionales, llevaron adelante una reuni\u00f3n parlamentaria\u00a0de la cual participaron las asociaciones de Bomberos Voluntarios de distintos puntos del pa\u00eds y representantes del Consejo Nacional de Bomberos Voluntarios. Entre ellos, los Bomberos de Mercedes representados por\u2026","rel":"","context":"En \u00abPol\u00edtica Nacional\u00bb","block_context":{"text":"Pol\u00edtica Nacional","link":"https:\/\/www.hoymercedes.com.ar\/principal\/category\/politica-nacional\/"},"img":{"alt_text":"","src":"https:\/\/i0.wp.com\/www.hoymercedes.com.ar\/principal\/wp-content\/uploads\/2018\/09\/27-selva-bomberos-1.jpg?resize=350%2C200&ssl=1","width":350,"height":200,"srcset":"https:\/\/i0.wp.com\/www.hoymercedes.com.ar\/principal\/wp-content\/uploads\/2018\/09\/27-selva-bomberos-1.jpg?resize=350%2C200&ssl=1 1x, https:\/\/i0.wp.com\/www.hoymercedes.com.ar\/principal\/wp-content\/uploads\/2018\/09\/27-selva-bomberos-1.jpg?resize=525%2C300&ssl=1 1.5x, https:\/\/i0.wp.com\/www.hoymercedes.com.ar\/principal\/wp-content\/uploads\/2018\/09\/27-selva-bomberos-1.jpg?resize=700%2C400&ssl=1 2x"},"classes":[]},{"id":78140,"url":"https:\/\/www.hoymercedes.com.ar\/principal\/2018\/07\/03\/selva-cuestiona-ajuste-a-bomberos-cumplen-un-rol-valioso-y-todos-lo-sabemos\/","url_meta":{"origin":79823,"position":1},"title":"Selva cuestiona ajuste a Bomberos: \u201cCumplen un rol valioso y todos lo sabemos\u201d","author":"hoymercedes","date":"3 julio, 2018","format":false,"excerpt":"\u201cVamos a exigir a trav\u00e9s de un proyecto que el Estado cumpla con lo que prev\u00e9 la ley 25.054 y transfiera de manera inmediata los fondos\u201d, sostuvo el diputado del Frente Renovador. \u201cComo lo advertimos la semana pasada luego de recibir a la Asociaci\u00f3n Nacional de Bomberos Voluntarios en la\u2026","rel":"","context":"En \u00abPol\u00edtica Nacional\u00bb","block_context":{"text":"Pol\u00edtica Nacional","link":"https:\/\/www.hoymercedes.com.ar\/principal\/category\/politica-nacional\/"},"img":{"alt_text":"","src":"https:\/\/i0.wp.com\/www.hoymercedes.com.ar\/principal\/wp-content\/uploads\/2018\/07\/03-selvabombero.jpg?resize=350%2C200&ssl=1","width":350,"height":200,"srcset":"https:\/\/i0.wp.com\/www.hoymercedes.com.ar\/principal\/wp-content\/uploads\/2018\/07\/03-selvabombero.jpg?resize=350%2C200&ssl=1 1x, https:\/\/i0.wp.com\/www.hoymercedes.com.ar\/principal\/wp-content\/uploads\/2018\/07\/03-selvabombero.jpg?resize=525%2C300&ssl=1 1.5x, https:\/\/i0.wp.com\/www.hoymercedes.com.ar\/principal\/wp-content\/uploads\/2018\/07\/03-selvabombero.jpg?resize=700%2C400&ssl=1 2x"},"classes":[]},{"id":191917,"url":"https:\/\/www.hoymercedes.com.ar\/principal\/2026\/02\/12\/sabrina-selva-continua-trabajando-junto-a-la-fundacion-de-bomberos\/","url_meta":{"origin":79823,"position":2},"title":"Sabrina Selva contin\u00faa trabajando junto a la Fundaci\u00f3n de Bomberos","author":"hoymercedes","date":"12 febrero, 2026","format":false,"excerpt":"La diputada nacional mercedina, Sabrina Selva, mantuvo un encuentro clave con las autoridades de la Fundaci\u00f3n de Bomberas y Bomberos Voluntarios de Argentina. El objetivo central de la reuni\u00f3n fue conocer el despliegue territorial de la organizaci\u00f3n y coordinar una agenda legislativa que fortalezca la prevenci\u00f3n de incendios y el\u2026","rel":"","context":"En \u00abPol\u00edtica\u00bb","block_context":{"text":"Pol\u00edtica","link":"https:\/\/www.hoymercedes.com.ar\/principal\/category\/politica\/"},"img":{"alt_text":"Sabrina Selva contin\u00faa trabajando junto a la Fundaci\u00f3n de Bomberos","src":"https:\/\/i0.wp.com\/www.hoymercedes.com.ar\/principal\/wp-content\/uploads\/2026\/02\/SabrinaSelva-FundacionBomberos.jpg?resize=350%2C200&ssl=1","width":350,"height":200,"srcset":"https:\/\/i0.wp.com\/www.hoymercedes.com.ar\/principal\/wp-content\/uploads\/2026\/02\/SabrinaSelva-FundacionBomberos.jpg?resize=350%2C200&ssl=1 1x, https:\/\/i0.wp.com\/www.hoymercedes.com.ar\/principal\/wp-content\/uploads\/2026\/02\/SabrinaSelva-FundacionBomberos.jpg?resize=525%2C300&ssl=1 1.5x, https:\/\/i0.wp.com\/www.hoymercedes.com.ar\/principal\/wp-content\/uploads\/2026\/02\/SabrinaSelva-FundacionBomberos.jpg?resize=700%2C400&ssl=1 2x, https:\/\/i0.wp.com\/www.hoymercedes.com.ar\/principal\/wp-content\/uploads\/2026\/02\/SabrinaSelva-FundacionBomberos.jpg?resize=1050%2C600&ssl=1 3x"},"classes":[]},{"id":84361,"url":"https:\/\/www.hoymercedes.com.ar\/principal\/2018\/11\/22\/reconocen-a-folkloristas-fomentando-la-musica-en-las-escuelas\/","url_meta":{"origin":79823,"position":3},"title":"Reconocen a folkloristas fomentando la m\u00fasica en las escuelas","author":"hoymercedes","date":"22 noviembre, 2018","format":false,"excerpt":"En el marco del proyecto de Ley Nacional de Folklore en las Escuelas que impulsa la Senadora rionegrina Magdalena Odarda, en la jornada del mi\u00e9rcoles, diputados y senadores homenajearon a destacadas personalidades del folklore argentino. La ley tiene media sanci\u00f3n de senadores, y antes del 30 de noviembre, lo deben\u2026","rel":"","context":"En \u00abCultura\u00bb","block_context":{"text":"Cultura","link":"https:\/\/www.hoymercedes.com.ar\/principal\/category\/cultura\/"},"img":{"alt_text":"","src":"https:\/\/i0.wp.com\/www.hoymercedes.com.ar\/principal\/wp-content\/uploads\/2018\/11\/22-Selva-1.jpg?resize=350%2C200&ssl=1","width":350,"height":200,"srcset":"https:\/\/i0.wp.com\/www.hoymercedes.com.ar\/principal\/wp-content\/uploads\/2018\/11\/22-Selva-1.jpg?resize=350%2C200&ssl=1 1x, https:\/\/i0.wp.com\/www.hoymercedes.com.ar\/principal\/wp-content\/uploads\/2018\/11\/22-Selva-1.jpg?resize=525%2C300&ssl=1 1.5x, https:\/\/i0.wp.com\/www.hoymercedes.com.ar\/principal\/wp-content\/uploads\/2018\/11\/22-Selva-1.jpg?resize=700%2C400&ssl=1 2x"},"classes":[]},{"id":79330,"url":"https:\/\/www.hoymercedes.com.ar\/principal\/2018\/08\/02\/bomberos-voluntarios-de-mercedes-participaron-del-abrazo-al-congreso-y-del-sirenazo\/","url_meta":{"origin":79823,"position":4},"title":"Bomberos Voluntarios de Mercedes participaron del abrazo al Congreso y del Sirenazo","author":"hoymercedes","date":"2 agosto, 2018","format":false,"excerpt":"Presentes en el Congreso Nacional, el Cuerpo de Bomberos Voluntarios de Mercedes particip\u00f3 del abrazo al edificio principal del Poder Legislativo Nacional y tanto all\u00e1 como en el cuartel de la ciudad llevaron adelante un nuevo sirenazo a nivel nacional. (VER VIDEOS) El reclamo de los Bomberos de todo el\u2026","rel":"","context":"En \u00abSociedad\u00bb","block_context":{"text":"Sociedad","link":"https:\/\/www.hoymercedes.com.ar\/principal\/category\/sociedad\/"},"img":{"alt_text":"","src":"https:\/\/i0.wp.com\/www.hoymercedes.com.ar\/principal\/wp-content\/uploads\/2018\/08\/02-bomberos-3.jpg?resize=350%2C200&ssl=1","width":350,"height":200,"srcset":"https:\/\/i0.wp.com\/www.hoymercedes.com.ar\/principal\/wp-content\/uploads\/2018\/08\/02-bomberos-3.jpg?resize=350%2C200&ssl=1 1x, https:\/\/i0.wp.com\/www.hoymercedes.com.ar\/principal\/wp-content\/uploads\/2018\/08\/02-bomberos-3.jpg?resize=525%2C300&ssl=1 1.5x, https:\/\/i0.wp.com\/www.hoymercedes.com.ar\/principal\/wp-content\/uploads\/2018\/08\/02-bomberos-3.jpg?resize=700%2C400&ssl=1 2x"},"classes":[]},{"id":79002,"url":"https:\/\/www.hoymercedes.com.ar\/principal\/2018\/07\/25\/carlos-selva-el-estado-esta-haciendo-malversacion-de-fondos\/","url_meta":{"origin":79823,"position":5},"title":"Carlos Selva: \u00a0\u201cEl Estado est\u00e1 haciendo malversaci\u00f3n de fondos\u201d","author":"hoymercedes","date":"25 julio, 2018","format":false,"excerpt":"\u201cLlama la atenci\u00f3n que a\u00fan no se haya querido resolver este tema. Incomoda y molesta mucho\u201d, dijo el diputado nacional Carlos Selva. E indic\u00f3 que como \u201chay responsables\u201d, desde el bloque del Frente Renovador podr\u00edan recurrir a la justicia.\u00a0 Por estas horas una de las problem\u00e1ticas que mas de discute\u2026","rel":"","context":"En \u00abPol\u00edtica Nacional\u00bb","block_context":{"text":"Pol\u00edtica Nacional","link":"https:\/\/www.hoymercedes.com.ar\/principal\/category\/politica-nacional\/"},"img":{"alt_text":"","src":"https:\/\/i0.wp.com\/www.hoymercedes.com.ar\/principal\/wp-content\/uploads\/2018\/04\/26-carlos_selva_recinto.jpg?resize=350%2C200&ssl=1","width":350,"height":200,"srcset":"https:\/\/i0.wp.com\/www.hoymercedes.com.ar\/principal\/wp-content\/uploads\/2018\/04\/26-carlos_selva_recinto.jpg?resize=350%2C200&ssl=1 1x, https:\/\/i0.wp.com\/www.hoymercedes.com.ar\/principal\/wp-content\/uploads\/2018\/04\/26-carlos_selva_recinto.jpg?resize=525%2C300&ssl=1 1.5x, https:\/\/i0.wp.com\/www.hoymercedes.com.ar\/principal\/wp-content\/uploads\/2018\/04\/26-carlos_selva_recinto.jpg?resize=700%2C400&ssl=1 2x"},"classes":[]}],"_links":{"self":[{"href":"https:\/\/www.hoymercedes.com.ar\/principal\/wp-json\/wp\/v2\/posts\/79823","targetHints":{"allow":["GET"]}}],"collection":[{"href":"https:\/\/www.hoymercedes.com.ar\/principal\/wp-json\/wp\/v2\/posts"}],"about":[{"href":"https:\/\/www.hoymercedes.com.ar\/principal\/wp-json\/wp\/v2\/types\/post"}],"author":[{"embeddable":true,"href":"https:\/\/www.hoymercedes.com.ar\/principal\/wp-json\/wp\/v2\/users\/1"}],"replies":[{"embeddable":true,"href":"https:\/\/www.hoymercedes.com.ar\/principal\/wp-json\/wp\/v2\/comments?post=79823"}],"version-history":[{"count":0,"href":"https:\/\/www.hoymercedes.com.ar\/principal\/wp-json\/wp\/v2\/posts\/79823\/revisions"}],"wp:featuredmedia":[{"embeddable":true,"href":"https:\/\/www.hoymercedes.com.ar\/principal\/wp-json\/wp\/v2\/media\/79824"}],"wp:attachment":[{"href":"https:\/\/www.hoymercedes.com.ar\/principal\/wp-json\/wp\/v2\/media?parent=79823"}],"wp:term":[{"taxonomy":"category","embeddable":true,"href":"https:\/\/www.hoymercedes.com.ar\/principal\/wp-json\/wp\/v2\/categories?post=79823"},{"taxonomy":"post_tag","embeddable":true,"href":"https:\/\/www.hoymercedes.com.ar\/principal\/wp-json\/wp\/v2\/tags?post=79823"}],"curies":[{"name":"wp","href":"https:\/\/api.w.org\/{rel}","templated":true}]}}