{"id":79854,"date":"2018-08-15T08:00:43","date_gmt":"2018-08-15T11:00:43","guid":{"rendered":"http:\/\/www.hoymercedes.com.ar\/principal\/?p=79854"},"modified":"2018-08-14T23:02:29","modified_gmt":"2018-08-15T02:02:29","slug":"iglesias-evangelicas-y-sec-de-seguridad-realizan-cursos-de-licencia-y-seguridad-vial","status":"publish","type":"post","link":"https:\/\/www.hoymercedes.com.ar\/principal\/2018\/08\/15\/iglesias-evangelicas-y-sec-de-seguridad-realizan-cursos-de-licencia-y-seguridad-vial\/","title":{"rendered":"Iglesias Evang\u00e9licas y Sec. de Seguridad realizan cursos de licencia y Seguridad Vial"},"content":{"rendered":"<figure id=\"attachment_79855\" aria-describedby=\"caption-attachment-79855\" style=\"width: 620px\" class=\"wp-caption aligncenter\"><img loading=\"lazy\" decoding=\"async\" data-attachment-id=\"79855\" data-permalink=\"https:\/\/www.hoymercedes.com.ar\/principal\/2018\/08\/15\/iglesias-evangelicas-y-sec-de-seguridad-realizan-cursos-de-licencia-y-seguridad-vial\/3-5\/#main\" data-orig-file=\"https:\/\/www.hoymercedes.com.ar\/principal\/wp-content\/uploads\/2018\/08\/3.jpeg\" data-orig-size=\"774,510\" data-comments-opened=\"0\" data-image-meta=\"{&quot;aperture&quot;:&quot;0&quot;,&quot;credit&quot;:&quot;&quot;,&quot;camera&quot;:&quot;&quot;,&quot;caption&quot;:&quot;&quot;,&quot;created_timestamp&quot;:&quot;0&quot;,&quot;copyright&quot;:&quot;&quot;,&quot;focal_length&quot;:&quot;0&quot;,&quot;iso&quot;:&quot;0&quot;,&quot;shutter_speed&quot;:&quot;0&quot;,&quot;title&quot;:&quot;&quot;,&quot;orientation&quot;:&quot;0&quot;}\" data-image-title=\"3\" data-image-description=\"\" data-image-caption=\"&lt;p&gt;Formaci\u00f3n&lt;\/p&gt;\n\" data-large-file=\"https:\/\/www.hoymercedes.com.ar\/principal\/wp-content\/uploads\/2018\/08\/3.jpeg\" class=\"size-medium wp-image-79855\" src=\"https:\/\/www.hoymercedes.com.ar\/principal\/wp-content\/uploads\/2018\/08\/3-630x415.jpeg\" alt=\"\" width=\"630\" height=\"415\" srcset=\"https:\/\/www.hoymercedes.com.ar\/principal\/wp-content\/uploads\/2018\/08\/3-630x415.jpeg 630w, https:\/\/www.hoymercedes.com.ar\/principal\/wp-content\/uploads\/2018\/08\/3-150x99.jpeg 150w, https:\/\/www.hoymercedes.com.ar\/principal\/wp-content\/uploads\/2018\/08\/3.jpeg 774w\" sizes=\"auto, (max-width: 630px) 100vw, 630px\" \/><figcaption id=\"caption-attachment-79855\" class=\"wp-caption-text\">Formaci\u00f3n<\/figcaption><\/figure>\n<p style=\"font-weight: 400;\">En el marco del plan integral de seguridad de vial, que desde hace tiempo se viene realizando en nuestra ciudad se llev\u00f3 a cabo un nuevo encuentro de los cursos descentralizados de \u201clicencia de conducir\u201d que llega adelante la Secretar\u00eda de Seguridad por medio de su \u00e1rea de tr\u00e1nsito.<\/p>\n<p style=\"font-weight: 400;\">La Sub Secretaria de Seguridad mencion\u00f3 que \u201cdentro del compromiso de seguridad vial se convoca a distintas instituciones, entre ellas las evang\u00e9licas, que tienen un fuerte compromiso en el tema y fueron parte de la firma y convocatoria tiempo atr\u00e1s cuando con el intendente Ustarroz lanzamos el proyecto\u201d, coment\u00f3 la doctora Clara Zunino.<\/p>\n<p style=\"font-weight: 400;\">La actividad cont\u00f3 con m\u00e1s de 50 asistentes, siendo muy valioso y que se suma a los realizados en barrios, sociedades de fomentos, clubes de barrio, centros de jubilados, instituciones y escuelas de la ciudad, permitiendo trabajar m\u00e1s y mejor cerca de los vecinos.<\/p>\n<p style=\"font-weight: 400;\">La propuesta vale recordar que fue realizada tiempo atr\u00e1s y en la misma se cont\u00f3 con la adhesi\u00f3n de las instituciones religiosas mencionadas, siendo desarrollado el curso en esta ocasi\u00f3n en la Iglesia de calle 10 y 45<\/p>\n<p>&nbsp;<\/p>\n<p>Data: Municipio<\/p>\n","protected":false},"excerpt":{"rendered":"<p>En el marco del plan integral de seguridad de vial, que desde hace tiempo se viene realizando en nuestra ciudad &#8230; <a title=\"Iglesias Evang\u00e9licas y Sec. de Seguridad realizan cursos de licencia y Seguridad Vial\" class=\"read-more\" href=\"https:\/\/www.hoymercedes.com.ar\/principal\/2018\/08\/15\/iglesias-evangelicas-y-sec-de-seguridad-realizan-cursos-de-licencia-y-seguridad-vial\/\" aria-label=\"Leer m\u00e1s sobre Iglesias Evang\u00e9licas y Sec. de Seguridad realizan cursos de licencia y Seguridad Vial\">Leer m\u00e1s<\/a><\/p>\n","protected":false},"author":1,"featured_media":79855,"comment_status":"closed","ping_status":"open","sticky":false,"template":"","format":"standard","meta":{"_monsterinsights_skip_tracking":false,"_monsterinsights_sitenote_active":false,"_monsterinsights_sitenote_note":"","_monsterinsights_sitenote_category":0,"jetpack_post_was_ever_published":false,"_jetpack_newsletter_access":"","_jetpack_dont_email_post_to_subs":false,"_jetpack_newsletter_tier_id":0,"_jetpack_memberships_contains_paywalled_content":false,"_jetpack_memberships_contains_paid_content":false,"footnotes":"","jetpack_publicize_message":"","jetpack_publicize_feature_enabled":true,"jetpack_social_post_already_shared":true,"jetpack_social_options":{"image_generator_settings":{"template":"highway","default_image_id":0,"font":"","enabled":false},"version":2},"_wpas_customize_per_network":false},"categories":[30],"tags":[11910,197,11080],"class_list":["post-79854","post","type-post","status-publish","format-standard","has-post-thumbnail","hentry","category-municipio","tag-clara-zunino","tag-municipalidad-de-mercedes","tag-secretaria-de-seguridad","generate-columns","tablet-grid-50","mobile-grid-100","grid-parent","grid-50"],"jetpack_publicize_connections":[],"jetpack_featured_media_url":"https:\/\/www.hoymercedes.com.ar\/principal\/wp-content\/uploads\/2018\/08\/3.jpeg","wps_subtitle":"Formaci\u00f3n","jetpack_sharing_enabled":true,"jetpack-related-posts":[{"id":75705,"url":"https:\/\/www.hoymercedes.com.ar\/principal\/2018\/05\/12\/vecinos-de-gowland-y-agote-recibieron-cursos-para-obtener-la-licencia-de-conducir\/","url_meta":{"origin":79854,"position":0},"title":"Vecinos de Gowland y Agote recibieron cursos para obtener la licencia de conducir","author":"hoymercedes","date":"12 mayo, 2018","format":false,"excerpt":"Este viernes \u00faltimo, los vecinos de la Sociedad de Fomento de Gowland recibieron a los instructores de la Secretar\u00eda de Seguridad en el marco del Programa \u201cLicencia en t\u00fa barrio\u201d. Los cursos te\u00f3ricos brindan una importante soluci\u00f3n y acercamiento a los vecinos, con una fuerte mirada en seguridad vial y\u2026","rel":"","context":"En \u00abMunicipio\u00bb","block_context":{"text":"Municipio","link":"https:\/\/www.hoymercedes.com.ar\/principal\/category\/municipio\/"},"img":{"alt_text":"","src":"https:\/\/i0.wp.com\/www.hoymercedes.com.ar\/principal\/wp-content\/uploads\/2018\/05\/12-gowland-licenciaentubarrio.jpg?resize=350%2C200&ssl=1","width":350,"height":200,"srcset":"https:\/\/i0.wp.com\/www.hoymercedes.com.ar\/principal\/wp-content\/uploads\/2018\/05\/12-gowland-licenciaentubarrio.jpg?resize=350%2C200&ssl=1 1x, https:\/\/i0.wp.com\/www.hoymercedes.com.ar\/principal\/wp-content\/uploads\/2018\/05\/12-gowland-licenciaentubarrio.jpg?resize=525%2C300&ssl=1 1.5x, https:\/\/i0.wp.com\/www.hoymercedes.com.ar\/principal\/wp-content\/uploads\/2018\/05\/12-gowland-licenciaentubarrio.jpg?resize=700%2C400&ssl=1 2x"},"classes":[]},{"id":68896,"url":"https:\/\/www.hoymercedes.com.ar\/principal\/2017\/10\/27\/relanzan-cursos-teoricos-de-licencia-de-conducir-en-los-barrios\/","url_meta":{"origin":79854,"position":1},"title":"Relanzan cursos te\u00f3ricos de licencia de conducir en los barrios","author":"hoymercedes","date":"27 octubre, 2017","format":false,"excerpt":"La Secretar\u00eda de Seguridad est\u00e1 programando un nuevo cronograma de encuentros barriales del ciclo de \u201ccursos te\u00f3ricos\u201d para obtener la \u201clicencia de conducir\u201d. Una continuaci\u00f3n de los cursos que realizaron en distintas zonas urbanas y rurales, del cual participaron cerca 1000 vecinos participando. La medida permiti\u00f3 descentralizar y desburocratizar una\u2026","rel":"","context":"En \u00abMunicipio\u00bb","block_context":{"text":"Municipio","link":"https:\/\/www.hoymercedes.com.ar\/principal\/category\/municipio\/"},"img":{"alt_text":"","src":"https:\/\/i0.wp.com\/www.hoymercedes.com.ar\/principal\/wp-content\/uploads\/2017\/10\/27-transito.jpg?resize=350%2C200&ssl=1","width":350,"height":200,"srcset":"https:\/\/i0.wp.com\/www.hoymercedes.com.ar\/principal\/wp-content\/uploads\/2017\/10\/27-transito.jpg?resize=350%2C200&ssl=1 1x, https:\/\/i0.wp.com\/www.hoymercedes.com.ar\/principal\/wp-content\/uploads\/2017\/10\/27-transito.jpg?resize=525%2C300&ssl=1 1.5x"},"classes":[]},{"id":75790,"url":"https:\/\/www.hoymercedes.com.ar\/principal\/2018\/05\/15\/firma-de-convenio-y-agenda-de-trabajo-municipal-por-plan-de-seguridad-vial\/","url_meta":{"origin":79854,"position":2},"title":"Firma de convenio y agenda de trabajo municipal por &#8216;Plan de Seguridad Vial&#8217;","author":"hoymercedes","date":"15 mayo, 2018","format":false,"excerpt":"La Municipalidad de Mercedes, junto a la Secretar\u00eda de Seguridad, present\u00f3 el \u201cPlan Local de Seguridad Vial\". Adem\u00e1s, se efectu\u00f3 un llamado a la reflexi\u00f3n sobre la problem\u00e1tica que se vive por causas prevenibles que tienen relaci\u00f3n directa con la seguridad vial. Conjuntamente, se invit\u00f3 a la firma de un\u2026","rel":"","context":"En \u00abMunicipio\u00bb","block_context":{"text":"Municipio","link":"https:\/\/www.hoymercedes.com.ar\/principal\/category\/municipio\/"},"img":{"alt_text":"","src":"https:\/\/i0.wp.com\/www.hoymercedes.com.ar\/principal\/wp-content\/uploads\/2018\/05\/Seguridad-plan-6.jpg?resize=350%2C200&ssl=1","width":350,"height":200,"srcset":"https:\/\/i0.wp.com\/www.hoymercedes.com.ar\/principal\/wp-content\/uploads\/2018\/05\/Seguridad-plan-6.jpg?resize=350%2C200&ssl=1 1x, https:\/\/i0.wp.com\/www.hoymercedes.com.ar\/principal\/wp-content\/uploads\/2018\/05\/Seguridad-plan-6.jpg?resize=525%2C300&ssl=1 1.5x, https:\/\/i0.wp.com\/www.hoymercedes.com.ar\/principal\/wp-content\/uploads\/2018\/05\/Seguridad-plan-6.jpg?resize=700%2C400&ssl=1 2x"},"classes":[]},{"id":55125,"url":"https:\/\/www.hoymercedes.com.ar\/principal\/2016\/09\/25\/capacitacion-a-vecinos-para-obtener-la-licencia-de-conducir\/","url_meta":{"origin":79854,"position":3},"title":"Capacitaci\u00f3n a vecinos para obtener la licencia de conducir","author":"hoymercedes","date":"25 septiembre, 2016","format":false,"excerpt":"Por Prensa Municipal - En el marco del Plan local de Seguridad Vial, el Intendente Municipal Dr. Juan Ignacio Ustarroz, ha puesto como objetivo el control del tr\u00e1nsito en las calles de la ciudad, por un lado corroborando tanto los datos del rodado como del conductor del mismo, en una\u2026","rel":"","context":"En \u00abCiudad\u00bb","block_context":{"text":"Ciudad","link":"https:\/\/www.hoymercedes.com.ar\/principal\/category\/ciudad\/"},"img":{"alt_text":"","src":"https:\/\/i0.wp.com\/www.hoymercedes.com.ar\/principal\/wp-content\/uploads\/2016\/09\/25-clara-y-juani-editada.jpg?resize=350%2C200&ssl=1","width":350,"height":200},"classes":[]},{"id":143866,"url":"https:\/\/www.hoymercedes.com.ar\/principal\/2022\/02\/12\/licencia-en-tu-barrio-continua-despertando-gran-interes-en-la-ciudadania\/","url_meta":{"origin":79854,"position":4},"title":"\u201cLicencia en tu barrio\u201d contin\u00faa despertando gran inter\u00e9s en la ciudadan\u00eda","author":"hoymercedes","date":"12 febrero, 2022","format":false,"excerpt":"cia e Los programas de educaci\u00f3n y formaci\u00f3n en materia de seguridad vial contin\u00faan desarroll\u00e1ndose en distintos puntos de la ciudad. La Secretaria de Seguridad esta semana, adem\u00e1s de controles e intervenciones preventivas en avenidas y sectores claves, est\u00e1 concretando un nuevo ciclo de los cursos de \u201cLicencia en tu\u2026","rel":"","context":"En \u00abMunicipio\u00bb","block_context":{"text":"Municipio","link":"https:\/\/www.hoymercedes.com.ar\/principal\/category\/municipio\/"},"img":{"alt_text":"","src":"https:\/\/i0.wp.com\/www.hoymercedes.com.ar\/principal\/wp-content\/uploads\/2022\/02\/DSC03528.jpg?resize=350%2C200&ssl=1","width":350,"height":200,"srcset":"https:\/\/i0.wp.com\/www.hoymercedes.com.ar\/principal\/wp-content\/uploads\/2022\/02\/DSC03528.jpg?resize=350%2C200&ssl=1 1x, https:\/\/i0.wp.com\/www.hoymercedes.com.ar\/principal\/wp-content\/uploads\/2022\/02\/DSC03528.jpg?resize=525%2C300&ssl=1 1.5x, https:\/\/i0.wp.com\/www.hoymercedes.com.ar\/principal\/wp-content\/uploads\/2022\/02\/DSC03528.jpg?resize=700%2C400&ssl=1 2x"},"classes":[]},{"id":150649,"url":"https:\/\/www.hoymercedes.com.ar\/principal\/2022\/07\/12\/capacitacion-en-seguridad-vial-en-el-colegio-nacional\/","url_meta":{"origin":79854,"position":5},"title":"Capacitaci\u00f3n en seguridad vial en el Colegio Nacional","author":"hoymercedes","date":"12 julio, 2022","format":false,"excerpt":"Capacitaci\u00f3n en seguridad vial en las escuelas","rel":"","context":"En \u00abMunicipio\u00bb","block_context":{"text":"Municipio","link":"https:\/\/www.hoymercedes.com.ar\/principal\/category\/municipio\/"},"img":{"alt_text":"","src":"https:\/\/i0.wp.com\/www.hoymercedes.com.ar\/principal\/wp-content\/uploads\/2022\/07\/SeguridadVial-Escuelas.jpg?resize=350%2C200&ssl=1","width":350,"height":200,"srcset":"https:\/\/i0.wp.com\/www.hoymercedes.com.ar\/principal\/wp-content\/uploads\/2022\/07\/SeguridadVial-Escuelas.jpg?resize=350%2C200&ssl=1 1x, https:\/\/i0.wp.com\/www.hoymercedes.com.ar\/principal\/wp-content\/uploads\/2022\/07\/SeguridadVial-Escuelas.jpg?resize=525%2C300&ssl=1 1.5x, https:\/\/i0.wp.com\/www.hoymercedes.com.ar\/principal\/wp-content\/uploads\/2022\/07\/SeguridadVial-Escuelas.jpg?resize=700%2C400&ssl=1 2x"},"classes":[]}],"_links":{"self":[{"href":"https:\/\/www.hoymercedes.com.ar\/principal\/wp-json\/wp\/v2\/posts\/79854","targetHints":{"allow":["GET"]}}],"collection":[{"href":"https:\/\/www.hoymercedes.com.ar\/principal\/wp-json\/wp\/v2\/posts"}],"about":[{"href":"https:\/\/www.hoymercedes.com.ar\/principal\/wp-json\/wp\/v2\/types\/post"}],"author":[{"embeddable":true,"href":"https:\/\/www.hoymercedes.com.ar\/principal\/wp-json\/wp\/v2\/users\/1"}],"replies":[{"embeddable":true,"href":"https:\/\/www.hoymercedes.com.ar\/principal\/wp-json\/wp\/v2\/comments?post=79854"}],"version-history":[{"count":0,"href":"https:\/\/www.hoymercedes.com.ar\/principal\/wp-json\/wp\/v2\/posts\/79854\/revisions"}],"wp:featuredmedia":[{"embeddable":true,"href":"https:\/\/www.hoymercedes.com.ar\/principal\/wp-json\/wp\/v2\/media\/79855"}],"wp:attachment":[{"href":"https:\/\/www.hoymercedes.com.ar\/principal\/wp-json\/wp\/v2\/media?parent=79854"}],"wp:term":[{"taxonomy":"category","embeddable":true,"href":"https:\/\/www.hoymercedes.com.ar\/principal\/wp-json\/wp\/v2\/categories?post=79854"},{"taxonomy":"post_tag","embeddable":true,"href":"https:\/\/www.hoymercedes.com.ar\/principal\/wp-json\/wp\/v2\/tags?post=79854"}],"curies":[{"name":"wp","href":"https:\/\/api.w.org\/{rel}","templated":true}]}}