{"id":79863,"date":"2018-08-15T09:45:59","date_gmt":"2018-08-15T12:45:59","guid":{"rendered":"http:\/\/www.hoymercedes.com.ar\/principal\/?p=79863"},"modified":"2018-08-15T09:53:02","modified_gmt":"2018-08-15T12:53:02","slug":"desde-la-escuela-19-reclamaron-por-los-accesos","status":"publish","type":"post","link":"https:\/\/www.hoymercedes.com.ar\/principal\/2018\/08\/15\/desde-la-escuela-19-reclamaron-por-los-accesos\/","title":{"rendered":"Desde la escuela primaria 19 reclamaron por los accesos"},"content":{"rendered":"<p>Otra de las bancas participativas del pasado lunes fue de Natalia Ochoa, profesora de la Escuela de Educaci\u00f3n Primaria N\u00ba 19. \u201cVengo a exponer una problem\u00e1tica que se refiere a la educaci\u00f3n. Conformo y soy parte de la instituci\u00f3n educativa N\u00ba 19. Varias veces expusimos una problem\u00e1tica bastante complicada con respecto a los accesos de la escuela. En principio, la prolongaci\u00f3n de la calle 11 de la escuela hasta la ruta 5, hay dos kil\u00f3metros de tierra sin ning\u00fan mejorado, y luego, hay otra calle alternativa que es la 168, que fue arreglada por un privado y que las se\u00f1oritas de primaria y de jard\u00edn, toman como alternativa esa calle los d\u00edas de lluvia, ya que por la calle 11 no se puede ingresar\u201d.<\/p>\n<p>\u201cNosotros, los directivos, ya sea tanto del jard\u00edn como de la escuela, junto con los padres, venimos pidiendo hace rato que se d\u00e9 una soluci\u00f3n con respecto a estos dos accesos, ya sea con un mejoramiento de la calle 11, y un entoscado de dos cuadras de la calle 168. Las se\u00f1oritas son muy comprometidas con respecto a la educaci\u00f3n de los chicos, hacen todo lo posible para ingresar los d\u00edas de lluvia. Nosotros queremos una pronta soluci\u00f3n, en especial el da calle 168 ya que es un camino alternativo y es m\u00e1s cerca. Queremos un acceso para la comunidad educativa y para los vecinos de la zona\u201d, resalt\u00f3.<\/p>\n<p>En tanto, indic\u00f3 que \u201ccomo mama, como docente, exijo a los se\u00f1ores concejales, al presidente del HCD, al intendente, para que revean esta situaci\u00f3n, porque todos los chicos tienen derecho a una educaci\u00f3n, ya sea si vive en el centro, en las periferias o sea un chico de una instituci\u00f3n rural. Esto no debe ser un impedimento para un alumno que vive en el campo, siendo una problem\u00e1tica que se puede solucionar. Hay un proyecto sobre las bicisendas, que se hizo en varios establecimientos como en Altamira, la escuela 12 para estas situaciones en donde influye el clima. Me gustar\u00eda saber en qu\u00e9 estado esta ese proyecto ya que el otro d\u00eda se propuso nuevamente\u201d y agreg\u00f3 que \u201cser\u00eda bueno que se lleve a cabo y que lo aplicaran a esta instituci\u00f3n, como a otras escuelas con la misma problem\u00e1tica y se nota que no hay mantenimiento en los caminos rurales y se deber\u00eda rever esta situaci\u00f3n. Esto es lo que expongo y quisiera una pronta respuesta\u201d.<\/p>\n<p>Tras la exposici\u00f3n, el expediente pas\u00f3 a la comisi\u00f3n de Obras P\u00fablicas.<\/p>\n","protected":false},"excerpt":{"rendered":"<p>Otra de las bancas participativas del pasado lunes fue de Natalia Ochoa, profesora de la Escuela de Educaci\u00f3n Primaria N\u00ba &#8230; <a title=\"Desde la escuela primaria 19 reclamaron por los accesos\" class=\"read-more\" href=\"https:\/\/www.hoymercedes.com.ar\/principal\/2018\/08\/15\/desde-la-escuela-19-reclamaron-por-los-accesos\/\" aria-label=\"Leer m\u00e1s sobre Desde la escuela primaria 19 reclamaron por los accesos\">Leer m\u00e1s<\/a><\/p>\n","protected":false},"author":1,"featured_media":79837,"comment_status":"closed","ping_status":"open","sticky":false,"template":"","format":"standard","meta":{"_monsterinsights_skip_tracking":false,"_monsterinsights_sitenote_active":false,"_monsterinsights_sitenote_note":"","_monsterinsights_sitenote_category":0,"jetpack_post_was_ever_published":false,"_jetpack_newsletter_access":"","_jetpack_dont_email_post_to_subs":false,"_jetpack_newsletter_tier_id":0,"_jetpack_memberships_contains_paywalled_content":false,"_jetpack_memberships_contains_paid_content":false,"footnotes":"","jetpack_publicize_message":"","jetpack_publicize_feature_enabled":true,"jetpack_social_post_already_shared":true,"jetpack_social_options":{"image_generator_settings":{"template":"highway","default_image_id":0,"font":"","enabled":false},"version":2},"_wpas_customize_per_network":false},"categories":[23],"tags":[6372,5700,47,13605,15,5319],"class_list":["post-79863","post","type-post","status-publish","format-standard","has-post-thumbnail","hentry","category-educacion","tag-banca-participativa","tag-caminos-rurales","tag-educacion-2","tag-escuela-primaria-n-19","tag-hcd","tag-politica-2","generate-columns","tablet-grid-50","mobile-grid-100","grid-parent","grid-50"],"jetpack_publicize_connections":[],"jetpack_featured_media_url":"https:\/\/www.hoymercedes.com.ar\/principal\/wp-content\/uploads\/2018\/08\/14-banca-primaria-19.jpg","wps_subtitle":"Banca participativa en el HCD","jetpack_sharing_enabled":true,"jetpack-related-posts":[{"id":105753,"url":"https:\/\/www.hoymercedes.com.ar\/principal\/2020\/01\/30\/cierre-recreativo-en-las-escuelas-abiertas-de-verano\/","url_meta":{"origin":79863,"position":0},"title":"Cierre recreativo en las Escuelas Abiertas de Verano","author":"hoymercedes","date":"30 enero, 2020","format":false,"excerpt":"Por estas horas termina oficialmente el ciclo de Escuelas Abiertas de Verano de la provincia de Buenos Aires, el Consejo Escolar de Mercedes llev\u00f3 adelante un cierre con todos los chicos y chicas que asistieron a lo largo del mes en las instituciones educativas que estuvieron abiertas con el programa\u2026","rel":"","context":"En \u00abEducaci\u00f3n\u00bb","block_context":{"text":"Educaci\u00f3n","link":"https:\/\/www.hoymercedes.com.ar\/principal\/category\/educacion\/"},"img":{"alt_text":"","src":"https:\/\/i0.wp.com\/www.hoymercedes.com.ar\/principal\/wp-content\/uploads\/2020\/01\/30-esc-verano-1.jpg?resize=350%2C200&ssl=1","width":350,"height":200,"srcset":"https:\/\/i0.wp.com\/www.hoymercedes.com.ar\/principal\/wp-content\/uploads\/2020\/01\/30-esc-verano-1.jpg?resize=350%2C200&ssl=1 1x, https:\/\/i0.wp.com\/www.hoymercedes.com.ar\/principal\/wp-content\/uploads\/2020\/01\/30-esc-verano-1.jpg?resize=525%2C300&ssl=1 1.5x, https:\/\/i0.wp.com\/www.hoymercedes.com.ar\/principal\/wp-content\/uploads\/2020\/01\/30-esc-verano-1.jpg?resize=700%2C400&ssl=1 2x"},"classes":[]},{"id":101716,"url":"https:\/\/www.hoymercedes.com.ar\/principal\/2019\/10\/24\/policia-federal-efectua-donacion-a-escuela-n30\/","url_meta":{"origin":79863,"position":1},"title":"Polic\u00eda Federal efectua donaci\u00f3n a Escuela N\u00b030","author":"hoymercedes","date":"24 octubre, 2019","format":false,"excerpt":"Donaci\u00f3n Polic\u00eda Federal Personal de la Delegaci\u00f3n Mercedes de la Polic\u00eda Federal Argentina realiza nueva donaci\u00f3n a Escuela de Educaci\u00f3n Primaria N\u00b0 30 \u201cHip\u00f3lito Irigoyen\u201d. Entraga en escuela En la Escuela de Educaci\u00f3n Primaria N\u00b0 30 \u201cHip\u00f3lito Irigoyen\u201d ubicada en calle Nro. 55 N\u00b0 255, la cual es apadrinada por\u2026","rel":"","context":"En \u00abPolicial\u00bb","block_context":{"text":"Policial","link":"https:\/\/www.hoymercedes.com.ar\/principal\/category\/policial\/"},"img":{"alt_text":"","src":"https:\/\/i0.wp.com\/www.hoymercedes.com.ar\/principal\/wp-content\/uploads\/2019\/10\/PoliciaFederalDonacion.2.jpeg?resize=350%2C200&ssl=1","width":350,"height":200,"srcset":"https:\/\/i0.wp.com\/www.hoymercedes.com.ar\/principal\/wp-content\/uploads\/2019\/10\/PoliciaFederalDonacion.2.jpeg?resize=350%2C200&ssl=1 1x, https:\/\/i0.wp.com\/www.hoymercedes.com.ar\/principal\/wp-content\/uploads\/2019\/10\/PoliciaFederalDonacion.2.jpeg?resize=525%2C300&ssl=1 1.5x, https:\/\/i0.wp.com\/www.hoymercedes.com.ar\/principal\/wp-content\/uploads\/2019\/10\/PoliciaFederalDonacion.2.jpeg?resize=700%2C400&ssl=1 2x, https:\/\/i0.wp.com\/www.hoymercedes.com.ar\/principal\/wp-content\/uploads\/2019\/10\/PoliciaFederalDonacion.2.jpeg?resize=1050%2C600&ssl=1 3x"},"classes":[]},{"id":137078,"url":"https:\/\/www.hoymercedes.com.ar\/principal\/2021\/09\/11\/la-mesa-de-votacion-de-goldney-fue-trasladada-a-gowland\/","url_meta":{"origin":79863,"position":2},"title":"La mesa de votaci\u00f3n de Goldney fue trasladada a Gowland","author":"hoymercedes","date":"11 septiembre, 2021","format":false,"excerpt":"Desde la Secretar\u00eda Electoral del Juzgado Federal de La Plata, el Juez Ramos Padilla, notific\u00f3 este s\u00e1bado que trasladar\u00e1n varias mesas de votaci\u00f3n de distintas localidades de la provincia atento a que las condiciones clim\u00e1ticas podr\u00edan implicar dificultades para el acceso a los locales de votaci\u00f3n. En el Partido de\u2026","rel":"","context":"En \u00abPASO 2021\u00bb","block_context":{"text":"PASO 2021","link":"https:\/\/www.hoymercedes.com.ar\/principal\/category\/paso-2021\/"},"img":{"alt_text":"","src":"https:\/\/i0.wp.com\/www.hoymercedes.com.ar\/principal\/wp-content\/uploads\/2021\/09\/urna-20210803-1212982.jpg?resize=350%2C200&ssl=1","width":350,"height":200,"srcset":"https:\/\/i0.wp.com\/www.hoymercedes.com.ar\/principal\/wp-content\/uploads\/2021\/09\/urna-20210803-1212982.jpg?resize=350%2C200&ssl=1 1x, https:\/\/i0.wp.com\/www.hoymercedes.com.ar\/principal\/wp-content\/uploads\/2021\/09\/urna-20210803-1212982.jpg?resize=525%2C300&ssl=1 1.5x, https:\/\/i0.wp.com\/www.hoymercedes.com.ar\/principal\/wp-content\/uploads\/2021\/09\/urna-20210803-1212982.jpg?resize=700%2C400&ssl=1 2x"},"classes":[]},{"id":103346,"url":"https:\/\/www.hoymercedes.com.ar\/principal\/2019\/12\/03\/nueva-donacion-de-la-policia-federal-a-la-escuela-de-educacion-primaria-n30\/","url_meta":{"origin":79863,"position":3},"title":"Nueva donaci\u00f3n de la Polic\u00eda Federal a la Escuela de Educaci\u00f3n Primaria N\u00b030","author":"hoymercedes","date":"3 diciembre, 2019","format":false,"excerpt":"La Delegaci\u00f3n Mercedes de la Polic\u00eda Federal Argentina, realiz\u00f3 la semana pasada, una nueva donaci\u00f3n a la Escuela de Educaci\u00f3n Primaria N\u00b030 \u201cHip\u00f3lito Irigoyen\u201d ubicada en calle 55 N\u00b0 255 de la Ciudad de Mercedes. La Jefatura de la Delegaci\u00f3n Mercedes de P.F.A. y personal a su cargo, llevaron a\u2026","rel":"","context":"En \u00abSociedad\u00bb","block_context":{"text":"Sociedad","link":"https:\/\/www.hoymercedes.com.ar\/principal\/category\/sociedad\/"},"img":{"alt_text":"","src":"https:\/\/i0.wp.com\/www.hoymercedes.com.ar\/principal\/wp-content\/uploads\/2019\/12\/DonacionPolicia1.jpg?resize=350%2C200&ssl=1","width":350,"height":200,"srcset":"https:\/\/i0.wp.com\/www.hoymercedes.com.ar\/principal\/wp-content\/uploads\/2019\/12\/DonacionPolicia1.jpg?resize=350%2C200&ssl=1 1x, https:\/\/i0.wp.com\/www.hoymercedes.com.ar\/principal\/wp-content\/uploads\/2019\/12\/DonacionPolicia1.jpg?resize=525%2C300&ssl=1 1.5x, https:\/\/i0.wp.com\/www.hoymercedes.com.ar\/principal\/wp-content\/uploads\/2019\/12\/DonacionPolicia1.jpg?resize=700%2C400&ssl=1 2x"},"classes":[]},{"id":118469,"url":"https:\/\/www.hoymercedes.com.ar\/principal\/2020\/10\/13\/inscriben-para-escuelas-de-nivel-inicial-y-primaria-municipales\/","url_meta":{"origin":79863,"position":4},"title":"Inscriben para escuelas de nivel inicial y primaria  municipales","author":"Clarisa Altieri","date":"13 octubre, 2020","format":false,"excerpt":"Desde las escuelas municipales del nivel primario comenzaron con las inscripciones del ciclo lectivo 2021. Entre los \u00faltimos d\u00edas de octubre y los primeros d\u00edas de noviembre, los interesados pueden inscribirse para cursar en la pedagog\u00eda cr\u00edtica impulsada por el Instituto Themis Speroni de La Plata. La inscripci\u00f3n es presencial\u2026","rel":"","context":"En \u00abEducaci\u00f3n\u00bb","block_context":{"text":"Educaci\u00f3n","link":"https:\/\/www.hoymercedes.com.ar\/principal\/category\/educacion\/"},"img":{"alt_text":"","src":"https:\/\/i0.wp.com\/www.hoymercedes.com.ar\/principal\/wp-content\/uploads\/2020\/10\/13-esc-pampero.jpg?resize=350%2C200&ssl=1","width":350,"height":200,"srcset":"https:\/\/i0.wp.com\/www.hoymercedes.com.ar\/principal\/wp-content\/uploads\/2020\/10\/13-esc-pampero.jpg?resize=350%2C200&ssl=1 1x, https:\/\/i0.wp.com\/www.hoymercedes.com.ar\/principal\/wp-content\/uploads\/2020\/10\/13-esc-pampero.jpg?resize=525%2C300&ssl=1 1.5x, https:\/\/i0.wp.com\/www.hoymercedes.com.ar\/principal\/wp-content\/uploads\/2020\/10\/13-esc-pampero.jpg?resize=700%2C400&ssl=1 2x"},"classes":[]},{"id":115704,"url":"https:\/\/www.hoymercedes.com.ar\/principal\/2020\/08\/26\/arreglos-edilicios-en-escuelas-de-mercedes\/","url_meta":{"origin":79863,"position":5},"title":"Arreglos edilicios en escuelas de Mercedes","author":"hoymercedes","date":"26 agosto, 2020","format":false,"excerpt":"Desde el Consejo Escolar se aprovecha el momento en que no hay clases presenciales para arreglar los edificios educativos de la ciudad. El presidente del cuerpo de Consejeros, Jos\u00e9 Luis Pisano explic\u00f3 que los arreglos se hacen a trav\u00e9s del programa \"Escuelas a la Obra\" y el convenio concretado entre\u2026","rel":"","context":"En \u00abEducaci\u00f3n\u00bb","block_context":{"text":"Educaci\u00f3n","link":"https:\/\/www.hoymercedes.com.ar\/principal\/category\/educacion\/"},"img":{"alt_text":"","src":"https:\/\/i0.wp.com\/www.hoymercedes.com.ar\/principal\/wp-content\/uploads\/2020\/08\/118370401_10220916203327322_9078626397808662524_n.jpg?resize=350%2C200&ssl=1","width":350,"height":200,"srcset":"https:\/\/i0.wp.com\/www.hoymercedes.com.ar\/principal\/wp-content\/uploads\/2020\/08\/118370401_10220916203327322_9078626397808662524_n.jpg?resize=350%2C200&ssl=1 1x, https:\/\/i0.wp.com\/www.hoymercedes.com.ar\/principal\/wp-content\/uploads\/2020\/08\/118370401_10220916203327322_9078626397808662524_n.jpg?resize=525%2C300&ssl=1 1.5x, https:\/\/i0.wp.com\/www.hoymercedes.com.ar\/principal\/wp-content\/uploads\/2020\/08\/118370401_10220916203327322_9078626397808662524_n.jpg?resize=700%2C400&ssl=1 2x"},"classes":[]}],"_links":{"self":[{"href":"https:\/\/www.hoymercedes.com.ar\/principal\/wp-json\/wp\/v2\/posts\/79863","targetHints":{"allow":["GET"]}}],"collection":[{"href":"https:\/\/www.hoymercedes.com.ar\/principal\/wp-json\/wp\/v2\/posts"}],"about":[{"href":"https:\/\/www.hoymercedes.com.ar\/principal\/wp-json\/wp\/v2\/types\/post"}],"author":[{"embeddable":true,"href":"https:\/\/www.hoymercedes.com.ar\/principal\/wp-json\/wp\/v2\/users\/1"}],"replies":[{"embeddable":true,"href":"https:\/\/www.hoymercedes.com.ar\/principal\/wp-json\/wp\/v2\/comments?post=79863"}],"version-history":[{"count":0,"href":"https:\/\/www.hoymercedes.com.ar\/principal\/wp-json\/wp\/v2\/posts\/79863\/revisions"}],"wp:featuredmedia":[{"embeddable":true,"href":"https:\/\/www.hoymercedes.com.ar\/principal\/wp-json\/wp\/v2\/media\/79837"}],"wp:attachment":[{"href":"https:\/\/www.hoymercedes.com.ar\/principal\/wp-json\/wp\/v2\/media?parent=79863"}],"wp:term":[{"taxonomy":"category","embeddable":true,"href":"https:\/\/www.hoymercedes.com.ar\/principal\/wp-json\/wp\/v2\/categories?post=79863"},{"taxonomy":"post_tag","embeddable":true,"href":"https:\/\/www.hoymercedes.com.ar\/principal\/wp-json\/wp\/v2\/tags?post=79863"}],"curies":[{"name":"wp","href":"https:\/\/api.w.org\/{rel}","templated":true}]}}