{"id":79872,"date":"2018-08-15T12:34:22","date_gmt":"2018-08-15T15:34:22","guid":{"rendered":"http:\/\/www.hoymercedes.com.ar\/principal\/?p=79872"},"modified":"2018-08-15T10:14:48","modified_gmt":"2018-08-15T13:14:48","slug":"banco-provincia-advierte-sobre-estafas-en-su-nombre","status":"publish","type":"post","link":"https:\/\/www.hoymercedes.com.ar\/principal\/2018\/08\/15\/banco-provincia-advierte-sobre-estafas-en-su-nombre\/","title":{"rendered":"Banco Provincia advierte sobre estafas en su nombre"},"content":{"rendered":"<p>Desde el Banco Provincia est\u00e1n advirtiendo a sus clientes de una modalidad de estafa en nombre de la entidad bancaria. Recuerdan que el banco no solicita claves de acceso y\/o datos personales mediante correo electr\u00f3nico o llamados telef\u00f3nicos.<\/p>\n<p>A trav\u00e9s de una informaci\u00f3n oficial, el Banco Provincia advierte sobre \u00abalgunas acciones fraudulentas\u00bb que est\u00e1n sucediendo. Para no ser v\u00edctima del accionar fraudulento, la entidad bancaria advierte que \u00abest\u00e1n contactando a las personas por azar a trav\u00e9s de un llamado telef\u00f3nico, email, mensaje al celular o redes sociales, en donde se informa de la obtenci\u00f3n de un premio, un pr\u00e9stamo o una oferta laboral\u00bb.<\/p>\n<p>\u00abPara poder hacer efectiva la oferta se solicita que el cliente se acerque a un cajero autom\u00e1tico y habilite una Clave Bancaria \u00danica (CBU) de un tercero. Luego de ello, mediante varias instrucciones se pretender acceder a las credenciales de acceso a los canales electr\u00f3nicos y tarjetas de pago de la v\u00edctima\u00bb.<\/p>\n<p>Asimismo, el Banco aconseja no brindar ning\u00fan tipo de dato. \u00abLas credenciales de acceso son personales. No hay que asumir el riesgo de proporcionarlas a un tercero\u00bb. Adem\u00e1s expresa: \u00abNunca se debe habilitar la CBU de un tercero para recibir dinero. Si se debe recibir dinero se proporciona el CBU personal de quien recibir\u00e1 la transferencia\u00bb.<\/p>\n<p>Por \u00faltimo, advierten: \u00abSi reciben una oferta de este tipo, hay que informarla inmediatamente al Banco o enviar un correo electr\u00f3nico a seguridadbip@bpba.com.ar expresando y adjuntando la informaci\u00f3n de c\u00f3mo fue el hecho\u00bb.<\/p>\n<p>&nbsp;<\/p>\n<p>&nbsp;<\/p>\n","protected":false},"excerpt":{"rendered":"<p>Desde el Banco Provincia est\u00e1n advirtiendo a sus clientes de una modalidad de estafa en nombre de la entidad bancaria. &#8230; <a title=\"Banco Provincia advierte sobre estafas en su nombre\" class=\"read-more\" href=\"https:\/\/www.hoymercedes.com.ar\/principal\/2018\/08\/15\/banco-provincia-advierte-sobre-estafas-en-su-nombre\/\" aria-label=\"Leer m\u00e1s sobre Banco Provincia advierte sobre estafas en su nombre\">Leer m\u00e1s<\/a><\/p>\n","protected":false},"author":1,"featured_media":79873,"comment_status":"closed","ping_status":"open","sticky":false,"template":"","format":"standard","meta":{"_monsterinsights_skip_tracking":false,"_monsterinsights_sitenote_active":false,"_monsterinsights_sitenote_note":"","_monsterinsights_sitenote_category":0,"jetpack_post_was_ever_published":false,"_jetpack_newsletter_access":"","_jetpack_dont_email_post_to_subs":false,"_jetpack_newsletter_tier_id":0,"_jetpack_memberships_contains_paywalled_content":false,"_jetpack_memberships_contains_paid_content":false,"footnotes":"","jetpack_publicize_message":"","jetpack_publicize_feature_enabled":true,"jetpack_social_post_already_shared":true,"jetpack_social_options":{"image_generator_settings":{"template":"highway","default_image_id":0,"font":"","enabled":false},"version":2},"_wpas_customize_per_network":false},"categories":[8],"tags":[4503,13115,3457,1803,7802],"class_list":["post-79872","post","type-post","status-publish","format-standard","has-post-thumbnail","hentry","category-sociedad","tag-banco-provincia","tag-estafas","tag-policiales","tag-provincia","tag-sociedad","generate-columns","tablet-grid-50","mobile-grid-100","grid-parent","grid-50"],"jetpack_publicize_connections":[],"jetpack_featured_media_url":"https:\/\/www.hoymercedes.com.ar\/principal\/wp-content\/uploads\/2018\/08\/15-mesaje_concientizacion_clientes2.jpg","wps_subtitle":"Seguridad bancaria","jetpack_sharing_enabled":true,"jetpack-related-posts":[{"id":95799,"url":"https:\/\/www.hoymercedes.com.ar\/principal\/2019\/06\/28\/banco-provincia-advierte-ante-casos-de-phishing\/","url_meta":{"origin":79872,"position":0},"title":"Banco Provincia advierte ante casos de \u00abphishing\u00bb","author":"hoymercedes","date":"28 junio, 2019","format":false,"excerpt":"A sus clientes, el Banco Provincia advierte ante situaciones de \"phishing\" y recomienda estar atentos ante algunas situaciones fraudulentas detectadas por la entidad bancaria. \"Queremos informar c\u00f3mo deben actuar los clientes de manera que no sean v\u00edctimas de un enga\u00f1o o posible caso de phishing\", expresan en la comunicaci\u00f3n. \"Est\u00e1n\u2026","rel":"","context":"En \u00abSociedad\u00bb","block_context":{"text":"Sociedad","link":"https:\/\/www.hoymercedes.com.ar\/principal\/category\/sociedad\/"},"img":{"alt_text":"","src":"https:\/\/i0.wp.com\/www.hoymercedes.com.ar\/principal\/wp-content\/uploads\/2019\/06\/28-banco-provincia.jpg?resize=350%2C200&ssl=1","width":350,"height":200,"srcset":"https:\/\/i0.wp.com\/www.hoymercedes.com.ar\/principal\/wp-content\/uploads\/2019\/06\/28-banco-provincia.jpg?resize=350%2C200&ssl=1 1x, https:\/\/i0.wp.com\/www.hoymercedes.com.ar\/principal\/wp-content\/uploads\/2019\/06\/28-banco-provincia.jpg?resize=525%2C300&ssl=1 1.5x, https:\/\/i0.wp.com\/www.hoymercedes.com.ar\/principal\/wp-content\/uploads\/2019\/06\/28-banco-provincia.jpg?resize=700%2C400&ssl=1 2x"},"classes":[]},{"id":152811,"url":"https:\/\/www.hoymercedes.com.ar\/principal\/2022\/09\/10\/celebraron-los-200-anos-de-banco-provincia\/","url_meta":{"origin":79872,"position":1},"title":"Celebraron los 200 a\u00f1os de Banco Provincia","author":"hoymercedes","date":"10 septiembre, 2022","format":false,"excerpt":"Los empleados y jubilados de la sucursal de Mercedes del Banco Provincia celebraron el bicentenario de la entidad que oficialmente se festej\u00f3 en la sede central de La Plata el martes \u00faltimo.","rel":"","context":"En \u00abSociedad\u00bb","block_context":{"text":"Sociedad","link":"https:\/\/www.hoymercedes.com.ar\/principal\/category\/sociedad\/"},"img":{"alt_text":"","src":"https:\/\/i0.wp.com\/www.hoymercedes.com.ar\/principal\/wp-content\/uploads\/2022\/09\/DSC05538.jpg?resize=350%2C200&ssl=1","width":350,"height":200,"srcset":"https:\/\/i0.wp.com\/www.hoymercedes.com.ar\/principal\/wp-content\/uploads\/2022\/09\/DSC05538.jpg?resize=350%2C200&ssl=1 1x, https:\/\/i0.wp.com\/www.hoymercedes.com.ar\/principal\/wp-content\/uploads\/2022\/09\/DSC05538.jpg?resize=525%2C300&ssl=1 1.5x, https:\/\/i0.wp.com\/www.hoymercedes.com.ar\/principal\/wp-content\/uploads\/2022\/09\/DSC05538.jpg?resize=700%2C400&ssl=1 2x"},"classes":[]},{"id":78448,"url":"https:\/\/www.hoymercedes.com.ar\/principal\/2018\/07\/11\/relanzaron-programa-de-50-de-descuento-del-banco-provincia\/","url_meta":{"origin":79872,"position":2},"title":"Relanzaron programa de 50% de descuento del Banco Provincia","author":"hoymercedes","date":"11 julio, 2018","format":false,"excerpt":"Desde el Banco Provincia y la Gobernaci\u00f3n de la provincia de Buenos Aires relanzaron el programa de descuentos del 50%\u00a0 en supermercados para clientes del Banco Provincia, que comenzar\u00e1 el mi\u00e9rcoles 18 de este mes. Entre los clientes del banco se encuentran los trabajadores de la provincia que reciben su\u2026","rel":"","context":"En \u00abProvincia\u00bb","block_context":{"text":"Provincia","link":"https:\/\/www.hoymercedes.com.ar\/principal\/category\/provincia\/"},"img":{"alt_text":"","src":"https:\/\/i0.wp.com\/www.hoymercedes.com.ar\/principal\/wp-content\/uploads\/2018\/07\/11-Beneficio-Banco-Provincia_WEB.png?resize=350%2C200&ssl=1","width":350,"height":200,"srcset":"https:\/\/i0.wp.com\/www.hoymercedes.com.ar\/principal\/wp-content\/uploads\/2018\/07\/11-Beneficio-Banco-Provincia_WEB.png?resize=350%2C200&ssl=1 1x, https:\/\/i0.wp.com\/www.hoymercedes.com.ar\/principal\/wp-content\/uploads\/2018\/07\/11-Beneficio-Banco-Provincia_WEB.png?resize=525%2C300&ssl=1 1.5x"},"classes":[]},{"id":114558,"url":"https:\/\/www.hoymercedes.com.ar\/principal\/2020\/08\/04\/abogados-preocupados-por-el-atraso-en-transferencias-bancarias-judiciales\/","url_meta":{"origin":79872,"position":3},"title":"Abogados preocupados por el atraso en transferencias bancarias judiciales","author":"hoymercedes","date":"4 agosto, 2020","format":false,"excerpt":"El Colegio de Abogados del Departamento Judicial Mercedes manifiesta su preocupaci\u00f3n por el atraso del Banco de la Provincia de Buenos Aires (Sucursal Tribunales de Mercedes)\u00a0en las transferencias bancarias judiciales Desde que se decret\u00f3 el Aislamiento Social Preventivo y Obligatorio. por la emergencia sanitaria que atraviesa nuestra regi\u00f3n, las transferencias\u2026","rel":"","context":"En \u00abSociedad\u00bb","block_context":{"text":"Sociedad","link":"https:\/\/www.hoymercedes.com.ar\/principal\/category\/sociedad\/"},"img":{"alt_text":"","src":"https:\/\/i0.wp.com\/www.hoymercedes.com.ar\/principal\/wp-content\/uploads\/2019\/05\/Colegio-de-Abogados.png?resize=350%2C200&ssl=1","width":350,"height":200},"classes":[]},{"id":66956,"url":"https:\/\/www.hoymercedes.com.ar\/principal\/2017\/09\/09\/por-mas-cajeros-en-el-banco-provincia-hubo-audiencia-judicial-entre-las-partes\/","url_meta":{"origin":79872,"position":4},"title":"Por m\u00e1s cajeros en el Banco Provincia: Hubo audiencia judicial entre las partes","author":"hoymercedes","date":"9 septiembre, 2017","format":false,"excerpt":"Hace un tiempo que el ex Concejal Miguel Ver\u00f3n viene reclamando al Banco Provincia la descentralizaci\u00f3n de los cajeros autom\u00e1ticos de la entidad bancaria para mayor comodidad de los vecinos que perciben su salario por \u00e9ste. Su reclamo lleg\u00f3 a la Justicia a modo de amparo y el pasado mi\u00e9rcoles\u2026","rel":"","context":"En \u00abProvincia\u00bb","block_context":{"text":"Provincia","link":"https:\/\/www.hoymercedes.com.ar\/principal\/category\/provincia\/"},"img":{"alt_text":"","src":"https:\/\/i0.wp.com\/www.hoymercedes.com.ar\/principal\/wp-content\/uploads\/2017\/09\/09-miguel-veron.jpg?resize=350%2C200&ssl=1","width":350,"height":200,"srcset":"https:\/\/i0.wp.com\/www.hoymercedes.com.ar\/principal\/wp-content\/uploads\/2017\/09\/09-miguel-veron.jpg?resize=350%2C200&ssl=1 1x, https:\/\/i0.wp.com\/www.hoymercedes.com.ar\/principal\/wp-content\/uploads\/2017\/09\/09-miguel-veron.jpg?resize=525%2C300&ssl=1 1.5x"},"classes":[]},{"id":48558,"url":"https:\/\/www.hoymercedes.com.ar\/principal\/2016\/04\/06\/paro-en-banco-provincia\/","url_meta":{"origin":79872,"position":5},"title":"Paro en Banco Provincia","author":"hoymercedes","date":"6 abril, 2016","format":false,"excerpt":"Durante la jornada de este mi\u00e9rcoles, la sucursal de Mercedes del Banco Provincia estar\u00e1 cerrada en el marco del paro provincial organizado por La Bancaria. Promediando la ma\u00f1ana, los trabajadores y jubilados bancarios realizan asamblea para adentrarse en el reclamo. De acuerdo a lo informado, el gremio de bancarios esta\u2026","rel":"","context":"En \u00abSociedad\u00bb","block_context":{"text":"Sociedad","link":"https:\/\/www.hoymercedes.com.ar\/principal\/category\/sociedad\/"},"img":{"alt_text":"banco","src":"https:\/\/i0.wp.com\/www.hoymercedes.com.ar\/principal\/wp-content\/uploads\/2016\/04\/banco.jpg?resize=350%2C200","width":350,"height":200,"srcset":"https:\/\/i0.wp.com\/www.hoymercedes.com.ar\/principal\/wp-content\/uploads\/2016\/04\/banco.jpg?resize=350%2C200 1x, https:\/\/i0.wp.com\/www.hoymercedes.com.ar\/principal\/wp-content\/uploads\/2016\/04\/banco.jpg?resize=525%2C300 1.5x"},"classes":[]}],"_links":{"self":[{"href":"https:\/\/www.hoymercedes.com.ar\/principal\/wp-json\/wp\/v2\/posts\/79872","targetHints":{"allow":["GET"]}}],"collection":[{"href":"https:\/\/www.hoymercedes.com.ar\/principal\/wp-json\/wp\/v2\/posts"}],"about":[{"href":"https:\/\/www.hoymercedes.com.ar\/principal\/wp-json\/wp\/v2\/types\/post"}],"author":[{"embeddable":true,"href":"https:\/\/www.hoymercedes.com.ar\/principal\/wp-json\/wp\/v2\/users\/1"}],"replies":[{"embeddable":true,"href":"https:\/\/www.hoymercedes.com.ar\/principal\/wp-json\/wp\/v2\/comments?post=79872"}],"version-history":[{"count":0,"href":"https:\/\/www.hoymercedes.com.ar\/principal\/wp-json\/wp\/v2\/posts\/79872\/revisions"}],"wp:featuredmedia":[{"embeddable":true,"href":"https:\/\/www.hoymercedes.com.ar\/principal\/wp-json\/wp\/v2\/media\/79873"}],"wp:attachment":[{"href":"https:\/\/www.hoymercedes.com.ar\/principal\/wp-json\/wp\/v2\/media?parent=79872"}],"wp:term":[{"taxonomy":"category","embeddable":true,"href":"https:\/\/www.hoymercedes.com.ar\/principal\/wp-json\/wp\/v2\/categories?post=79872"},{"taxonomy":"post_tag","embeddable":true,"href":"https:\/\/www.hoymercedes.com.ar\/principal\/wp-json\/wp\/v2\/tags?post=79872"}],"curies":[{"name":"wp","href":"https:\/\/api.w.org\/{rel}","templated":true}]}}