{"id":79893,"date":"2018-08-15T20:56:25","date_gmt":"2018-08-15T23:56:25","guid":{"rendered":"http:\/\/www.hoymercedes.com.ar\/principal\/?p=79893"},"modified":"2018-08-15T20:56:25","modified_gmt":"2018-08-15T23:56:25","slug":"contra-el-tarifazo-se-realizo-nueva-movilizacion-en-mercedes","status":"publish","type":"post","link":"https:\/\/www.hoymercedes.com.ar\/principal\/2018\/08\/15\/contra-el-tarifazo-se-realizo-nueva-movilizacion-en-mercedes\/","title":{"rendered":"Contra el tarifazo se realiz\u00f3 nueva movilizaci\u00f3n en Mercedes"},"content":{"rendered":"<figure id=\"attachment_79895\" aria-describedby=\"caption-attachment-79895\" style=\"width: 620px\" class=\"wp-caption aligncenter\"><img loading=\"lazy\" decoding=\"async\" data-attachment-id=\"79895\" data-permalink=\"https:\/\/www.hoymercedes.com.ar\/principal\/2018\/08\/15\/contra-el-tarifazo-se-realizo-nueva-movilizacion-en-mercedes\/marcha-tarifazo-1\/#main\" data-orig-file=\"https:\/\/www.hoymercedes.com.ar\/principal\/wp-content\/uploads\/2018\/08\/Marcha-Tarifazo-1.jpg\" data-orig-size=\"730,485\" data-comments-opened=\"0\" data-image-meta=\"{&quot;aperture&quot;:&quot;3.8&quot;,&quot;credit&quot;:&quot;&quot;,&quot;camera&quot;:&quot;NIKON D3200&quot;,&quot;caption&quot;:&quot;&quot;,&quot;created_timestamp&quot;:&quot;1534359678&quot;,&quot;copyright&quot;:&quot;&quot;,&quot;focal_length&quot;:&quot;22&quot;,&quot;iso&quot;:&quot;2500&quot;,&quot;shutter_speed&quot;:&quot;0.016666666666667&quot;,&quot;title&quot;:&quot;&quot;,&quot;orientation&quot;:&quot;0&quot;}\" data-image-title=\"Marcha-Tarifazo (1)\" data-image-description=\"\" data-image-caption=\"&lt;p&gt;Marcha contra el tarifazo&lt;\/p&gt;\n\" data-large-file=\"https:\/\/www.hoymercedes.com.ar\/principal\/wp-content\/uploads\/2018\/08\/Marcha-Tarifazo-1.jpg\" class=\"size-medium wp-image-79895\" src=\"https:\/\/www.hoymercedes.com.ar\/principal\/wp-content\/uploads\/2018\/08\/Marcha-Tarifazo-1-630x419.jpg\" alt=\"\" width=\"630\" height=\"419\" srcset=\"https:\/\/www.hoymercedes.com.ar\/principal\/wp-content\/uploads\/2018\/08\/Marcha-Tarifazo-1-630x419.jpg 630w, https:\/\/www.hoymercedes.com.ar\/principal\/wp-content\/uploads\/2018\/08\/Marcha-Tarifazo-1-150x100.jpg 150w, https:\/\/www.hoymercedes.com.ar\/principal\/wp-content\/uploads\/2018\/08\/Marcha-Tarifazo-1.jpg 730w\" sizes=\"auto, (max-width: 630px) 100vw, 630px\" \/><figcaption id=\"caption-attachment-79895\" class=\"wp-caption-text\">Marcha contra el tarifazo<\/figcaption><\/figure>\n<p>Convocados por MADRe y distintos espacios institucionales y pol\u00edticos se volvi\u00f3 a reclamar en Mercedes contra el aumento sostenido de tarifas. Hubo movilizaci\u00f3n al comit\u00e9 de la UCR, marcha por el radio c\u00e9ntrico y encuentro en plaza San Mart\u00edn. Comerciantes acompa\u00f1aron a los manifestantes, siendo uno de los sectores m\u00e1s golpeados. Hubo varios oradores.\u00a0Vale recordar que el Defensor del Pueblo,\u00a0 Guido Lorenzino, rechaz\u00f3 el nuevo aumento del cuadro tarifario del servicio el\u00e9ctrico, al asegurar que \u201cjunto con las otras subas representan un combo fatal para la econom\u00eda de los bonaerenses\u201d.<\/p>\n<p><img loading=\"lazy\" decoding=\"async\" data-attachment-id=\"79894\" data-permalink=\"https:\/\/www.hoymercedes.com.ar\/principal\/2018\/08\/15\/contra-el-tarifazo-se-realizo-nueva-movilizacion-en-mercedes\/marcha-a-ucr-2\/#main\" data-orig-file=\"https:\/\/www.hoymercedes.com.ar\/principal\/wp-content\/uploads\/2018\/08\/marcha-a-UCR-2.jpeg\" data-orig-size=\"1040,780\" data-comments-opened=\"0\" data-image-meta=\"{&quot;aperture&quot;:&quot;0&quot;,&quot;credit&quot;:&quot;&quot;,&quot;camera&quot;:&quot;&quot;,&quot;caption&quot;:&quot;&quot;,&quot;created_timestamp&quot;:&quot;0&quot;,&quot;copyright&quot;:&quot;&quot;,&quot;focal_length&quot;:&quot;0&quot;,&quot;iso&quot;:&quot;0&quot;,&quot;shutter_speed&quot;:&quot;0&quot;,&quot;title&quot;:&quot;&quot;,&quot;orientation&quot;:&quot;0&quot;}\" data-image-title=\"marcha a UCR 2\" data-image-description=\"\" data-image-caption=\"\" data-large-file=\"https:\/\/www.hoymercedes.com.ar\/principal\/wp-content\/uploads\/2018\/08\/marcha-a-UCR-2-1024x768.jpeg\" class=\"aligncenter size-medium wp-image-79894\" src=\"https:\/\/www.hoymercedes.com.ar\/principal\/wp-content\/uploads\/2018\/08\/marcha-a-UCR-2-630x473.jpeg\" alt=\"\" width=\"630\" height=\"473\" srcset=\"https:\/\/www.hoymercedes.com.ar\/principal\/wp-content\/uploads\/2018\/08\/marcha-a-UCR-2-630x473.jpeg 630w, https:\/\/www.hoymercedes.com.ar\/principal\/wp-content\/uploads\/2018\/08\/marcha-a-UCR-2-150x113.jpeg 150w, https:\/\/www.hoymercedes.com.ar\/principal\/wp-content\/uploads\/2018\/08\/marcha-a-UCR-2-1024x768.jpeg 1024w, https:\/\/www.hoymercedes.com.ar\/principal\/wp-content\/uploads\/2018\/08\/marcha-a-UCR-2.jpeg 1040w\" sizes=\"auto, (max-width: 630px) 100vw, 630px\" \/><\/p>\n<p>La reuni\u00f3n tuvo como eje la convocatoria efectuada desde la multisectorial contra el ajuste, los despidos y la represi\u00f3n, donde participan sectores pol\u00edticos, instituciones, sindicatos, desempleados y vecinos. No es la primera vez que se efect\u00faa en Mercedes.<\/p>\n<p>Los distintos oradores expresaron variadas realidades, haciendo hincapi\u00e9 en que est\u00e1n llevando facturas de muchos valores, variados, pero todos altos. Un comerciante de calle 16 se supo est\u00e1 por pagar casi 30 mil en una de sus facturas. Club Velez, por ejemplo, m\u00e1s de 21 mil mientras que algunas familias fluct\u00faan desde 5 mil hasta 14 mil pesos de gas.<\/p>\n<p>La sorpresa fue que se decidi\u00f3 en la reuni\u00f3n de plaza San Mart\u00edn no s\u00f3lo movilizarse por el radio c\u00e9ntrico sino tambi\u00e9n ir hasta el comit\u00e9 de la Uni\u00f3n C\u00edvica Radical, que es parte del bloque Cambiemos.<\/p>\n<p>Se inform\u00f3 tambi\u00e9n que los distintos amparos presentados no han tenido respuesta positiva para los usuarios, pero que se continuar\u00e1 en esa l\u00ednea.<\/p>\n<figure id=\"attachment_79896\" aria-describedby=\"caption-attachment-79896\" style=\"width: 620px\" class=\"wp-caption aligncenter\"><img loading=\"lazy\" decoding=\"async\" data-attachment-id=\"79896\" data-permalink=\"https:\/\/www.hoymercedes.com.ar\/principal\/2018\/08\/15\/contra-el-tarifazo-se-realizo-nueva-movilizacion-en-mercedes\/marcha-tarifazo-2\/#main\" data-orig-file=\"https:\/\/www.hoymercedes.com.ar\/principal\/wp-content\/uploads\/2018\/08\/Marcha-Tarifazo-2.jpg\" data-orig-size=\"730,485\" data-comments-opened=\"0\" data-image-meta=\"{&quot;aperture&quot;:&quot;4.8&quot;,&quot;credit&quot;:&quot;&quot;,&quot;camera&quot;:&quot;NIKON D3200&quot;,&quot;caption&quot;:&quot;&quot;,&quot;created_timestamp&quot;:&quot;1534359451&quot;,&quot;copyright&quot;:&quot;&quot;,&quot;focal_length&quot;:&quot;36&quot;,&quot;iso&quot;:&quot;3200&quot;,&quot;shutter_speed&quot;:&quot;0.025&quot;,&quot;title&quot;:&quot;&quot;,&quot;orientation&quot;:&quot;0&quot;}\" data-image-title=\"Marcha-Tarifazo (2)\" data-image-description=\"\" data-image-caption=\"&lt;p&gt;Encuentro en Plaza San Mart\u00edn&lt;\/p&gt;\n\" data-large-file=\"https:\/\/www.hoymercedes.com.ar\/principal\/wp-content\/uploads\/2018\/08\/Marcha-Tarifazo-2.jpg\" class=\"size-medium wp-image-79896\" src=\"https:\/\/www.hoymercedes.com.ar\/principal\/wp-content\/uploads\/2018\/08\/Marcha-Tarifazo-2-630x419.jpg\" alt=\"\" width=\"630\" height=\"419\" srcset=\"https:\/\/www.hoymercedes.com.ar\/principal\/wp-content\/uploads\/2018\/08\/Marcha-Tarifazo-2-630x419.jpg 630w, https:\/\/www.hoymercedes.com.ar\/principal\/wp-content\/uploads\/2018\/08\/Marcha-Tarifazo-2-150x100.jpg 150w, https:\/\/www.hoymercedes.com.ar\/principal\/wp-content\/uploads\/2018\/08\/Marcha-Tarifazo-2.jpg 730w\" sizes=\"auto, (max-width: 630px) 100vw, 630px\" \/><figcaption id=\"caption-attachment-79896\" class=\"wp-caption-text\">Encuentro en Plaza San Mart\u00edn<\/figcaption><\/figure>\n<p>&nbsp;<\/p>\n","protected":false},"excerpt":{"rendered":"<p>Convocados por MADRe y distintos espacios institucionales y pol\u00edticos se volvi\u00f3 a reclamar en Mercedes contra el aumento sostenido de &#8230; <a title=\"Contra el tarifazo se realiz\u00f3 nueva movilizaci\u00f3n en Mercedes\" class=\"read-more\" href=\"https:\/\/www.hoymercedes.com.ar\/principal\/2018\/08\/15\/contra-el-tarifazo-se-realizo-nueva-movilizacion-en-mercedes\/\" aria-label=\"Leer m\u00e1s sobre Contra el tarifazo se realiz\u00f3 nueva movilizaci\u00f3n en Mercedes\">Leer m\u00e1s<\/a><\/p>\n","protected":false},"author":1,"featured_media":79894,"comment_status":"closed","ping_status":"open","sticky":false,"template":"","format":"standard","meta":{"_monsterinsights_skip_tracking":false,"_monsterinsights_sitenote_active":false,"_monsterinsights_sitenote_note":"","_monsterinsights_sitenote_category":0,"jetpack_post_was_ever_published":false,"_jetpack_newsletter_access":"","_jetpack_dont_email_post_to_subs":false,"_jetpack_newsletter_tier_id":0,"_jetpack_memberships_contains_paywalled_content":false,"_jetpack_memberships_contains_paid_content":false,"footnotes":"","jetpack_publicize_message":"","jetpack_publicize_feature_enabled":true,"jetpack_social_post_already_shared":true,"jetpack_social_options":{"image_generator_settings":{"template":"highway","default_image_id":0,"font":"","enabled":false},"version":2},"_wpas_customize_per_network":false},"categories":[8],"tags":[9490,408],"class_list":["post-79893","post","type-post","status-publish","format-standard","has-post-thumbnail","hentry","category-sociedad","tag-tarifazo","tag-ucr","generate-columns","tablet-grid-50","mobile-grid-100","grid-parent","grid-50"],"jetpack_publicize_connections":[],"jetpack_featured_media_url":"https:\/\/www.hoymercedes.com.ar\/principal\/wp-content\/uploads\/2018\/08\/marcha-a-UCR-2.jpeg","wps_subtitle":"Vecinos convocados ","jetpack_sharing_enabled":true,"jetpack-related-posts":[{"id":82087,"url":"https:\/\/www.hoymercedes.com.ar\/principal\/2018\/10\/06\/multitudinaria-marcha-por-las-calles-de-la-ciudad-contra-el-tarifazo\/","url_meta":{"origin":79893,"position":0},"title":"Multitudinaria marcha por las calles de la ciudad contra el Tarifazo","author":"hoymercedes","date":"6 octubre, 2018","format":false,"excerpt":"https:\/\/youtu.be\/uGdRPZfVwps Durante la tarde del viernes una multitud se congreg\u00f3 en Plaza San Mart\u00edn para decir basta a la pol\u00edtica de tarifazos del gobierno nacional. Se concret\u00f3 cuando se supo que la gobernadora Vidal autoriz\u00f3 nuevos aumentos y el presidente Macri benefici\u00f3 a las grandes empresas con una compensaci\u00f3n por\u2026","rel":"","context":"En \u00abSociedad\u00bb","block_context":{"text":"Sociedad","link":"https:\/\/www.hoymercedes.com.ar\/principal\/category\/sociedad\/"},"img":{"alt_text":"","src":"https:\/\/i0.wp.com\/www.hoymercedes.com.ar\/principal\/wp-content\/uploads\/2018\/10\/marcha-contra-tarifazoDSC_1612.jpg?resize=350%2C200&ssl=1","width":350,"height":200,"srcset":"https:\/\/i0.wp.com\/www.hoymercedes.com.ar\/principal\/wp-content\/uploads\/2018\/10\/marcha-contra-tarifazoDSC_1612.jpg?resize=350%2C200&ssl=1 1x, https:\/\/i0.wp.com\/www.hoymercedes.com.ar\/principal\/wp-content\/uploads\/2018\/10\/marcha-contra-tarifazoDSC_1612.jpg?resize=525%2C300&ssl=1 1.5x, https:\/\/i0.wp.com\/www.hoymercedes.com.ar\/principal\/wp-content\/uploads\/2018\/10\/marcha-contra-tarifazoDSC_1612.jpg?resize=700%2C400&ssl=1 2x"},"classes":[]},{"id":52515,"url":"https:\/\/www.hoymercedes.com.ar\/principal\/2016\/07\/14\/fuerte-movilizacion-en-mercedes-contra-el-tarifaz\/","url_meta":{"origin":79893,"position":1},"title":"Fuerte movilizaci\u00f3n en Mercedes contra el tarifazo","author":"hoymercedes","date":"14 julio, 2016","format":false,"excerpt":"Mercedes fue parte de las movilizaciones y marchas alrededor de todo el pa\u00eds contra el fuerte tarifazo impuesto por el gobierno de Mauricio Macri a nivel nacional y Mar\u00eda Eugenia Vidal a nivel provincial. Desde Plaza San Mart\u00edn se march\u00f3 por diversas calles de la ciudad. La actividad cumpli\u00f3 con\u2026","rel":"","context":"En \u00abSociedad\u00bb","block_context":{"text":"Sociedad","link":"https:\/\/www.hoymercedes.com.ar\/principal\/category\/sociedad\/"},"img":{"alt_text":"","src":"https:\/\/i0.wp.com\/www.hoymercedes.com.ar\/principal\/wp-content\/uploads\/2016\/07\/contratarifazo-mercedes.jpg?resize=350%2C200&ssl=1","width":350,"height":200,"srcset":"https:\/\/i0.wp.com\/www.hoymercedes.com.ar\/principal\/wp-content\/uploads\/2016\/07\/contratarifazo-mercedes.jpg?resize=350%2C200&ssl=1 1x, https:\/\/i0.wp.com\/www.hoymercedes.com.ar\/principal\/wp-content\/uploads\/2016\/07\/contratarifazo-mercedes.jpg?resize=525%2C300&ssl=1 1.5x, https:\/\/i0.wp.com\/www.hoymercedes.com.ar\/principal\/wp-content\/uploads\/2016\/07\/contratarifazo-mercedes.jpg?resize=700%2C400&ssl=1 2x"},"classes":[]},{"id":29325,"url":"https:\/\/www.hoymercedes.com.ar\/principal\/2014\/01\/16\/mercedinos-se-reunieron-para-reclamar-contra-tarifazo-del-57\/","url_meta":{"origin":79893,"position":2},"title":"Mercedinos se reunieron para reclamar contra tarifazo del 57","author":"hoymercedes","date":"16 enero, 2014","format":false,"excerpt":"En la tarde de \u00e9ste mi\u00e9rcoles se concret\u00f3 en Merceces el primer encuentro contra el tarifazo del 57. Se llev\u00f3 a cabo en el patio de Casa del Pueblo con una 40 personas presentes. Desde representantes partidarios a vecinos, desde j\u00f3venes del movimiento estudiantil a miembros de las agrupaciones movilizadas\u2026","rel":"","context":"En \u00abSociedad\u00bb","block_context":{"text":"Sociedad","link":"https:\/\/www.hoymercedes.com.ar\/principal\/category\/sociedad\/"},"img":{"alt_text":"Movilizaci\u00f3n57 (1)","src":"https:\/\/i0.wp.com\/www.hoymercedes.com.ar\/principal\/wp-content\/uploads\/2014\/01\/Movilizaci%C3%B3n57-1.jpg?resize=350%2C200","width":350,"height":200,"srcset":"https:\/\/i0.wp.com\/www.hoymercedes.com.ar\/principal\/wp-content\/uploads\/2014\/01\/Movilizaci%C3%B3n57-1.jpg?resize=350%2C200 1x, https:\/\/i0.wp.com\/www.hoymercedes.com.ar\/principal\/wp-content\/uploads\/2014\/01\/Movilizaci%C3%B3n57-1.jpg?resize=525%2C300 1.5x"},"classes":[]},{"id":29441,"url":"https:\/\/www.hoymercedes.com.ar\/principal\/2014\/01\/23\/usuario-del-57-se-manifestaron-en-plaza-san-martin\/","url_meta":{"origin":79893,"position":3},"title":"Usuarios del 57 se manifestaron en Plaza San Mart\u00edn","author":"hoymercedes","date":"23 enero, 2014","format":false,"excerpt":"Durante la tarde de \u00e9ste mi\u00e9rcoles se llev\u00f3 a cabo el encuentro en Plaza San Mart\u00edn con el objetivo de que la uni\u00f3n de usuarios y vecinos logre el tarifazo efectuado por la empresa 57 \u201cAtl\u00e1ntida\u201d sea retrotra\u00eddo o que se genere alg\u00fan mecanismo que permita el impacto en el\u2026","rel":"","context":"En \u00abSociedad\u00bb","block_context":{"text":"Sociedad","link":"https:\/\/www.hoymercedes.com.ar\/principal\/category\/sociedad\/"},"img":{"alt_text":"No57tarizadomercedes (2)","src":"https:\/\/i0.wp.com\/www.hoymercedes.com.ar\/principal\/wp-content\/uploads\/2014\/01\/No57tarizadomercedes-2.jpg?resize=350%2C200","width":350,"height":200,"srcset":"https:\/\/i0.wp.com\/www.hoymercedes.com.ar\/principal\/wp-content\/uploads\/2014\/01\/No57tarizadomercedes-2.jpg?resize=350%2C200 1x, https:\/\/i0.wp.com\/www.hoymercedes.com.ar\/principal\/wp-content\/uploads\/2014\/01\/No57tarizadomercedes-2.jpg?resize=525%2C300 1.5x"},"classes":[]},{"id":51331,"url":"https:\/\/www.hoymercedes.com.ar\/principal\/2016\/06\/15\/amparo-judicial-contra-el-tarifazo-y-movilizacion-de-vecinos-en-suipacha\/","url_meta":{"origin":79893,"position":4},"title":"Amparo judicial contra el tarifazo y movilizaci\u00f3n de vecinos en Suipacha","author":"hoymercedes","date":"15 junio, 2016","format":false,"excerpt":"La semana que pas\u00f3 permiti\u00f3 vivir un hecho hist\u00f3rico en la vecina localidad de Suipacha. Varios cientos de suipachenses decidieron ir a protestar frente a la Municipalidad de dicha localidad conducida por Alejandro Federico del Frente Cambiemos con el objetivo de dejar en claro su oposici\u00f3n al leonino aumento de\u2026","rel":"","context":"En \u00abSociedad\u00bb","block_context":{"text":"Sociedad","link":"https:\/\/www.hoymercedes.com.ar\/principal\/category\/sociedad\/"},"img":{"alt_text":"","src":"https:\/\/i0.wp.com\/www.hoymercedes.com.ar\/principal\/wp-content\/uploads\/2016\/06\/AntonioInsua.jpg?resize=350%2C200&ssl=1","width":350,"height":200},"classes":[]},{"id":85551,"url":"https:\/\/www.hoymercedes.com.ar\/principal\/2018\/12\/15\/fuerte-reclamo-contra-el-tarifazo-en-peaje-de-olivera-y-quita-de-beneficios\/","url_meta":{"origin":79893,"position":5},"title":"Fuerte reclamo contra el tarifazo en peaje de Olivera y quita de beneficios","author":"hoymercedes","date":"15 diciembre, 2018","format":false,"excerpt":"Gran movilizaci\u00f3n y corte\u00a0 El peaje de Olivera fue el escenario de una gran protesta y movilizaci\u00f3n durante la tarde de este viernes. All\u00ed se congreg\u00f3 el fuerte reclamo de la Mesa Sindical Mercedes, la Comisi\u00f3n de Vecinos contra el Peaje entre otras instituciones de Mercedes contra las pol\u00edticas del\u2026","rel":"","context":"En \u00abSociedad\u00bb","block_context":{"text":"Sociedad","link":"https:\/\/www.hoymercedes.com.ar\/principal\/category\/sociedad\/"},"img":{"alt_text":"","src":"https:\/\/i0.wp.com\/www.hoymercedes.com.ar\/principal\/wp-content\/uploads\/2018\/12\/Protesta-Peaje.jpeg?resize=350%2C200&ssl=1","width":350,"height":200,"srcset":"https:\/\/i0.wp.com\/www.hoymercedes.com.ar\/principal\/wp-content\/uploads\/2018\/12\/Protesta-Peaje.jpeg?resize=350%2C200&ssl=1 1x, https:\/\/i0.wp.com\/www.hoymercedes.com.ar\/principal\/wp-content\/uploads\/2018\/12\/Protesta-Peaje.jpeg?resize=525%2C300&ssl=1 1.5x, https:\/\/i0.wp.com\/www.hoymercedes.com.ar\/principal\/wp-content\/uploads\/2018\/12\/Protesta-Peaje.jpeg?resize=700%2C400&ssl=1 2x, https:\/\/i0.wp.com\/www.hoymercedes.com.ar\/principal\/wp-content\/uploads\/2018\/12\/Protesta-Peaje.jpeg?resize=1050%2C600&ssl=1 3x"},"classes":[]}],"_links":{"self":[{"href":"https:\/\/www.hoymercedes.com.ar\/principal\/wp-json\/wp\/v2\/posts\/79893","targetHints":{"allow":["GET"]}}],"collection":[{"href":"https:\/\/www.hoymercedes.com.ar\/principal\/wp-json\/wp\/v2\/posts"}],"about":[{"href":"https:\/\/www.hoymercedes.com.ar\/principal\/wp-json\/wp\/v2\/types\/post"}],"author":[{"embeddable":true,"href":"https:\/\/www.hoymercedes.com.ar\/principal\/wp-json\/wp\/v2\/users\/1"}],"replies":[{"embeddable":true,"href":"https:\/\/www.hoymercedes.com.ar\/principal\/wp-json\/wp\/v2\/comments?post=79893"}],"version-history":[{"count":0,"href":"https:\/\/www.hoymercedes.com.ar\/principal\/wp-json\/wp\/v2\/posts\/79893\/revisions"}],"wp:featuredmedia":[{"embeddable":true,"href":"https:\/\/www.hoymercedes.com.ar\/principal\/wp-json\/wp\/v2\/media\/79894"}],"wp:attachment":[{"href":"https:\/\/www.hoymercedes.com.ar\/principal\/wp-json\/wp\/v2\/media?parent=79893"}],"wp:term":[{"taxonomy":"category","embeddable":true,"href":"https:\/\/www.hoymercedes.com.ar\/principal\/wp-json\/wp\/v2\/categories?post=79893"},{"taxonomy":"post_tag","embeddable":true,"href":"https:\/\/www.hoymercedes.com.ar\/principal\/wp-json\/wp\/v2\/tags?post=79893"}],"curies":[{"name":"wp","href":"https:\/\/api.w.org\/{rel}","templated":true}]}}