{"id":7994,"date":"2011-10-05T23:57:16","date_gmt":"2011-10-05T23:57:16","guid":{"rendered":"http:\/\/www.hoymercedes.com.ar\/principal\/?p=7994"},"modified":"2011-10-05T23:57:16","modified_gmt":"2011-10-05T23:57:16","slug":"reportajes-en-rojo-y-blanco-hoy-fernando-moner","status":"publish","type":"post","link":"https:\/\/www.hoymercedes.com.ar\/principal\/2011\/10\/05\/reportajes-en-rojo-y-blanco-hoy-fernando-moner\/","title":{"rendered":"Reportajes en Rojo y Blanco: Hoy, Fernando Moner"},"content":{"rendered":"<p><span style=\"color: #003366;\"><strong>Por: El Cronista Quilme\u00f1o<\/strong><\/span><\/p>\n<figure id=\"attachment_7996\" aria-describedby=\"caption-attachment-7996\" style=\"width: 290px\" class=\"wp-caption alignleft\"><a href=\"https:\/\/www.hoymercedes.com.ar\/principal\/wp-content\/uploads\/2011\/10\/FernandoMoner.jpg\"><img loading=\"lazy\" decoding=\"async\" data-attachment-id=\"7996\" data-permalink=\"https:\/\/www.hoymercedes.com.ar\/principal\/2011\/10\/05\/reportajes-en-rojo-y-blanco-hoy-fernando-moner\/fernandomoner\/#main\" data-orig-file=\"https:\/\/www.hoymercedes.com.ar\/principal\/wp-content\/uploads\/2011\/10\/FernandoMoner.jpg\" data-orig-size=\"300,200\" data-comments-opened=\"1\" data-image-meta=\"{&quot;aperture&quot;:&quot;0&quot;,&quot;credit&quot;:&quot;&quot;,&quot;camera&quot;:&quot;&quot;,&quot;caption&quot;:&quot;&quot;,&quot;created_timestamp&quot;:&quot;0&quot;,&quot;copyright&quot;:&quot;&quot;,&quot;focal_length&quot;:&quot;0&quot;,&quot;iso&quot;:&quot;0&quot;,&quot;shutter_speed&quot;:&quot;0&quot;,&quot;title&quot;:&quot;&quot;}\" data-image-title=\"FernandoMoner\" data-image-description=\"&lt;p&gt;Fernando Moner (Foto: La Naci\u00f3n)&lt;\/p&gt;\n\" data-image-caption=\"&lt;p&gt;Fernando Moner (Foto: La Naci\u00f3n)&lt;\/p&gt;\n\" data-large-file=\"https:\/\/www.hoymercedes.com.ar\/principal\/wp-content\/uploads\/2011\/10\/FernandoMoner.jpg\" class=\"size-full wp-image-7996\" title=\"FernandoMoner\" src=\"https:\/\/www.hoymercedes.com.ar\/principal\/wp-content\/uploads\/2011\/10\/FernandoMoner.jpg\" alt=\"Fernando Moner (Foto: La Naci\u00f3n)\" width=\"300\" height=\"200\" \/><\/a><figcaption id=\"caption-attachment-7996\" class=\"wp-caption-text\">Fernando Moner (Foto: La Naci\u00f3n)<\/figcaption><\/figure>\n<p>Iniciamos una secci\u00f3n dedicada a actores del Club Quilmes y su Basquet. Veremos a dirigentes, jugadores, t\u00e9cnicos, hinchas y todos aquellos que hacen a la vida de la instituci\u00f3n. Para empezar charlamos hoy con Yulo Moner un conocido futbolista, mercedino hasta el carac\u00fa. Sino te parece mal. Primero vamos a hablar un poco de tu ni\u00f1ez y un breve raconto de tu pasado en el f\u00fatbol.<\/p>\n<p><strong>\u00bfCu\u00e1ndo naciste y en qu\u00e9 barrio?<\/strong><\/p>\n<p>Naci un 31 de diciembre de 1967, en Retiro, en el Hospital Ferroviario, debido a que mi viejo era empleado del ferrocarril.<\/p>\n<p><strong>\u00bfPor qu\u00e9 escuela pasaste y cu\u00e1ndo te fuiste de Mercedes para poder jugar?<\/strong><\/p>\n<p>Fui a la Escuela Normal en 1er grado, despu\u00e9s a la Escuela Nro1 hasta 6to grado, primer a\u00f1o en el Colegio Nacional, a los 14 a\u00f1os nos mudamos con nuestra familia a vivir a la ciudad de Tapiales (Pcia de Bs.As). Ah\u00ed me fui a probar al C.A.Hurac\u00e1n, qued\u00e9 seleccionado pero solo jugaba amistosos por no estar fichado, me entero que hab\u00eda prueba de jugadores en San Lorenzo y tambi\u00e9n qued\u00f3 seleccionado, con la diferencia que ah\u00ed me fichan r\u00e1pido, a partir de ese momento comienza mi carrera futbol\u00edstica en Capital.<\/p>\n<p><strong>Cont\u00e1nos por todos los clubes de f\u00fatbol que pasaste;<\/strong><\/p>\n<p>San Lorenzo de Almagro (1983-88) &#8211; Ana Yokohama (1988-91) &#8211; Atletico Madrid B (1991-93) &#8211; Yokohama Flugels (1993-94) &#8211; Atl\u00e9tico Tucum\u00e1n (1995-96) &#8211; C.A. Platense (1996-98) &#8211; C.A. Union de Santa Fe (1998-99) &#8211; C.A. Huracan (1999-2002) &#8211; Yokohama FC (2002-2003)<\/p>\n<p><strong>\u00bfCu\u00e1ntos a\u00f1os en Jap\u00f3n y qu\u00e9 aprendiste de ellos?<\/strong><\/p>\n<p>En total estuve 7 a\u00f1os y medio y de esa sociedad aprend\u00ed muchas cosas, por ejemplo el respeto hacia los dem\u00e1s, la organizacion, etc\u2026 desgraciadamente se hace dif\u00edcil trasladar lo que uno vivi\u00f3 o lo que siento a nuestra sociedad. Igualmente, d\u00eda a d\u00eda trato de que algunas cosas se puedan cumplir, no solo con mi familia, si no en el club o con los amigos.<\/p>\n<p><strong>\u00bfDesde cu\u00e1ndo te instalaste definitivamente en Mercedes y por qu\u00e9 elegiste hacerlo ac\u00e1?<\/strong><\/p>\n<p>Me pude radicar definitivamente aqu\u00ed entre fines del 2003 y principios del 2004, al dejar de ser jugador profesional. Eleg\u00ed Mercedes por varias razones, no creo que haya otro lugar mas lindo y m\u00e1s comodo que nuestra querida ciudad. A todo esto le agrego que mi se\u00f1ora, Maria Pia Merola, es mercedina y piensa lo mismo.<\/p>\n<p><strong>Has hecho mucho por un Deporte Solidario, \u00bfpor qu\u00e9? \u00bfqu\u00e9 te movi\u00f3 a eso?<\/strong><\/p>\n<p>El futbolista profesional est\u00e1 visto en nuestra sociedad como si fuera un ser extraterrestre. Por lo menos en mi ciudad yo siempre trat\u00e9 de que eso no fuera as\u00ed y a todos los chicos que fueron surgiendo; Biglia, Simionato, Malano, Silvestre, Culio, Minadevino, Lertora, etc.. les trate de hacer ver con hechos y no con palabras que no cuesta nada o muy poco ponerse al servicio de nuestro pueblo. Es asi que todos los a\u00f1os trate de organizar partidos a beneficio de alguna instituci\u00f3n mercedina. Ellos tambi\u00e9n se pudieron dar cuenta de que mucha gente los quer\u00eda felicitar o galardonar por sus logros alcanzados y se crea un clima muy lindo que ellos nunca hab\u00edan vivido.<\/p>\n<p><strong>Tu presente est\u00e1 ligado al Basquet del Club Atl\u00e9tico Quilmes, entonces\u2026<\/strong><\/p>\n<p><strong>\u00bfNos quer\u00e9s explicar c\u00f3mo se dio que un futbolista profesional se vinculara tanto a otro deporte c\u00f3mo vos lo hiciste? \u00bfqu\u00e9 lo motiv\u00f3?<\/strong><\/p>\n<p>Lo del club QUILMES se dio por lo que vi trabajar a Chiquito Repetto, un grande, la verdad es que nos ense\u00f1\u00f3 a muchos lo que era el trabajo para una sociedad. Es m\u00e1s lo que me da a m\u00ed el Club que lo que yo le doy. Lo de ser jugador profesional de futbol y que est\u00e9 en la Sub-Comisi\u00f3n de Basquet es por que tengo un hijo de 13 a\u00f1os que hace 3 a\u00f1os y medio que practica basquet, incentivado mas que nada por su padrino Walter Repetto, fue as\u00ed que me entusiasm\u00e9 a trabajar en forma conjunta con toda esa gente linda que hay en el club, especialmente por mi trato con Mina Repetto y Ricardo Bozzini.<\/p>\n<p>Si bien el Club Quilmes ven\u00eda haciendo desde hace a\u00f1os un trabajo destacado en lo basquetbol\u00edstico, tu presencia parece haber disparado una nueva etapa.<\/p>\n<p><strong>\u00bfEn qu\u00e9 se ven reflejado los avances actuales?<\/strong><\/p>\n<p>Cuando yo comenc\u00e9 a involucrarme en el club, hab\u00eda solo unos 75 chicos aproximadamente y a medida que se iba sumando gente y mejorando las condiciones del club, d\u00eda a d\u00eda se sumaban ni\u00f1os y j\u00f3venes. Hoy te puedo decir que estamos cerca de los \u00a1\u00a1200 chicos!!, r\u00e9cord para nuestro club. La meta nuestra es esa: no pensar en salir campeones, si no en alejar a m\u00e1s chicos de los vicios que hay hoy en nuestra sociedad.<\/p>\n<p><strong>Despu\u00e9s de mucho tiempo Quilmes se presenta en un Certamen de Ascenso de la Provincia de Buenos Aires. \u00bfqu\u00e9 expectativas hay con respecto a este proyecto?<\/strong><\/p>\n<p>Este es un proyecto nuevo, que lo tomamos con tranquilidad. No salimos a hipotecar el club para hacer contrataciones, de hecho solamente 2 jugadores de la liga de chivilcoy m\u00e1s el entrenador. Despu\u00e9s, son jugadores nuestros y de nuestra ciudad. Ese es el objetivo; que en Mercedes tengan la oportunidad de jugar en una Liga mas competitiva y los chicos de abajo se vean reflejados en su equipo de primera divisi\u00f3n. Es un proyecto a 3 a\u00f1os en un principio, pero vamos a ver mas adelante.<\/p>\n<p><strong>Viviste muchos a\u00f1os en una cultura oriental que planifica y organiza con anticipaci\u00f3n y pensando en futuras generaciones. \u00bfc\u00f3mo imagin\u00e1s el C.A.Quilmes dentro de unos a\u00f1os?<\/strong><\/p>\n<p>Al Club Quilmes me lo imagino con muchos m\u00e1s cambios en la parte edilicia, piso flotante, tinglado completo, medidas reglamentarias, etc&#8230; Pero lo mas importante para m\u00ed es lo que dije anteriormente, quisiera que el club explote de chicos y sacarlos a todos de las computadoras, los jueguitos electr\u00f3nicos, la droga, el alcohol, etc&#8230;<\/p>\n<p>VAMOS QUILMES &#8211; VAMOS MERCEDES. SALUDOS de FERNANDO MONER<\/p>\n","protected":false},"excerpt":{"rendered":"<p>Por: El Cronista Quilme\u00f1o Iniciamos una secci\u00f3n dedicada a actores del Club Quilmes y su Basquet. Veremos a dirigentes, jugadores, &#8230; <a title=\"Reportajes en Rojo y Blanco: Hoy, Fernando Moner\" class=\"read-more\" href=\"https:\/\/www.hoymercedes.com.ar\/principal\/2011\/10\/05\/reportajes-en-rojo-y-blanco-hoy-fernando-moner\/\" aria-label=\"Leer m\u00e1s sobre Reportajes en Rojo y Blanco: Hoy, Fernando Moner\">Leer m\u00e1s<\/a><\/p>\n","protected":false},"author":1,"featured_media":0,"comment_status":"open","ping_status":"open","sticky":false,"template":"","format":"standard","meta":{"_monsterinsights_skip_tracking":false,"_monsterinsights_sitenote_active":false,"_monsterinsights_sitenote_note":"","_monsterinsights_sitenote_category":0,"jetpack_post_was_ever_published":false,"_jetpack_newsletter_access":"","_jetpack_dont_email_post_to_subs":false,"_jetpack_newsletter_tier_id":0,"_jetpack_memberships_contains_paywalled_content":false,"_jetpack_memberships_contains_paid_content":false,"footnotes":"","jetpack_publicize_message":"","jetpack_publicize_feature_enabled":true,"jetpack_social_post_already_shared":false,"jetpack_social_options":{"image_generator_settings":{"template":"highway","default_image_id":0,"font":"","enabled":false},"version":2},"_wpas_customize_per_network":false},"categories":[1],"tags":[1412,1413],"class_list":["post-7994","post","type-post","status-publish","format-standard","hentry","category-opinion","tag-fernando-moner","tag-quilmes","generate-columns","tablet-grid-50","mobile-grid-100","grid-parent","grid-50"],"jetpack_publicize_connections":[],"jetpack_featured_media_url":"","wps_subtitle":"","jetpack_sharing_enabled":true,"_links":{"self":[{"href":"https:\/\/www.hoymercedes.com.ar\/principal\/wp-json\/wp\/v2\/posts\/7994","targetHints":{"allow":["GET"]}}],"collection":[{"href":"https:\/\/www.hoymercedes.com.ar\/principal\/wp-json\/wp\/v2\/posts"}],"about":[{"href":"https:\/\/www.hoymercedes.com.ar\/principal\/wp-json\/wp\/v2\/types\/post"}],"author":[{"embeddable":true,"href":"https:\/\/www.hoymercedes.com.ar\/principal\/wp-json\/wp\/v2\/users\/1"}],"replies":[{"embeddable":true,"href":"https:\/\/www.hoymercedes.com.ar\/principal\/wp-json\/wp\/v2\/comments?post=7994"}],"version-history":[{"count":0,"href":"https:\/\/www.hoymercedes.com.ar\/principal\/wp-json\/wp\/v2\/posts\/7994\/revisions"}],"wp:attachment":[{"href":"https:\/\/www.hoymercedes.com.ar\/principal\/wp-json\/wp\/v2\/media?parent=7994"}],"wp:term":[{"taxonomy":"category","embeddable":true,"href":"https:\/\/www.hoymercedes.com.ar\/principal\/wp-json\/wp\/v2\/categories?post=7994"},{"taxonomy":"post_tag","embeddable":true,"href":"https:\/\/www.hoymercedes.com.ar\/principal\/wp-json\/wp\/v2\/tags?post=7994"}],"curies":[{"name":"wp","href":"https:\/\/api.w.org\/{rel}","templated":true}]}}